{"id":61698,"date":"2025-11-17T11:23:49","date_gmt":"2025-11-17T09:23:49","guid":{"rendered":"https:\/\/edublog.educastur.es\/ixuxu\/?p=61698"},"modified":"2025-11-17T11:24:06","modified_gmt":"2025-11-17T09:24:06","slug":"la-ciuda-nel-mar-asoleyal-videoclip-de-lluminaria-raul-alonso-estrenase-como-realizador-audiovisual-con-esta-obra-que-ya-algamo-dos-nominaciones-en-festivales-desti-xeneru","status":"publish","type":"post","link":"https:\/\/edublog.educastur.es\/ixuxu\/2025\/11\/la-ciuda-nel-mar-asoleyal-videoclip-de-lluminaria-raul-alonso-estrenase-como-realizador-audiovisual-con-esta-obra-que-ya-algamo-dos-nominaciones-en-festivales-desti-xeneru\/","title":{"rendered":"La Ciud\u00e1 nel Mar asoleya\u2019l videoclip de \u2018Lluminaria\u2019"},"content":{"rendered":"<div class=\"elementor-element elementor-element-667e3c7 elementor-widget__width-inherit elementor-widget elementor-widget-theme-post-title elementor-page-title elementor-widget-heading\" data-id=\"667e3c7\" data-element_type=\"widget\" data-widget_type=\"theme-post-title.default\">\n<div class=\"elementor-widget-container\">\n<p class=\"elementor-heading-title elementor-size-default\">La Ciud\u00e1 nel Mar asoleya\u2019l videoclip de \u2018Lluminaria\u2019. Ra\u00fal Alonso estr\u00e9nase como realizador audiovisual con esta obra que y\u00e1 algam\u00f3 dos nominaciones en festivales d&#8217;esti x\u00e9neru. <a href=\"https:\/\/musicasturiana.com\/la-ciuda-nel-mar-asoleyal-videoclip-de-lluminaria\/?fbclid=IwY2xjawOHyFdleHRuA2FlbQIxMQBzcnRjBmFwcF9pZBAyMjIwMzkxNzg4MjAwODkyCGNhbGxzaXRlAjMwAAEe8lslK75frgYHmTUVzumDeCNcPDLaC4ATCl7N6_SZi--_7GXpqLLf3GrXiLM_aem_3g0t3ASK9savj-mpzXW97A\">Musicasturiana.com<\/a><\/p>\n<p style=\"text-align: center\">\n<!-- iframe plugin v.6.0 wordpress.org\/plugins\/iframe\/ -->\n<iframe loading=\"lazy\" width=\"655\" height=\"368\" src=\"https:\/\/www.youtube.com\/embed\/Ow93t1Ilsck\" title=\"La Ciud\u00e1 nel Mar - Lluminaria (Videoclip)\" frameborder=\"0\" allow=\"accelerometer; autoplay; clipboard-write; encrypted-media; gyroscope; picture-in-picture; web-share\" referrerpolicy=\"strict-origin-when-cross-origin\" 0=\"allowfullscreen\" 1=\"\/iframe\" scrolling=\"yes\" class=\"iframe-class\"><\/iframe>\n<\/p>\n<p><!--more--><\/p>\n<p>Pasaron dos selmanes dende que <strong>La Ciud\u00e1 nel Mar <\/strong>llanz\u00f3\u2019l so primer EP, <em><a href=\"https:\/\/open.spotify.com\/intl-es\/album\/4XXnqBNSc8X2Z60NWDmZk5?si=sI0wAkQeQrSOmEW7NNBp4Q\" target=\"_blank\" rel=\"noopener\">Lluminaria<\/a><\/em>, y el cuartetu <strong>folk-indie-canci\u00f3n d\u2019autora <\/strong>sigue dando novedaes. La \u00faltima ye l\u2019<strong>estrenu del videoclip<\/strong> del tema que da nome a esi trabayu \u2018Lluminaria\u2019, una obra fecha por <strong>Ra\u00fal Alonso<\/strong>, que s\u2019estrena como realizador audiovisual musical. Am\u00e1s el clip tuvo y\u00e1 <strong>dos nominaciones en festivales<\/strong>: nel II <em>Concursu de Videoclips grabaos nel mediu rural<\/em> del Mediu G\u00fceyu Festival y nel <em>VI Festival Internacional de Videoclips de Oviedo <\/em>(FIVO).<\/p>\n<p>\u00abEl trabayu surdi\u00f3 tres d\u2019una conversaci\u00f3n con Marina Pangua, la cantante de la banda. Ten\u00edemos dellos cantares posibles, pero a la fin escoyimos \u2018Lluminaria\u2019 porque <strong>ten\u00eda una lletra m\u00e1s visual y con una hestoria guapa de narrar audiovisualmente<\/strong>\u00ab, desplica Ra\u00fal Alonso sobre la creaci\u00f3n. Am\u00e1s, comenta que \u00abla inspiraci\u00f3n\u00bb foi <strong>colectiva ente banda y realizador<\/strong>: \u00abTrabayamos a comu\u00f1a pa crear un rellatu guapu y que caltuviera la esencia del cantar, buscando <strong>tresmitir esa sensaci\u00f3n de misteriu <\/strong>que tien la propia lletra\u00bb.<\/p>\n<p>Tami\u00e9n ye esti\u2019l primer videoclip que fai \u00abde manera \u00edntegra\u00bb esti escritor, xestor cultural periodista -collaborador de MUSICASTURIANA.COM y angua\u00f1o codirector del Semando Fest- y la so intenci\u00f3n \u00abye <strong>siguir faciendo m\u00e1s obres d\u2019esti tipu <\/strong>y dir ameyorando tanto la calid\u00e1 visual como la narraci\u00f3n de les hestories\u00bb.<\/p>\n<\/div>\n<\/div>\n<p style=\"text-align: center\">\n<!-- iframe plugin v.6.0 wordpress.org\/plugins\/iframe\/ -->\n<iframe data-testid=\"embed-iframe\" style=\"border-radius:12px\" src=\"https:\/\/open.spotify.com\/embed\/artist\/46l6qtNDfEf12MM40ZyqeE?utm_source=generator\" width=\"100%\" height=\"352\" frameborder=\"0\" allowfullscreen allow=\"autoplay; clipboard-write; encrypted-media; fullscreen; picture-in-picture\" loading=\"lazy\" 0=\"\/iframe\" scrolling=\"yes\" class=\"iframe-class\"><\/iframe>\n<\/p>\n","protected":false},"excerpt":{"rendered":"<p>La Ciud\u00e1 nel Mar asoleya\u2019l videoclip de \u2018Lluminaria\u2019. Ra\u00fal Alonso estr\u00e9nase como realizador audiovisual con esta obra que y\u00e1 algam\u00f3 dos nominaciones en festivales d&#8217;esti x\u00e9neru. Musicasturiana.com<\/p>\n","protected":false},"author":117,"featured_media":0,"comment_status":"closed","ping_status":"open","sticky":false,"template":"","format":"standard","meta":{"footnotes":""},"categories":[35,125],"tags":[],"class_list":["post-61698","post","type-post","status-publish","format-standard","hentry","category-musica","category-musicasturiana-com"],"_links":{"self":[{"href":"https:\/\/edublog.educastur.es\/ixuxu\/wp-json\/wp\/v2\/posts\/61698","targetHints":{"allow":["GET"]}}],"collection":[{"href":"https:\/\/edublog.educastur.es\/ixuxu\/wp-json\/wp\/v2\/posts"}],"about":[{"href":"https:\/\/edublog.educastur.es\/ixuxu\/wp-json\/wp\/v2\/types\/post"}],"author":[{"embeddable":true,"href":"https:\/\/edublog.educastur.es\/ixuxu\/wp-json\/wp\/v2\/users\/117"}],"replies":[{"embeddable":true,"href":"https:\/\/edublog.educastur.es\/ixuxu\/wp-json\/wp\/v2\/comments?post=61698"}],"version-history":[{"count":2,"href":"https:\/\/edublog.educastur.es\/ixuxu\/wp-json\/wp\/v2\/posts\/61698\/revisions"}],"predecessor-version":[{"id":61700,"href":"https:\/\/edublog.educastur.es\/ixuxu\/wp-json\/wp\/v2\/posts\/61698\/revisions\/61700"}],"wp:attachment":[{"href":"https:\/\/edublog.educastur.es\/ixuxu\/wp-json\/wp\/v2\/media?parent=61698"}],"wp:term":[{"taxonomy":"category","embeddable":true,"href":"https:\/\/edublog.educastur.es\/ixuxu\/wp-json\/wp\/v2\/categories?post=61698"},{"taxonomy":"post_tag","embeddable":true,"href":"https:\/\/edublog.educastur.es\/ixuxu\/wp-json\/wp\/v2\/tags?post=61698"}],"curies":[{"name":"wp","href":"https:\/\/api.w.org\/{rel}","templated":true}]}}