{"id":61705,"date":"2025-11-13T11:29:03","date_gmt":"2025-11-13T09:29:03","guid":{"rendered":"https:\/\/edublog.educastur.es\/ixuxu\/?p=61705"},"modified":"2025-11-17T11:31:12","modified_gmt":"2025-11-17T09:31:12","slug":"festivales-feries-ciclos-conciertos-y-alcuentros-y-seminarios-esti-fin-de-selmana","status":"publish","type":"post","link":"https:\/\/edublog.educastur.es\/ixuxu\/2025\/11\/festivales-feries-ciclos-conciertos-y-alcuentros-y-seminarios-esti-fin-de-selmana\/","title":{"rendered":"Festivales, feries, ciclos, conciertos y alcuentros y seminarios esti fin de selmana"},"content":{"rendered":"<div class=\"elementor-element elementor-element-667e3c7 elementor-widget__width-inherit elementor-widget elementor-widget-theme-post-title elementor-page-title elementor-widget-heading\" data-id=\"667e3c7\" data-element_type=\"widget\" data-widget_type=\"theme-post-title.default\">\n<div class=\"elementor-widget-container\">\n<p class=\"elementor-heading-title elementor-size-default\">Festivales, feries, ciclos, conciertos y alcuentros y seminarios esti fin de selmana. Hai doce cites cola m\u00fasica&#8217;l pa\u00eds en Carre\u00f1o, Samart\u00edn del Rei Aurelio, Siero, Xix\u00f3n, Ayande, Navia, Avil\u00e9s, Tapia, Grau, Uvi\u00e9u y Vald\u00e9s. Mu<a href=\"https:\/\/musicasturiana.com\/festivales-feries-ciclos-conciertos-y-alcuentros-y-seminarios-esti-fin-de-selmana\/\">sicasturiana.com<\/a><\/p>\n<p style=\"text-align: center\"><a href=\"https:\/\/musicasturiana.com\/wp-content\/uploads\/2025\/11\/axenda-recursu.jpg\"><img loading=\"lazy\" decoding=\"async\" class=\"aligncenter size-large\" src=\"https:\/\/musicasturiana.com\/wp-content\/uploads\/2025\/11\/axenda-recursu.jpg\" width=\"1200\" height=\"600\" \/><\/a><!--more--><\/p>\n<p>Arranca un fin de selmana que tien <strong>doce cites <\/strong>cola m\u00fasica\u2019l pa\u00eds. Dientro de los eventos ta\u2019l <strong><a href=\"https:\/\/musicasturiana.com\/candas-acueye-esti-fin-de-selmanal-iv-reguerada-fest-con-delles-actividaes-musicales\/\">Reguerada Fest<\/a><\/strong> con una programaci\u00f3n bayurosa; los festivales, ciclos y alcuentros <em><strong>Sonido, sabor y saber minero<\/strong><\/em> en Samart\u00edn del Rei Aurelio, <strong><a href=\"https:\/\/musicasturiana.com\/esti-vienres-torna-a-xixon-el-ciclu-de-folk-de-camara-igor-medio\/\">Ciclu Folk de C\u00e1mara \u00cdgor Medio<\/a><\/strong> en Xix\u00f3n,<a href=\"https:\/\/musicasturiana.com\/xuntanza-de-folclor-esti-vienres-en-siero-y-el-sabadu-naviles\/\"> <strong>Alcuentru Folcl\u00f3ricu de Siero<\/strong>, <strong>Caleyando<\/strong><\/a> n\u2019Avil\u00e9s<strong>, <a href=\"https:\/\/musicasturiana.com\/grau-acueye-esti-sabadu-15-una-edicion-nueva-de-la-seronda-en-danza\/\">Seronda en Danza<\/a><\/strong> en Grau y l\u2019Alcuentru con<strong> Carlos Velasco, Lorena Corripio y Marina Carbajosa<\/strong> -ganadores el pas\u00e1u a\u00f1u del Premiu Obdulia \u00c1lvarez \u00abLa Busdonga\u00bb d\u2019Asturianada- en Vald\u00e9s. Am\u00e1s d\u2019esto t\u00e1n los conciertos d\u2019<strong>Orquesta C\u00e9ltica Asturiana<\/strong> en Navia,<strong> La Ciud\u00e1 nel Mar <\/strong>en Tapia y <strong><a href=\"https:\/\/musicasturiana.com\/ochobre-presental-so-nuevu-album-con-un-conciertu-especial-enllenu-de-collaboraciones\/\">Ochobre <\/a><\/strong>n\u2019Uvi\u00e9u. La programaci\u00f3n compl\u00e9tase col<a href=\"https:\/\/musicasturiana.com\/la-fundacion-belenos-centra-nel-conceyu-dayande-la-proxima-edicion-del-seminariu-destudios-asturianos\/\"> <strong>XXV Seminariu d\u2019Estudios Asturianos<\/strong><\/a> n\u2019Ayande.<\/p>\n<p>Tola informaci\u00f3n pue vese nesta imaxe, na\u00a0<a href=\"https:\/\/musicasturiana.com\/axenda\/lista\/\">Axenda<\/a>\u00a0de musicasturiana.com y nes distintes noticies publicaes.<\/p>\n<p style=\"text-align: center\"><a href=\"https:\/\/musicasturiana.com\/wp-content\/uploads\/2025\/11\/AXENDA-noticia-14112025.jpg\"><img loading=\"lazy\" decoding=\"async\" class=\"aligncenter size-large\" src=\"https:\/\/musicasturiana.com\/wp-content\/uploads\/2025\/11\/AXENDA-noticia-14112025.jpg\" width=\"1200\" height=\"800\" \/><\/a><\/p>\n<\/div>\n<\/div>\n<p>&nbsp;<\/p>\n","protected":false},"excerpt":{"rendered":"<p>Festivales, feries, ciclos, conciertos y alcuentros y seminarios esti fin de selmana. Hai doce cites cola m\u00fasica&#8217;l pa\u00eds en Carre\u00f1o, Samart\u00edn del Rei Aurelio, Siero, Xix\u00f3n, Ayande, Navia, Avil\u00e9s, Tapia, Grau, Uvi\u00e9u y Vald\u00e9s. Musicasturiana.com<\/p>\n","protected":false},"author":117,"featured_media":0,"comment_status":"closed","ping_status":"open","sticky":false,"template":"","format":"standard","meta":{"footnotes":""},"categories":[35,125],"tags":[],"class_list":["post-61705","post","type-post","status-publish","format-standard","hentry","category-musica","category-musicasturiana-com"],"_links":{"self":[{"href":"https:\/\/edublog.educastur.es\/ixuxu\/wp-json\/wp\/v2\/posts\/61705","targetHints":{"allow":["GET"]}}],"collection":[{"href":"https:\/\/edublog.educastur.es\/ixuxu\/wp-json\/wp\/v2\/posts"}],"about":[{"href":"https:\/\/edublog.educastur.es\/ixuxu\/wp-json\/wp\/v2\/types\/post"}],"author":[{"embeddable":true,"href":"https:\/\/edublog.educastur.es\/ixuxu\/wp-json\/wp\/v2\/users\/117"}],"replies":[{"embeddable":true,"href":"https:\/\/edublog.educastur.es\/ixuxu\/wp-json\/wp\/v2\/comments?post=61705"}],"version-history":[{"count":1,"href":"https:\/\/edublog.educastur.es\/ixuxu\/wp-json\/wp\/v2\/posts\/61705\/revisions"}],"predecessor-version":[{"id":61706,"href":"https:\/\/edublog.educastur.es\/ixuxu\/wp-json\/wp\/v2\/posts\/61705\/revisions\/61706"}],"wp:attachment":[{"href":"https:\/\/edublog.educastur.es\/ixuxu\/wp-json\/wp\/v2\/media?parent=61705"}],"wp:term":[{"taxonomy":"category","embeddable":true,"href":"https:\/\/edublog.educastur.es\/ixuxu\/wp-json\/wp\/v2\/categories?post=61705"},{"taxonomy":"post_tag","embeddable":true,"href":"https:\/\/edublog.educastur.es\/ixuxu\/wp-json\/wp\/v2\/tags?post=61705"}],"curies":[{"name":"wp","href":"https:\/\/api.w.org\/{rel}","templated":true}]}}