{"id":61710,"date":"2025-11-17T08:40:19","date_gmt":"2025-11-17T06:40:19","guid":{"rendered":"https:\/\/edublog.educastur.es\/ixuxu\/?p=61710"},"modified":"2025-11-17T19:11:20","modified_gmt":"2025-11-17T17:11:20","slug":"estu-del-tiempu-llunes-17-de-payares-2025","status":"publish","type":"post","link":"https:\/\/edublog.educastur.es\/ixuxu\/2025\/11\/estu-del-tiempu-llunes-17-de-payares-2025\/","title":{"rendered":"Est\u00e1u del tiempu: llunes 17 de payares 2025"},"content":{"rendered":"<div class=\"html-div xdj266r x14z9mp xat24cr x1lziwak xexx8yu xyri2b x18d9i69 x1c1uobl\">\n<div class=\"html-div xdj266r x14z9mp x1lziwak x18d9i69 x1cy8zhl x78zum5 x1q0g3np xod5an3 xz9dl7a x1g0dm76 xpdmqnj\">\n<div class=\"html-div xdj266r x14z9mp xat24cr x1lziwak xexx8yu xyri2b x18d9i69 x1c1uobl x1iyjqo2 xeuugli\">\n<div class=\"x78zum5 xdt5ytf xz62fqu x16ldp7u\">\n<div class=\"xu06os2 x1ok221b\">\n<div class=\"html-div xdj266r x14z9mp xat24cr x1lziwak xexx8yu xyri2b x18d9i69 x1c1uobl\" data-ad-rendering-role=\"profile_name\">\n<ul>\n<li id=\"_r_2iq_\" class=\"html-h2 x14z9mp xat24cr x1lziwak xexx8yu xyri2b x18d9i69 x1c1uobl x1vvkbs x1heor9g x1qlqyl8 x1pd3egz x1a2a7pz x1gslohp x1yc453h\"><span class=\"x78zum5 x1q0g3np\"><span class=\"x1lliihq x6ikm8r x10wlt62 x1n2onr6 xlyipyv xuxw1ft\"><span class=\"xt0psk2\"><a class=\"x1i10hfl xjbqb8w x1ejq31n x18oe1m7 x1sy0etr xstzfhl x972fbf x10w94by x1qhh985 x14e42zd x9f619 x1ypdohk xt0psk2 x3ct3a4 xdj266r x14z9mp xat24cr x1lziwak xexx8yu xyri2b x18d9i69 x1c1uobl x16tdsg8 x1hl2dhg xggy1nq x1a2a7pz xkrqix3 x1sur9pj xzsf02u x1s688f\" role=\"link\" href=\"https:\/\/www.facebook.com\/eltiempuenasturies?__cft__[0]=AZVJoJJMLZh_vHrsuC-YTy5CwkMm7T-wOl5X_JEzz6iWbeX_nBaoFzqaa5F2V9J8N5Y0ZJkCWeCDO74S4c3dlo3amcyDn9lT5q2cEXXzHqvQ9YQbE3GrzcRIDyivwfq_uPEl-lI7t9l8woBMnApYEVIsjSjBdIDzTDeJquLcTF6ge8Tn309TQfjcVt2usC6rDaM&amp;__tn__=-UC%2CP-R\"><b class=\"html-b xdj266r x14z9mp xat24cr x1lziwak xexx8yu xyri2b x18d9i69 x1c1uobl x1hl2dhg x16tdsg8 x1vvkbs x1s688f\"><span class=\"html-span xdj266r x14z9mp xat24cr x1lziwak xexx8yu xyri2b x18d9i69 x1c1uobl x1hl2dhg x16tdsg8 x1vvkbs\">El Tiempu n&#8217;Asturies.<\/span><\/b><\/a><\/span><\/span><\/span><\/li>\n<\/ul>\n<\/div>\n<\/div>\n<\/div>\n<\/div>\n<\/div>\n<\/div>\n<div class=\"html-div xdj266r x14z9mp xat24cr x1lziwak xexx8yu xyri2b x18d9i69 x1c1uobl\">\n<div class=\"html-div xdj266r x14z9mp xat24cr x1lziwak xexx8yu xyri2b x18d9i69 x1c1uobl\" dir=\"auto\">\n<div class=\"html-div xdj266r x14z9mp xat24cr x1lziwak xexx8yu xyri2b x18d9i69 x1c1uobl\" data-ad-rendering-role=\"story_message\">\n<div id=\"_r_2is_\" class=\"x1l90r2v x1iorvi4 x1g0dm76 xpdmqnj\" data-ad-comet-preview=\"message\" data-ad-preview=\"message\">\n<div class=\"x78zum5 xdt5ytf xz62fqu x16ldp7u\">\n<div class=\"xu06os2 x1ok221b\">\n<div class=\"html-div xdj266r x14z9mp xat24cr x1lziwak xexx8yu xyri2b x18d9i69 x1c1uobl\">\n<div class=\"x14z9mp xat24cr x1lziwak x1vvkbs xtlvy1s x126k92a\">\n<ul>\n<li dir=\"auto\"><strong><span style=\"color: #008080\">Alborecemos<\/span> <\/strong>col cielu nuboso dempu\u00e9s d&#8217;una nueche de sobresaltos na comarca d&#8217;Avil\u00e9s por mor d&#8217;una tormenta est\u00e1tica que se cebo nesa fastera, descargando m\u00e1s de 100 l\/m2 en malpenes dos hores, situaci\u00f3n que nun foron a predecir los modelos meteorol\u00f3xicos y provocando munches incidencies esta pasada nueche. Agora paez que nun llueve y tenemos unes temperatures que tan alrodiu de los 11\u00baC, rexistr\u00e1ndose nel puirtu Payares 3,2\u00baC.<\/li>\n<\/ul>\n<\/div>\n<div class=\"x14z9mp xat24cr x1lziwak x1vvkbs xtlvy1s x126k92a\">\n<ul>\n<li dir=\"auto\"><strong><span style=\"color: #008080\">G\u00fcei<\/span><\/strong> vamos tener una ma\u00f1ana seliquina ente nubes ya claros o abancios pa dir aumentando la nubosid\u00e1 pela tarde cuando tendremos xarabatos, sobre too na fastera oriental, onde puen tener calter fuerte, nel restu sedr\u00e1n menos abondosos y m\u00e1s febles. Les temperatures en descensu y la nieve surdir\u00e1 perriba de los 1800m al escurecer. L&#8217;aire sedr\u00e1 de nord\u00e9s con dalguna racha moderada nel llitoral y zones espuestes.<\/li>\n<\/ul>\n<p><!--more--><\/p>\n<\/div>\n<div class=\"x14z9mp xat24cr x1lziwak x1vvkbs xtlvy1s x126k92a\">\n<ul>\n<li dir=\"auto\"><strong><span style=\"color: #008080\">Ma\u00f1ana martes<\/span><\/strong> va tar poco nuboso pela ma\u00f1ana y les temperatures m\u00ednimes descender\u00e1n moderadamente, mentandu les m\u00e1simes van camudar poco. Y\u00e1 de tarde dir\u00e1 n&#8217;aumentu la nubosid\u00e1 pa dexanos el d\u00eda nuble. L&#8217;aire sedr\u00e1 sele ya variable.<\/li>\n<\/ul>\n<\/div>\n<div class=\"x14z9mp xat24cr x1lziwak x1vvkbs xtlvy1s x126k92a\">\n<ul>\n<li dir=\"auto\"><strong><span style=\"color: #008080\">El mi\u00e9rcoles<\/span> <\/strong>mos llega una masa d&#8217;aire fr\u00edu pel norte que va desestabilizar abondu&#8217;l tiempu anque nun lo notaremos hasta pola tarde cuando entamar\u00e1 a llover y baxar les temperatures con una cota de nieve que rondar\u00e1 los 1500m anicialmente pa baxar al finar el d\u00eda sobre los 1100m.<\/li>\n<\/ul>\n<\/div>\n<div class=\"x14z9mp xat24cr x1lziwak x1vvkbs xtlvy1s x126k92a\">\n<ul>\n<li dir=\"auto\"><strong><span style=\"color: #008080\">El xueves<\/span> <\/strong>sedr\u00e1 un d\u00eda ivernal con xarabatos que nel llitoral vendr\u00e1n acompangaos de truena y xarazu, sobre too pela tarde cuando sedr\u00e1n m\u00e1s frecuentes y abondosos, am\u00e1s les temperatures descender\u00e1n bultablemente y la nieve surdir\u00e1 perriba de los 700-800m.<\/li>\n<li dir=\"auto\">Situaci\u00f3n que va estendese a<strong><span style=\"color: #008080\"> gran parte del vienres<\/span><\/strong>. Asina y too, los modelos meteorol\u00f3xicos esta ma\u00f1ana pegaron un bon recorte a esta situaci\u00f3n que pue camudar en les siguientes salides polo que tar atentos al pron\u00f3sticu.<\/li>\n<\/ul>\n<\/div>\n<\/div>\n<\/div>\n<\/div>\n<\/div>\n<\/div>\n<\/div>\n<\/div>\n<p>&nbsp;<\/p>\n","protected":false},"excerpt":{"rendered":"<p>El Tiempu n&#8217;Asturies. Alborecemos col cielu nuboso dempu\u00e9s d&#8217;una nueche de sobresaltos na comarca d&#8217;Avil\u00e9s por mor d&#8217;una tormenta est\u00e1tica que se cebo nesa fastera, descargando m\u00e1s de 100 l\/m2 en malpenes dos hores, situaci\u00f3n que nun foron a predecir los modelos meteorol\u00f3xicos y provocando munches incidencies esta pasada nueche. Agora paez que nun llueve [&hellip;]<\/p>\n","protected":false},"author":117,"featured_media":0,"comment_status":"closed","ping_status":"open","sticky":false,"template":"","format":"standard","meta":{"footnotes":""},"categories":[5],"tags":[],"class_list":["post-61710","post","type-post","status-publish","format-standard","hentry","category-tiempu"],"_links":{"self":[{"href":"https:\/\/edublog.educastur.es\/ixuxu\/wp-json\/wp\/v2\/posts\/61710","targetHints":{"allow":["GET"]}}],"collection":[{"href":"https:\/\/edublog.educastur.es\/ixuxu\/wp-json\/wp\/v2\/posts"}],"about":[{"href":"https:\/\/edublog.educastur.es\/ixuxu\/wp-json\/wp\/v2\/types\/post"}],"author":[{"embeddable":true,"href":"https:\/\/edublog.educastur.es\/ixuxu\/wp-json\/wp\/v2\/users\/117"}],"replies":[{"embeddable":true,"href":"https:\/\/edublog.educastur.es\/ixuxu\/wp-json\/wp\/v2\/comments?post=61710"}],"version-history":[{"count":3,"href":"https:\/\/edublog.educastur.es\/ixuxu\/wp-json\/wp\/v2\/posts\/61710\/revisions"}],"predecessor-version":[{"id":61713,"href":"https:\/\/edublog.educastur.es\/ixuxu\/wp-json\/wp\/v2\/posts\/61710\/revisions\/61713"}],"wp:attachment":[{"href":"https:\/\/edublog.educastur.es\/ixuxu\/wp-json\/wp\/v2\/media?parent=61710"}],"wp:term":[{"taxonomy":"category","embeddable":true,"href":"https:\/\/edublog.educastur.es\/ixuxu\/wp-json\/wp\/v2\/categories?post=61710"},{"taxonomy":"post_tag","embeddable":true,"href":"https:\/\/edublog.educastur.es\/ixuxu\/wp-json\/wp\/v2\/tags?post=61710"}],"curies":[{"name":"wp","href":"https:\/\/api.w.org\/{rel}","templated":true}]}}