{"id":61725,"date":"2025-11-16T09:05:30","date_gmt":"2025-11-16T07:05:30","guid":{"rendered":"https:\/\/edublog.educastur.es\/ixuxu\/?p=61725"},"modified":"2025-11-17T21:00:22","modified_gmt":"2025-11-17T19:00:22","slug":"dia-internacional-del-patrimoniu-mundial","status":"publish","type":"post","link":"https:\/\/edublog.educastur.es\/ixuxu\/2025\/11\/dia-internacional-del-patrimoniu-mundial\/","title":{"rendered":"D\u00eda Internacional del Patrimoniu Mundial"},"content":{"rendered":"<ul>\n<li><a href=\"https:\/\/www.instagram.com\/piedresnelcamin\">https:\/\/www.instagram.com\/piedresnelcamin<\/a><\/li>\n<\/ul>\n<p style=\"text-align: center\"><span class=\"x193iq5w xeuugli x13faqbe x1vvkbs xt0psk2 x1i0vuye xvs91rp xo1l8bm x5n08af x10wh9bi xpm28yp x8viiok x1o7cslx x126k92a\"><span class=\"html-span xexx8yu x4uap5 x18d9i69 xkhd6sd x1hl2dhg x16tdsg8 x1vvkbs x3nfvp2 x1j61x8r x1fcty0u xdj266r xat24cr xgzva0m xhhsvwb xxymvpz xlup9mm x1kky2od\">\n<!-- iframe plugin v.6.0 wordpress.org\/plugins\/iframe\/ -->\n<iframe loading=\"lazy\" src=\"https:\/\/www.instagram.com\/reel\/DRIGhppDNjz\/embed\" width=\"500\" height=\"625\" 0=\"\/iframe\" scrolling=\"yes\" class=\"iframe-class\" frameborder=\"0\"><\/iframe>\n<\/span><\/span><\/p>\n<p style=\"text-align: center\"><a href=\"https:\/\/es.wikipedia.org\/wiki\/Santa_Mar\u00eda_del_Naranco\">Santa Mar\u00eda del Naranco, n&#8217;Uvi\u00e9u<\/a><\/p>\n<p>El 16 de payares celebra&#8217;l D\u00eda Internacional del Patrimoniu Mundial, una fecha emblem\u00e1tica, na cual estableci\u00f3se un alcuerdu para la protecci\u00f3n, curi\u00e1u y preservaci\u00f3n de tolos sitios naturales y culturales qu&#8217;esisten sobro&#8217;l planeta.<\/p>\n<p><!--more--><\/p>\n<p style=\"text-align: center\"><a href=\"https:\/\/www.eea.csic.es\/wp-content\/uploads\/2024\/11\/Dia-Internacional-Patrimonio-1140x500.jpg\"><img loading=\"lazy\" decoding=\"async\" class=\"aligncenter size-large\" src=\"https:\/\/www.eea.csic.es\/wp-content\/uploads\/2024\/11\/Dia-Internacional-Patrimonio-1140x500.jpg\" width=\"1140\" height=\"500\" \/><\/a><\/p>\n<p><strong>El Patrimoniu Mundial<\/strong> constit\u00fai tolos bienes naturales y culturales qu&#8217;esisten nel mundu y que formen parte de la riqueza y l&#8217;heriedu de tola humanid\u00e1. D&#8217;ende la importancia del so cuidu, protecci\u00f3n y preservaci\u00f3n. Angua\u00f1o, munchos d&#8217;estos sitios at\u00f3pense en riesgu de sumir deb\u00edu al comportamientu irresponsable y depredador de los seres humanos.<\/p>\n<p style=\"text-align: center\">\n<!-- iframe plugin v.6.0 wordpress.org\/plugins\/iframe\/ -->\n<iframe loading=\"lazy\" width=\"666\" height=\"374\" src=\"https:\/\/www.youtube.com\/embed\/LJETZurSUsA\" title=\"UnidosXelPatrimonio - celebremos el patrimonio cultural y la diversidad\" frameborder=\"0\" allow=\"accelerometer; autoplay; clipboard-write; encrypted-media; gyroscope; picture-in-picture; web-share\" referrerpolicy=\"strict-origin-when-cross-origin\" 0=\"allowfullscreen\" 1=\"\/iframe\" scrolling=\"yes\" class=\"iframe-class\"><\/iframe>\n<\/p>\n<p>Gracies a la participaci\u00f3n de la UNESCO y el Conseyu Internacional de Monumentos y Sitios, p\u00fasose en marcha la ellaboraci\u00f3n d&#8217;un informe que&#8217;l so fin foi la protecci\u00f3n de too el patrimoniu natural y cultural de tola humanid\u00e1 tantu del presente como del futuru, pero la so concreci\u00f3n vendr\u00eda unos a\u00f1os dempu\u00e9s, cuando se redact\u00f3 un documentu que foi aprob\u00e1u na Conferencia Xeneral de la UNESCO llevada a cabu&#8217;l 16 de payares de 1972.<\/p>\n<p>Les <strong>Obres Maestres de Patrimoniu Oral ya Inmaterial de la Humanid\u00e1<\/strong> entienden toles espresiones vives y tradiciones que fueron un leg\u00e1u de los nuesos antepasaos y que tendr\u00eden de ser calten\u00edos por que sigan na memoria de les futures xeneraciones.<\/p>\n<p>Esti importante patrimoniu toma&#8217;l mundu de les artes, toles tradiciones orales, festividaes, costumes sociales, rituales, saberes y tou aquella conocencia que engrandezca la vida de los homes.<\/p>\n<p>Esto foi propuestu pola UNESCO nel a\u00f1u 1999 y que tami\u00e9n forma parte del Patrimoniu Mundial. Con ello, b\u00fascase tar preparaos para los nuevos desaf\u00edos que traviesa la raza humana como la sobre poblaci\u00f3n, el camb\u00e9u clim\u00e1ticu, l&#8217;urbanismu desenfren\u00e1u, desastres naturales, etc.<\/p>\n<p><span style=\"color: #008080\"><strong>Seg\u00fan la UNESCO&#8217;l patrimoniu mundial de la humanid\u00e1<\/strong> toma&#8217;l Patrimoniu Cultural, el Patrimoniu Natural y los Bienes Mistos, clasific\u00e1ndolos de la siguiente manera:<\/span><\/p>\n<ul>\n<li><span style=\"color: #008080\">Monumentos, ciudaes, paisaxes urbanos, pintures, escultures, llugares arqueol\u00f3xicos.<\/span><\/li>\n<li><span style=\"color: #008080\">Manifestaciones culturales de los pueblos como la m\u00fasica, la danza, fiestes tradicionales, artesan\u00eda, gastronom\u00eda, les distintes lling\u00fces. etc.<\/span><\/li>\n<li><span style=\"color: #008080\">Parques Nacionales, ecosistemes, glaciares, montes tropicales, cueves, petones coralinos, fauna y vexetaci\u00f3n, montes, etc.<\/span><\/li>\n<\/ul>\n<p><strong>Espa\u00f1a: Ocupa&#8217;l tercer llugar de la llista con 45 sitios.<\/strong> Dotada d&#8217;a\u00f1os d&#8217;hestoria y bagaxe cultural, el pa\u00eds ib\u00e9ricu cuenta con pimpanos palacios, mezquites, monesterios, seg\u00fan llugares naturales, unu d&#8217;ellos, les mundialmente conoc\u00edes Cueves d&#8217;Altamira.<\/p>\n<p>&nbsp;<\/p>\n","protected":false},"excerpt":{"rendered":"<p>https:\/\/www.instagram.com\/piedresnelcamin Santa Mar\u00eda del Naranco, n&#8217;Uvi\u00e9u El 16 de payares celebra&#8217;l D\u00eda Internacional del Patrimoniu Mundial, una fecha emblem\u00e1tica, na cual estableci\u00f3se un alcuerdu para la protecci\u00f3n, curi\u00e1u y preservaci\u00f3n de tolos sitios naturales y culturales qu&#8217;esisten sobro&#8217;l planeta.<\/p>\n","protected":false},"author":117,"featured_media":0,"comment_status":"closed","ping_status":"open","sticky":false,"template":"","format":"standard","meta":{"footnotes":""},"categories":[6,370],"tags":[],"class_list":["post-61725","post","type-post","status-publish","format-standard","hentry","category-dia-de","category-patrimoniu-inmaterial"],"_links":{"self":[{"href":"https:\/\/edublog.educastur.es\/ixuxu\/wp-json\/wp\/v2\/posts\/61725","targetHints":{"allow":["GET"]}}],"collection":[{"href":"https:\/\/edublog.educastur.es\/ixuxu\/wp-json\/wp\/v2\/posts"}],"about":[{"href":"https:\/\/edublog.educastur.es\/ixuxu\/wp-json\/wp\/v2\/types\/post"}],"author":[{"embeddable":true,"href":"https:\/\/edublog.educastur.es\/ixuxu\/wp-json\/wp\/v2\/users\/117"}],"replies":[{"embeddable":true,"href":"https:\/\/edublog.educastur.es\/ixuxu\/wp-json\/wp\/v2\/comments?post=61725"}],"version-history":[{"count":6,"href":"https:\/\/edublog.educastur.es\/ixuxu\/wp-json\/wp\/v2\/posts\/61725\/revisions"}],"predecessor-version":[{"id":61732,"href":"https:\/\/edublog.educastur.es\/ixuxu\/wp-json\/wp\/v2\/posts\/61725\/revisions\/61732"}],"wp:attachment":[{"href":"https:\/\/edublog.educastur.es\/ixuxu\/wp-json\/wp\/v2\/media?parent=61725"}],"wp:term":[{"taxonomy":"category","embeddable":true,"href":"https:\/\/edublog.educastur.es\/ixuxu\/wp-json\/wp\/v2\/categories?post=61725"},{"taxonomy":"post_tag","embeddable":true,"href":"https:\/\/edublog.educastur.es\/ixuxu\/wp-json\/wp\/v2\/tags?post=61725"}],"curies":[{"name":"wp","href":"https:\/\/api.w.org\/{rel}","templated":true}]}}