{"id":61734,"date":"2025-11-17T09:00:49","date_gmt":"2025-11-17T07:00:49","guid":{"rendered":"https:\/\/edublog.educastur.es\/ixuxu\/?p=61734"},"modified":"2025-11-17T21:09:33","modified_gmt":"2025-11-17T19:09:33","slug":"dia-internacional-del-estudiante","status":"publish","type":"post","link":"https:\/\/edublog.educastur.es\/ixuxu\/2025\/11\/dia-internacional-del-estudiante\/","title":{"rendered":"D\u00eda Internacional del Estudiante"},"content":{"rendered":"<div class=\"html-div xdj266r x14z9mp xat24cr x1lziwak xexx8yu x1a8lsjc xf7dkkf xv54qhq\">\n<div class=\"html-div xdj266r x14z9mp xat24cr x1lziwak xexx8yu xyri2b x18d9i69 x1c1uobl x1jx94hy x78zum5 x1q0g3np\">\n<div class=\"x78zum5 xdt5ytf xz62fqu x16ldp7u\">\n<div class=\"xu06os2 x1ok221b\">\n<div class=\"html-div xdj266r x14z9mp xat24cr x1lziwak xexx8yu xyri2b x18d9i69 x1c1uobl\" data-ad-rendering-role=\"profile_name\">\n<ul>\n<li class=\"html-h3 x14z9mp xat24cr x1lziwak xexx8yu xyri2b x18d9i69 x1c1uobl x1vvkbs x1heor9g x1qlqyl8 x1pd3egz x1a2a7pz x1gslohp x1yc453h\"><span class=\"x1lliihq x6ikm8r x10wlt62 x1n2onr6\"><span class=\"xt0psk2\"><a class=\"x1i10hfl xjbqb8w x1ejq31n x18oe1m7 x1sy0etr xstzfhl x972fbf x10w94by x1qhh985 x14e42zd x9f619 x1ypdohk xt0psk2 x3ct3a4 xdj266r x14z9mp xat24cr x1lziwak xexx8yu xyri2b x18d9i69 x1c1uobl x16tdsg8 x1hl2dhg xggy1nq x1a2a7pz xkrqix3 x1sur9pj xzsf02u x1s688f\" role=\"link\" href=\"https:\/\/www.facebook.com\/educastur?__cft__[0]=AZVZoUq1LdVGCxoHcS30jL8wpXD81-7v_7AVvgufnGpVDLFCdyY_wIBiyyi7nKHS7PjA78Z7I1X_0C8vu2l20Xj9tiVmTI76KrVGFvO68oi5aMGM5KFCM8sHpMyOFnulwpl3rCI93pdjEOyiinsF1LQ4y2YPGi5ZcjfIaGrem5ejIDJsNYFCe0A4nRJM9S8ySDsihkPRt1zc2Mypu-_VG-_N&amp;__tn__=-UC%2CP-y-R\"><b class=\"html-b xdj266r x14z9mp xat24cr x1lziwak xexx8yu xyri2b x18d9i69 x1c1uobl x1hl2dhg x16tdsg8 x1vvkbs x1s688f\"><span class=\"html-span xdj266r x14z9mp xat24cr x1lziwak xexx8yu xyri2b x18d9i69 x1c1uobl x1hl2dhg x16tdsg8 x1vvkbs\">Conseyer\u00eda d&#8217;Educaci\u00f3n del Princip\u00e1u<\/span><\/b><\/a><\/span><\/span><\/li>\n<\/ul>\n<\/div>\n<\/div>\n<div class=\"xu06os2 x1ok221b\">\n<div class=\"html-div xdj266r x14z9mp xat24cr x1lziwak xexx8yu xyri2b x18d9i69 x1c1uobl x6s0dn4 x17zd0t2 x78zum5 x1q0g3np x1a02dak\"><\/div>\n<\/div>\n<\/div>\n<\/div>\n<\/div>\n<div class=\"html-div xdj266r x14z9mp xat24cr x1lziwak xexx8yu xyri2b x18d9i69 x1c1uobl\" dir=\"auto\">\n<div class=\"html-div xdj266r x14z9mp xat24cr x1lziwak xexx8yu xyri2b x18d9i69 x1c1uobl\" dir=\"auto\">\n<div class=\"html-div xdj266r x14z9mp xat24cr x1lziwak xexx8yu xyri2b x18d9i69 x1c1uobl\" data-ad-rendering-role=\"story_message\">\n<div class=\"x1l90r2v x1iorvi4 x1g0dm76 xpdmqnj\" data-ad-comet-preview=\"message\" data-ad-preview=\"message\">\n<div class=\"x78zum5 xdt5ytf xz62fqu x16ldp7u\">\n<div class=\"xu06os2 x1ok221b\">\n<div class=\"html-div xdj266r x14z9mp xat24cr x1lziwak xexx8yu xyri2b x18d9i69 x1c1uobl\">\n<div class=\"xdj266r x14z9mp xat24cr x1lziwak x1vvkbs x126k92a\">\n<div dir=\"auto\"><span class=\"html-span xexx8yu xyri2b x18d9i69 x1c1uobl x1hl2dhg x16tdsg8 x1vvkbs x3nfvp2 x1j61x8r x1fcty0u xdj266r xat24cr xm2jcoa x1mpyi22 xxymvpz xlup9mm x1kky2od\"><img loading=\"lazy\" decoding=\"async\" class=\"xz74otr x15mokao x1ga7v0g x16uus16 xbiv7yw\" src=\"https:\/\/static.xx.fbcdn.net\/images\/emoji.php\/v9\/t76\/1\/16\/1f469_1f3fb_200d_1f393.png\" alt=\"\ud83d\udc69\ud83c\udffb\u200d\ud83c\udf93\" width=\"16\" height=\"16\" \/><\/span><span class=\"html-span xexx8yu xyri2b x18d9i69 x1c1uobl x1hl2dhg x16tdsg8 x1vvkbs x3nfvp2 x1j61x8r x1fcty0u xdj266r xat24cr xm2jcoa x1mpyi22 xxymvpz xlup9mm x1kky2od\"><img loading=\"lazy\" decoding=\"async\" class=\"xz74otr x15mokao x1ga7v0g x16uus16 xbiv7yw\" src=\"https:\/\/static.xx.fbcdn.net\/images\/emoji.php\/v9\/td7\/1\/16\/1f468_1f3fb_200d_1f393.png\" alt=\"\ud83d\udc68\ud83c\udffb\u200d\ud83c\udf93\" width=\"16\" height=\"16\" \/><\/span>\u00a0 Dende la Conseyer\u00eda d&#8217;Educaci\u00f3n queremos reconocer l&#8217;esfuerzu y la dedicaci\u00f3n diaria de los m\u00e1s de 118.000 d&#8217;alumnos y alumnes matriculaos nel presente curso escolar n&#8217;Asturies. La educaci\u00f3n ye la ferramienta m\u00e1s poderoso para tresformar el mundu. \u00a1Feliz D\u00eda del Estudiante!<\/div>\n<div dir=\"auto\"><\/div>\n<div dir=\"auto\" style=\"text-align: center\">\n<!-- iframe plugin v.6.0 wordpress.org\/plugins\/iframe\/ -->\n<iframe loading=\"lazy\" src=\"https:\/\/www.facebook.com\/plugins\/post.php?href=https%3A%2F%2Fwww.facebook.com%2Feducastur%2Fposts%2Fpfbid02iyJc9VwCymKfpkAeLrC9dzHzu5BeuHQqGCKbZvFe9ns56esD2pKcy8j34ir5JdNCl&#038;show_text=false&#038;width=500\" width=\"500\" height=\"375\" style=\"border:none;overflow:hidden\" scrolling=\"no\" frameborder=\"0\" allowfullscreen=\"true\" allow=\"autoplay; clipboard-write; encrypted-media; picture-in-picture; web-share\" 0=\"\/iframe\" class=\"iframe-class\"><\/iframe>\n<\/div>\n<div dir=\"auto\">\n<p>\u00a0Conmemora a les universidaes cheques que fueron asaltaes polos nazis en 1939, y a los estudiantes que darr\u00e9u fueron asesinaos y unviaos a campos de concentraci\u00f3n. Angua\u00f1o delles universidaes conmemoren esti d\u00eda como una celebraci\u00f3n apol\u00edtica del multiculturalismo de los sos estudiantes estranxeros, dacuando n&#8217;una fecha distinta al 17 de payares. Ye una fecha a\u00f1al onde <strong>se conmemora a la moced\u00e1 de dellos pa\u00edses del mundu poles sos lluches para consiguir una educaci\u00f3n llibre<\/strong> y que dieron orixe a numberosos movimientos estudiantiles.<\/p>\n<\/div>\n<\/div>\n<\/div>\n<\/div>\n<\/div>\n<\/div>\n<\/div>\n<\/div>\n<\/div>\n","protected":false},"excerpt":{"rendered":"<p>Conseyer\u00eda d&#8217;Educaci\u00f3n del Princip\u00e1u \u00a0 Dende la Conseyer\u00eda d&#8217;Educaci\u00f3n queremos reconocer l&#8217;esfuerzu y la dedicaci\u00f3n diaria de los m\u00e1s de 118.000 d&#8217;alumnos y alumnes matriculaos nel presente curso escolar n&#8217;Asturies. La educaci\u00f3n ye la ferramienta m\u00e1s poderoso para tresformar el mundu. \u00a1Feliz D\u00eda del Estudiante! \u00a0Conmemora a les universidaes cheques que fueron asaltaes polos nazis [&hellip;]<\/p>\n","protected":false},"author":117,"featured_media":0,"comment_status":"closed","ping_status":"open","sticky":false,"template":"","format":"standard","meta":{"footnotes":""},"categories":[6],"tags":[],"class_list":["post-61734","post","type-post","status-publish","format-standard","hentry","category-dia-de"],"_links":{"self":[{"href":"https:\/\/edublog.educastur.es\/ixuxu\/wp-json\/wp\/v2\/posts\/61734","targetHints":{"allow":["GET"]}}],"collection":[{"href":"https:\/\/edublog.educastur.es\/ixuxu\/wp-json\/wp\/v2\/posts"}],"about":[{"href":"https:\/\/edublog.educastur.es\/ixuxu\/wp-json\/wp\/v2\/types\/post"}],"author":[{"embeddable":true,"href":"https:\/\/edublog.educastur.es\/ixuxu\/wp-json\/wp\/v2\/users\/117"}],"replies":[{"embeddable":true,"href":"https:\/\/edublog.educastur.es\/ixuxu\/wp-json\/wp\/v2\/comments?post=61734"}],"version-history":[{"count":3,"href":"https:\/\/edublog.educastur.es\/ixuxu\/wp-json\/wp\/v2\/posts\/61734\/revisions"}],"predecessor-version":[{"id":61737,"href":"https:\/\/edublog.educastur.es\/ixuxu\/wp-json\/wp\/v2\/posts\/61734\/revisions\/61737"}],"wp:attachment":[{"href":"https:\/\/edublog.educastur.es\/ixuxu\/wp-json\/wp\/v2\/media?parent=61734"}],"wp:term":[{"taxonomy":"category","embeddable":true,"href":"https:\/\/edublog.educastur.es\/ixuxu\/wp-json\/wp\/v2\/categories?post=61734"},{"taxonomy":"post_tag","embeddable":true,"href":"https:\/\/edublog.educastur.es\/ixuxu\/wp-json\/wp\/v2\/tags?post=61734"}],"curies":[{"name":"wp","href":"https:\/\/api.w.org\/{rel}","templated":true}]}}