{"id":61749,"date":"2025-11-13T22:00:54","date_gmt":"2025-11-13T20:00:54","guid":{"rendered":"https:\/\/edublog.educastur.es\/ixuxu\/?p=61749"},"modified":"2025-11-17T21:41:18","modified_gmt":"2025-11-17T19:41:18","slug":"cultura-apurrio-los-premios-lliterarios-y-artisticos-en-llingua-asturiana","status":"publish","type":"post","link":"https:\/\/edublog.educastur.es\/ixuxu\/2025\/11\/cultura-apurrio-los-premios-lliterarios-y-artisticos-en-llingua-asturiana\/","title":{"rendered":"Cultura apurri\u00f3 los premios lliterarios y art\u00edsticos en llingua asturiana."},"content":{"rendered":"<div class=\"html-div xdj266r x14z9mp xat24cr x1lziwak xexx8yu xyri2b x18d9i69 x1c1uobl\">\n<div class=\"html-div xdj266r x14z9mp x1lziwak x18d9i69 x1cy8zhl x78zum5 x1q0g3np xod5an3 xz9dl7a x1g0dm76 xpdmqnj\">\n<div class=\"html-div xdj266r x14z9mp xat24cr x1lziwak xexx8yu xyri2b x18d9i69 x1c1uobl x1iyjqo2 xeuugli\">\n<div class=\"x78zum5 xdt5ytf xz62fqu x16ldp7u\">\n<div class=\"xu06os2 x1ok221b\">\n<div class=\"html-div xdj266r x14z9mp xat24cr x1lziwak xexx8yu xyri2b x18d9i69 x1c1uobl\" data-ad-rendering-role=\"profile_name\">\n<p><span class=\"html-span xexx8yu xyri2b x18d9i69 x1c1uobl x1hl2dhg x16tdsg8 x1vvkbs x3nfvp2 x1j61x8r x1fcty0u xdj266r xat24cr xm2jcoa x1mpyi22 xxymvpz xlup9mm x1kky2od\"><img loading=\"lazy\" decoding=\"async\" class=\"xz74otr x15mokao x1ga7v0g x16uus16 xbiv7yw\" src=\"https:\/\/static.xx.fbcdn.net\/images\/emoji.php\/v9\/t49\/1\/16\/1f4da.png\" alt=\"\ud83d\udcda\" width=\"16\" height=\"16\" \/><\/span><span class=\"html-span xexx8yu xyri2b x18d9i69 x1c1uobl x1hl2dhg x16tdsg8 x1vvkbs x3nfvp2 x1j61x8r x1fcty0u xdj266r xat24cr xm2jcoa x1mpyi22 xxymvpz xlup9mm x1kky2od\"><img loading=\"lazy\" decoding=\"async\" class=\"xz74otr x15mokao x1ga7v0g x16uus16 xbiv7yw\" src=\"https:\/\/static.xx.fbcdn.net\/images\/emoji.php\/v9\/tf4\/1\/16\/2728.png\" alt=\"\u2728\" width=\"16\" height=\"16\" \/><span class=\"html-span xexx8yu xyri2b x18d9i69 x1c1uobl x1hl2dhg x16tdsg8 x1vvkbs x3nfvp2 x1j61x8r x1fcty0u xdj266r xat24cr xm2jcoa x1mpyi22 xxymvpz xlup9mm x1kky2od\"><img loading=\"lazy\" decoding=\"async\" class=\"xz74otr x15mokao x1ga7v0g x16uus16 xbiv7yw\" src=\"https:\/\/static.xx.fbcdn.net\/images\/emoji.php\/v9\/tf4\/1\/16\/2728.png\" alt=\"\u2728\" width=\"16\" height=\"16\" \/><\/span> Cultura fizo entreg\u00f3 g\u00fcei de los premios lliterarios y art\u00edsticos en llingua asturiana correspondientes a les convocatories de 2024,<strong> na gala celebrada nel Mus\u00e9u de Belles Artes d\u2019Asturies<\/strong> y presidida pola conseyera Vanessa Guti\u00e9rrez. <\/span><span class=\"html-span xexx8yu xyri2b x18d9i69 x1c1uobl x1hl2dhg x16tdsg8 x1vvkbs x3nfvp2 x1j61x8r x1fcty0u xdj266r xat24cr xm2jcoa x1mpyi22 xxymvpz xlup9mm x1kky2od\"><img loading=\"lazy\" decoding=\"async\" class=\"xz74otr x15mokao x1ga7v0g x16uus16 xbiv7yw\" src=\"https:\/\/static.xx.fbcdn.net\/images\/emoji.php\/v9\/t3d\/1\/16\/1f3c5.png\" alt=\"\ud83c\udfc5\" width=\"16\" height=\"16\" \/><\/span> Los gallardones \u2014que sumen 57.000 \u20ac y incl\u00fain la publicaci\u00f3n de les obres lliteraries\u2014 <strong>reconocen les meyores creaciones n\u2019asturianu y n&#8217;eonaviegu en distintos x\u00e9neros<\/strong>. Actualid\u00e1 \/ <a class=\"x1i10hfl xjbqb8w x1ejq31n x18oe1m7 x1sy0etr xstzfhl x972fbf x10w94by x1qhh985 x14e42zd x9f619 x1ypdohk xt0psk2 x3ct3a4 xdj266r x14z9mp xat24cr x1lziwak xexx8yu xyri2b x18d9i69 x1c1uobl x16tdsg8 x1hl2dhg xggy1nq x1a2a7pz xkrqix3 x1sur9pj xzsf02u x1s688f\" role=\"link\" href=\"https:\/\/www.facebook.com\/culturaAST?__cft__[0]=AZVYCdrnFPabaF2qtIi4vaaKpDKMw_Yf6uGL3N07JxpP5hlLrtnMjJQqlwai1MwRKPt31v-UfMSL5aawvRNYmO1f_hPHbjomFVahtVNkDWVnZsQjudD6OAvRmd6-4UQcGEUQ2JK6CEOt-_0kAanLRsJjfA7MCXkqqLQZ2LsZoROcreXdBrxU6TdyIcBfjkmjHNcuSnm3eL-ou6capUw5pkn-&amp;__tn__=-UC%2CP-R\"><b class=\"html-b xdj266r x14z9mp xat24cr x1lziwak xexx8yu xyri2b x18d9i69 x1c1uobl x1hl2dhg x16tdsg8 x1vvkbs x1s688f\"><span class=\"html-span xdj266r x14z9mp xat24cr x1lziwak xexx8yu xyri2b x18d9i69 x1c1uobl x1hl2dhg x16tdsg8 x1vvkbs\">Conseyer\u00eda de Cultura, Pol\u00edtica Lling\u00fc\u00edstica y Deporte<\/span><\/b><\/a> \/<a class=\"x1i10hfl xjbqb8w x1ejq31n x18oe1m7 x1sy0etr xstzfhl x972fbf x10w94by x1qhh985 x14e42zd x9f619 x1ypdohk xt0psk2 x3ct3a4 xdj266r x14z9mp xat24cr x1lziwak xexx8yu xyri2b x18d9i69 x1c1uobl x16tdsg8 x1hl2dhg xggy1nq x1a2a7pz xkrqix3 x1sur9pj xzsf02u x1s688f\" role=\"link\" href=\"https:\/\/www.facebook.com\/educastur?__cft__[0]=AZU4oV00bj-y3PXxlUiXUSnArpV-EtHf6y0bo7IAMHs7khnFKER4y6LlTMqyyTmtSND8a7BvvYvr15OgKlssCVVEqNQkfS21kxQnt8Gq6D4UnYXB43URPgZsMfKVFbBTD4SXFm73NDgFtYgCyiuS6q65jwXg3JPGypBXXhS-L7WDyCqUrGNbs9RCuSMaTvY74gKtV6aquNaYrEUvXrERRQYG&amp;__tn__=-UC%2CP-R\"><b class=\"html-b xdj266r x14z9mp xat24cr x1lziwak xexx8yu xyri2b x18d9i69 x1c1uobl x1hl2dhg x16tdsg8 x1vvkbs x1s688f\"><span class=\"html-span xdj266r x14z9mp xat24cr x1lziwak xexx8yu xyri2b x18d9i69 x1c1uobl x1hl2dhg x16tdsg8 x1vvkbs\">Conseyer\u00eda d&#8217;Educaci\u00f3n del Princip\u00e1u<\/span><\/b><\/a><\/p>\n<p style=\"text-align: center\"><span class=\"x193iq5w xeuugli x13faqbe x1vvkbs xt0psk2 x1i0vuye xvs91rp xo1l8bm x5n08af x10wh9bi xpm28yp x8viiok x1o7cslx x126k92a\"><span class=\"html-span xexx8yu x4uap5 x18d9i69 xkhd6sd x1hl2dhg x16tdsg8 x1vvkbs x3nfvp2 x1j61x8r x1fcty0u xdj266r xat24cr xgzva0m xhhsvwb xxymvpz xlup9mm x1kky2od\">\n<!-- iframe plugin v.6.0 wordpress.org\/plugins\/iframe\/ -->\n<iframe loading=\"lazy\" src=\"https:\/\/www.instagram.com\/reel\/DRA2Fp_CF5J\/embed\" width=\"640\" height=\"545\" 0=\"\/iframe\" scrolling=\"yes\" class=\"iframe-class\" frameborder=\"0\"><\/iframe>\n<\/span><\/span><\/p>\n<\/div>\n<\/div>\n<div class=\"xu06os2 x1ok221b\">\n<div><\/div>\n<div><!--more--><\/div>\n<div class=\"html-div xdj266r x14z9mp xat24cr x1lziwak xexx8yu xyri2b x18d9i69 x1c1uobl x6s0dn4 x17zd0t2 x78zum5 x1q0g3np x1a02dak\">\n<div class=\"x14z9mp xat24cr x1lziwak x1vvkbs xtlvy1s x126k92a\">\n<div dir=\"auto\">\u2022<strong> Xosefa Xovellanos de novela<\/strong>: Ismael Gonz\u00e1lez Arias \u2013 Marcaes pol estigma<\/div>\n<div dir=\"auto\">\u2022 <strong>Xuan M.\u00aa Acebal de poes\u00eda<\/strong>: Miguel Rodr\u00edguez Monteavaro \u2013 Al disparar nunca parte<\/div>\n<div dir=\"auto\">\u2022 <strong>Mar\u00eda Josefa Canellada de literatura infantil<\/strong>: Milio Rodr\u00edguez Cueto \u2013 La terror\u00edfica lladrona de nomes<\/div>\n<div dir=\"auto\">\u2022 <strong>Alfonso Iglesias de c\u00f3mic<\/strong>: Daniel Casta\u00f1o Mari\u00f1o \u2013 Pelayo 99<\/div>\n<div dir=\"auto\">\u2022 <strong>Pach\u00edn de Mel\u00e1s de teatru<\/strong>: Xandru Martino Ruz \u2013 Subpayaria<\/div>\n<div dir=\"auto\">\u2022 <strong>Nel Amaro de teatru profesional<\/strong>: La Compa\u00f1\u00eda del Alba \u2013 Perendi<\/div>\n<div dir=\"auto\">\u2022 <strong>Florina Al\u00edas de traducci\u00f3n<\/strong>: Daniel Garc\u00eda Granda \u2013 En llucha incierta<\/div>\n<div dir=\"auto\">\u2022 <strong>Obdulia \u00c1lvarez \u201cLa Busdonga\u201d d\u2019Asturianada<\/strong>: Lorena Corripio, Carlos Velasco y Marina Carbajosa<\/div>\n<\/div>\n<div class=\"x14z9mp xat24cr x1lziwak x1vvkbs xtlvy1s x126k92a\">\n<div dir=\"auto\"><\/div>\n<div dir=\"auto\"><span class=\"html-span xexx8yu xyri2b x18d9i69 x1c1uobl x1hl2dhg x16tdsg8 x1vvkbs x3nfvp2 x1j61x8r x1fcty0u xdj266r xat24cr xm2jcoa x1mpyi22 xxymvpz xlup9mm x1kky2od\"><img loading=\"lazy\" decoding=\"async\" class=\"xz74otr x15mokao x1ga7v0g x16uus16 xbiv7yw\" src=\"https:\/\/static.xx.fbcdn.net\/images\/emoji.php\/v9\/t1f\/1\/16\/1f3b6.png\" alt=\"\ud83c\udfb6\" width=\"16\" height=\"16\" \/><\/span> La gala cunt\u00f3 cola actuaci\u00f3n del<a href=\"https:\/\/www.instagram.com\/duoatempo2\"><strong>D\u00fau A tempo<\/strong><\/a>, que punxo banda sonoro a una nueche dedicada a la creaci\u00f3n y al talentu asturianu.<\/div>\n<\/div>\n<div dir=\"auto\" style=\"text-align: center\">\n<!-- iframe plugin v.6.0 wordpress.org\/plugins\/iframe\/ -->\n<iframe loading=\"lazy\" src=\"https:\/\/www.facebook.com\/plugins\/post.php?href=https%3A%2F%2Fwww.facebook.com%2Fphoto.php%3Ffbid%3D122198198654297870%26set%3Da.122096741246297870%26type%3D3&#038;show_text=false&#038;width=500\" width=\"500\" height=\"811\" style=\"border:none;overflow:hidden\" scrolling=\"no\" frameborder=\"0\" allowfullscreen=\"true\" allow=\"autoplay; clipboard-write; encrypted-media; picture-in-picture; web-share\" 0=\"\/iframe\" class=\"iframe-class\"><\/iframe>\n<\/div>\n<div class=\"x14z9mp xat24cr x1lziwak x1vvkbs xtlvy1s x126k92a\">\n<div dir=\"auto\"><\/div>\n<\/div>\n<\/div>\n<\/div>\n<\/div>\n<\/div>\n<\/div>\n<\/div>\n<p>&nbsp;<\/p>\n","protected":false},"excerpt":{"rendered":"<p>Cultura fizo entreg\u00f3 g\u00fcei de los premios lliterarios y art\u00edsticos en llingua asturiana correspondientes a les convocatories de 2024, na gala celebrada nel Mus\u00e9u de Belles Artes d\u2019Asturies y presidida pola conseyera Vanessa Guti\u00e9rrez. Los gallardones \u2014que sumen 57.000 \u20ac y incl\u00fain la publicaci\u00f3n de les obres lliteraries\u2014 reconocen les meyores creaciones n\u2019asturianu y n&#8217;eonaviegu [&hellip;]<\/p>\n","protected":false},"author":117,"featured_media":0,"comment_status":"closed","ping_status":"open","sticky":false,"template":"","format":"standard","meta":{"footnotes":""},"categories":[71,58],"tags":[],"class_list":["post-61749","post","type-post","status-publish","format-standard","hentry","category-lliteratura","category-premios"],"_links":{"self":[{"href":"https:\/\/edublog.educastur.es\/ixuxu\/wp-json\/wp\/v2\/posts\/61749","targetHints":{"allow":["GET"]}}],"collection":[{"href":"https:\/\/edublog.educastur.es\/ixuxu\/wp-json\/wp\/v2\/posts"}],"about":[{"href":"https:\/\/edublog.educastur.es\/ixuxu\/wp-json\/wp\/v2\/types\/post"}],"author":[{"embeddable":true,"href":"https:\/\/edublog.educastur.es\/ixuxu\/wp-json\/wp\/v2\/users\/117"}],"replies":[{"embeddable":true,"href":"https:\/\/edublog.educastur.es\/ixuxu\/wp-json\/wp\/v2\/comments?post=61749"}],"version-history":[{"count":4,"href":"https:\/\/edublog.educastur.es\/ixuxu\/wp-json\/wp\/v2\/posts\/61749\/revisions"}],"predecessor-version":[{"id":61755,"href":"https:\/\/edublog.educastur.es\/ixuxu\/wp-json\/wp\/v2\/posts\/61749\/revisions\/61755"}],"wp:attachment":[{"href":"https:\/\/edublog.educastur.es\/ixuxu\/wp-json\/wp\/v2\/media?parent=61749"}],"wp:term":[{"taxonomy":"category","embeddable":true,"href":"https:\/\/edublog.educastur.es\/ixuxu\/wp-json\/wp\/v2\/categories?post=61749"},{"taxonomy":"post_tag","embeddable":true,"href":"https:\/\/edublog.educastur.es\/ixuxu\/wp-json\/wp\/v2\/tags?post=61749"}],"curies":[{"name":"wp","href":"https:\/\/api.w.org\/{rel}","templated":true}]}}