{"id":61758,"date":"2025-11-25T09:01:05","date_gmt":"2025-11-25T07:01:05","guid":{"rendered":"https:\/\/edublog.educastur.es\/ixuxu\/?p=61758"},"modified":"2025-11-25T11:22:59","modified_gmt":"2025-11-25T09:22:59","slug":"61758","status":"publish","type":"post","link":"https:\/\/edublog.educastur.es\/ixuxu\/2025\/11\/61758\/","title":{"rendered":"25N: Propuestes did\u00e1ctiques pal D\u00eda Internacional de la Eliminaci\u00f3n de la Violencia contra la Muyer"},"content":{"rendered":"<p style=\"text-align: center\"><a href=\"https:\/\/www.educastur.es\/documents\/34868\/8382382\/2025-11-cen-inclusion-coeduca-25N-1060.jpg\/28d42328-f13c-58a2-5ed6-1cc8e94d8e8e?t=1763370944649\"><img loading=\"lazy\" decoding=\"async\" class=\"aligncenter \" src=\"https:\/\/www.educastur.es\/documents\/34868\/8382382\/2025-11-cen-inclusion-coeduca-25N-1060.jpg\/28d42328-f13c-58a2-5ed6-1cc8e94d8e8e?t=1763370944649\" width=\"824\" height=\"248\" \/><\/a><\/p>\n<p><a href=\"https:\/\/www.educastur.es\/-\/25-n-propuestas-didacticas-niveles-educativos?redirect=%2F\">Educastur<\/a> \/ El <strong>D\u00eda Internacional de la Eliminaci\u00f3n de la Violencia contra la Muyer<\/strong>\u00a0<a class=\"x1i10hfl xjbqb8w x1ejq31n x18oe1m7 x1sy0etr xstzfhl x972fbf x10w94by x1qhh985 x14e42zd x9f619 x1ypdohk xt0psk2 x3ct3a4 xdj266r x14z9mp xat24cr x1lziwak xexx8yu xyri2b x18d9i69 x1c1uobl x16tdsg8 x1hl2dhg xggy1nq x1a2a7pz _aa9_ _a6hd\" role=\"link\" href=\"https:\/\/www.instagram.com\/explore\/tags\/25n\/\">#25N <\/a>cel\u00e9brase a\u00f1almente&#8217;l 25 de payares para denunciar la violencia que s&#8217;exerz sobro les muyeres en tol mundu y reclamar pol\u00edtiques en tolos pa\u00edses pal so erradicaci\u00f3n. La xornada busca visibilizar les diverses formes de violencia contra les muyeres (f\u00edsica, sexual, psicol\u00f3xica, econ\u00f3mica) y promover acciones y pol\u00edtiques pa la so eliminaci\u00f3n a nivel mundial.<\/p>\n<p>La Direcci\u00f3n Xeneral d&#8217;Iguald\u00e1 Gobierno del Princip\u00e1u d&#8217;Asturies punxo a disposici\u00f3n de la Conseyer\u00eda d&#8217;Educaci\u00f3n materiales did\u00e1cticos nivelaos por etapes educatives, por que puedan ser distribuy\u00edos y utilizaos nos centros docentes: <a href=\"https:\/\/iam.asturias.es\/documents\/269132\/3354977\/Propuestas+did%C3%A1cticas+25N_2025.pdf\/6581a137-cd0e-aaee-6deb-fe3c2e63f675\" target=\"_blank\" rel=\"noopener\">Propuestes did\u00e1ctiques 25N 2025<\/a><\/p>\n<p>&nbsp;<\/p>\n","protected":false},"excerpt":{"rendered":"<p>Educastur \/ El D\u00eda Internacional de la Eliminaci\u00f3n de la Violencia contra la Muyer\u00a0#25N cel\u00e9brase a\u00f1almente&#8217;l 25 de payares para denunciar la violencia que s&#8217;exerz sobro les muyeres en tol mundu y reclamar pol\u00edtiques en tolos pa\u00edses pal so erradicaci\u00f3n. La xornada busca visibilizar les diverses formes de violencia contra les muyeres (f\u00edsica, sexual, psicol\u00f3xica, [&hellip;]<\/p>\n","protected":false},"author":117,"featured_media":0,"comment_status":"closed","ping_status":"open","sticky":false,"template":"","format":"standard","meta":{"footnotes":""},"categories":[373,6,121],"tags":[],"class_list":["post-61758","post","type-post","status-publish","format-standard","hentry","category-coeducastur","category-dia-de","category-muyeres"],"_links":{"self":[{"href":"https:\/\/edublog.educastur.es\/ixuxu\/wp-json\/wp\/v2\/posts\/61758","targetHints":{"allow":["GET"]}}],"collection":[{"href":"https:\/\/edublog.educastur.es\/ixuxu\/wp-json\/wp\/v2\/posts"}],"about":[{"href":"https:\/\/edublog.educastur.es\/ixuxu\/wp-json\/wp\/v2\/types\/post"}],"author":[{"embeddable":true,"href":"https:\/\/edublog.educastur.es\/ixuxu\/wp-json\/wp\/v2\/users\/117"}],"replies":[{"embeddable":true,"href":"https:\/\/edublog.educastur.es\/ixuxu\/wp-json\/wp\/v2\/comments?post=61758"}],"version-history":[{"count":7,"href":"https:\/\/edublog.educastur.es\/ixuxu\/wp-json\/wp\/v2\/posts\/61758\/revisions"}],"predecessor-version":[{"id":62308,"href":"https:\/\/edublog.educastur.es\/ixuxu\/wp-json\/wp\/v2\/posts\/61758\/revisions\/62308"}],"wp:attachment":[{"href":"https:\/\/edublog.educastur.es\/ixuxu\/wp-json\/wp\/v2\/media?parent=61758"}],"wp:term":[{"taxonomy":"category","embeddable":true,"href":"https:\/\/edublog.educastur.es\/ixuxu\/wp-json\/wp\/v2\/categories?post=61758"},{"taxonomy":"post_tag","embeddable":true,"href":"https:\/\/edublog.educastur.es\/ixuxu\/wp-json\/wp\/v2\/tags?post=61758"}],"curies":[{"name":"wp","href":"https:\/\/api.w.org\/{rel}","templated":true}]}}