{"id":61769,"date":"2025-11-18T08:30:32","date_gmt":"2025-11-18T06:30:32","guid":{"rendered":"https:\/\/edublog.educastur.es\/ixuxu\/?p=61769"},"modified":"2025-11-18T10:02:19","modified_gmt":"2025-11-18T08:02:19","slug":"el-tiempu-el-comercio-187","status":"publish","type":"post","link":"https:\/\/edublog.educastur.es\/ixuxu\/2025\/11\/el-tiempu-el-comercio-187\/","title":{"rendered":"El tiempu (El Comercio)"},"content":{"rendered":"<p style=\"text-align: center\"><a href=\"https:\/\/s3.ppllstatics.com\/elcomercio\/www\/multimedia\/2025\/11\/17\/tiempo-martes18.jpg\"><img loading=\"lazy\" decoding=\"async\" class=\"aligncenter size-large\" src=\"https:\/\/s3.ppllstatics.com\/elcomercio\/www\/multimedia\/2025\/11\/17\/tiempo-martes18.jpg\" width=\"777\" height=\"534\" \/><\/a><\/p>\n<p>Nun va ser una xornada bien inestable n&#8217;Asturies si la comparamos coles que nos esperen nos siguientes d\u00edes, pero garr\u00e9 tou nun se refuguen bastios intermitentes a lo llargo de la xornada. Estos bastios van ser m\u00e1s frecuentes na mari\u00f1a y otres zones de la met\u00e1 norte. <strong>Los vientos<\/strong> van ser fluexos polo xeneral. <strong>Les temperatures m\u00e1ximes<\/strong> van baxar na met\u00e1 oriental y van caltenese na occidental. <strong>Les m\u00ednimes<\/strong>, sicas\u00ed, van baxar de forma xeneralizada.<\/p>\n","protected":false},"excerpt":{"rendered":"<p>Nun va ser una xornada bien inestable n&#8217;Asturies si la comparamos coles que nos esperen nos siguientes d\u00edes, pero garr\u00e9 tou nun se refuguen bastios intermitentes a lo llargo de la xornada. Estos bastios van ser m\u00e1s frecuentes na mari\u00f1a y otres zones de la met\u00e1 norte. Los vientos van ser fluexos polo xeneral. Les [&hellip;]<\/p>\n","protected":false},"author":117,"featured_media":0,"comment_status":"closed","ping_status":"open","sticky":false,"template":"","format":"standard","meta":{"footnotes":""},"categories":[5],"tags":[],"class_list":["post-61769","post","type-post","status-publish","format-standard","hentry","category-tiempu"],"_links":{"self":[{"href":"https:\/\/edublog.educastur.es\/ixuxu\/wp-json\/wp\/v2\/posts\/61769","targetHints":{"allow":["GET"]}}],"collection":[{"href":"https:\/\/edublog.educastur.es\/ixuxu\/wp-json\/wp\/v2\/posts"}],"about":[{"href":"https:\/\/edublog.educastur.es\/ixuxu\/wp-json\/wp\/v2\/types\/post"}],"author":[{"embeddable":true,"href":"https:\/\/edublog.educastur.es\/ixuxu\/wp-json\/wp\/v2\/users\/117"}],"replies":[{"embeddable":true,"href":"https:\/\/edublog.educastur.es\/ixuxu\/wp-json\/wp\/v2\/comments?post=61769"}],"version-history":[{"count":1,"href":"https:\/\/edublog.educastur.es\/ixuxu\/wp-json\/wp\/v2\/posts\/61769\/revisions"}],"predecessor-version":[{"id":61770,"href":"https:\/\/edublog.educastur.es\/ixuxu\/wp-json\/wp\/v2\/posts\/61769\/revisions\/61770"}],"wp:attachment":[{"href":"https:\/\/edublog.educastur.es\/ixuxu\/wp-json\/wp\/v2\/media?parent=61769"}],"wp:term":[{"taxonomy":"category","embeddable":true,"href":"https:\/\/edublog.educastur.es\/ixuxu\/wp-json\/wp\/v2\/categories?post=61769"},{"taxonomy":"post_tag","embeddable":true,"href":"https:\/\/edublog.educastur.es\/ixuxu\/wp-json\/wp\/v2\/tags?post=61769"}],"curies":[{"name":"wp","href":"https:\/\/api.w.org\/{rel}","templated":true}]}}