{"id":61795,"date":"2025-11-18T13:22:38","date_gmt":"2025-11-18T11:22:38","guid":{"rendered":"https:\/\/edublog.educastur.es\/ixuxu\/?p=61795"},"modified":"2025-11-18T13:23:29","modified_gmt":"2025-11-18T11:23:29","slug":"el-preciosu-nome-de-nena-de-cuatro-lletres-que-trunfa-nasturies-xana","status":"publish","type":"post","link":"https:\/\/edublog.educastur.es\/ixuxu\/2025\/11\/el-preciosu-nome-de-nena-de-cuatro-lletres-que-trunfa-nasturies-xana\/","title":{"rendered":"El preciosu nome de ne\u00f1a de cuatro lletres que trunfa n&#8217;Asturies: Xana"},"content":{"rendered":"<p><a href=\"https:\/\/www.elconfidencial.com\/espana\/2025-11-18\/nombre-nina-asturias-opcion-favorita-1tna-1qrt_4248613\/\">El Confidencial<\/a> \/El preciosu nome de ne\u00f1a de cuatro lletres que trunfa n&#8217;Asturies y cada vez escueyen m\u00e1s padres. Esti nome vive un momentu de puxanza n&#8217;Asturies y n&#8217;otres provincies del noroeste peninsular, seg\u00fan datos oficiales del INE, impuls\u00e1u pol so venceyu mitol\u00f3xicu y la so sonorid\u00e1 curtia. XANA<\/p>\n<p style=\"text-align: center\"><a href=\"https:\/\/images.ecestaticos.com\/qtqnRVaOh6kclnXlRPVOLQTSdHA=\/22x3:1023x754\/557x418\/filters:fill(white):format(jpg)\/f.elconfidencial.com%2Foriginal%2Fdab%2F97f%2Fe33%2Fdab97fe33e9db1ca4ab9be7a0bbd1383.jpg\"><img loading=\"lazy\" decoding=\"async\" class=\"aligncenter size-large\" src=\"https:\/\/images.ecestaticos.com\/qtqnRVaOh6kclnXlRPVOLQTSdHA=\/22x3:1023x754\/557x418\/filters:fill(white):format(jpg)\/f.elconfidencial.com%2Foriginal%2Fdab%2F97f%2Fe33%2Fdab97fe33e9db1ca4ab9be7a0bbd1383.jpg\" width=\"557\" height=\"418\" \/><\/a><\/p>\n<p><!--more--><\/p>\n<p>Hai un nome consider\u00e1u unu de los m\u00e1s representativos de la tradici\u00f3n asturiana, que gana popularid\u00e1 ente los nuevos padres pol so venceyu cola mitolox\u00eda local y la so presencia creciente nes estad\u00edstiques oficiales. El so orixe amest\u00e1u a figures llexendaries y la so sonorid\u00e1 curtia espliquen esti ascensu sosten\u00edu. Seg\u00fan l&#8217;<strong>Institutu Nacional d&#8217;Estad\u00edstica<\/strong>, 660 persones llevar angua\u00f1o n&#8217;Espa\u00f1a y la so media d&#8217;ed\u00e1 ye de 15,6 a\u00f1os, se\u00f1al de la so reci\u00e9n espansi\u00f3n.<\/p>\n<p><strong>Un nome curtio y mitol\u00f3xico.\u00a0<\/strong>La puxanza del nome Xana enti\u00e9ndese meyor cuando se repara&#8217;l pesu que la mitolox\u00eda tien n&#8217;Asturies. Les xanes, bautizaes n&#8217;ocasiones como \u00abfaes de les ag\u00fces\u00bb, son figures descrites como seres femeninos qu&#8217;habiten en fontes, r\u00edos, manantiales, cueves y montes, protagonizando relatos populares mientres xeneraciones. Esta conex\u00f3n simb\u00f3lica cola guapura y la naturaleza favoreci\u00f3 que munches families busquen n\u00e9l un nome con signific\u00e1u fondu.<\/p>\n<p>Considerar seres ben\u00e9volos, amestaos a la naturaleza, la pureza, la fertilid\u00e1 y la vida, anque en delles hestories pueden amosase tornes o poner a prueba a quien s&#8217;atopen con elles. Suelen curiar ayalgues o protexer llugares naturales, y en ciertos cuentos compensen a les persones que les traten con respetu.<\/p>\n<p>L&#8217;inter\u00e9s por opciones curties, clares y con raiga\u00f1os culturales impuls\u00f3 que <strong>Xana consol\u00eddese como una alternativa frecuente na rex\u00f3n<\/strong>. La tradici\u00f3n qu&#8217;envolubra al personaxe mitol\u00f3xicu y la so estrecha relaci\u00f3n cola identid\u00e1 asturiana espliquen que cada a\u00f1u m\u00e1s padres apuesten por esta elecci\u00f3n pa les sos f\u00edes.<\/p>\n<p style=\"text-align: center\"><a href=\"https:\/\/drupal.gijon.es\/sites\/default\/files\/styles\/imagen_4_3\/public\/2023-08\/la_xana.jpg\"><img loading=\"lazy\" decoding=\"async\" class=\"aligncenter \" src=\"https:\/\/drupal.gijon.es\/sites\/default\/files\/styles\/imagen_4_3\/public\/2023-08\/la_xana.jpg\" width=\"403\" height=\"504\" \/><\/a><\/p>\n<p><strong>D&#8217;Asturies al noroeste peninsular: un nome que viaxa<\/strong><\/p>\n<p>Los datos del Institutu Nacional d&#8217;Estad\u00edstica (INE) amuesen que la crecedera de Xana tescendi\u00f3&#8217;l so territoriu d&#8217;orixe. Angua\u00f1o, <strong>el 0,39 % de les ne\u00f1es asturianes ll\u00e1mense Xana<\/strong>, un datu que demuestra la estabilid\u00e1 y el curiosu que caltien dientro del Princip\u00e1u. Pero, nun ye l&#8217;\u00fanicu llugar nel que tien un fuerte enraigono: <strong>tami\u00e9n atop\u00f3 espaciu n&#8217;otres provincies del noroeste, especialmente en Galicia<\/strong>. En Llugo llevar un 0,16 % de les ne\u00f1es, n&#8217;Ourense un 0,14 % y en Pontevedra y A Coru\u00f1a, un 0,11 %. L&#8217;afinid\u00e1 cultural y les tradiciones compart\u00edes facilitaron que&#8217;l nome encaxe con naturalid\u00e1 nesta comunid\u00e1.<\/p>\n<p>M\u00e1s all\u00e1 de Galicia,<strong> tami\u00e9n lleg\u00f3 a territorios como Cantabria, onde lo lleven un 0,04 % de les ne\u00f1es, o la provincia de Lli\u00f3n, con un 0,02 %.<\/strong> Anque la so presencia ye menor, reflexa una espansi\u00f3n constante y una preferencia creciente por nomes con identid\u00e1 mesma frente a opciones m\u00e1s comunes o globalizaes.<\/p>\n<p style=\"text-align: center\"><a href=\"https:\/\/upload.wikimedia.org\/wikipedia\/commons\/4\/48\/Lamia_Waterhouse.jpg\"><img loading=\"lazy\" decoding=\"async\" class=\"aligncenter \" src=\"https:\/\/upload.wikimedia.org\/wikipedia\/commons\/4\/48\/Lamia_Waterhouse.jpg\" width=\"697\" height=\"1121\" \/><\/a><\/p>\n<p><strong>Ente la mitolox\u00eda y la tradici\u00f3n familiar<\/strong><\/p>\n<p>El signific\u00e1u de Xana <strong>procede directamente de la figura mitol\u00f3xica asturiana, venceyada a la pureza, la vida y la protecci\u00f3n de la naturaleza<\/strong>. En paralelu, esiste xuna acepci\u00f3n menos estendida que lo rellaciona cola forma gallega de Juana. Anque esta variante ye minoritaria, dambos or\u00edxenes espliquen que&#8217;l nome concentre inter\u00e9s tantu pol so simbolismu como pola so sonorid\u00e1.<\/p>\n<p>La combinaci\u00f3n ente tradici\u00f3n, orixinalid\u00e1 y raiga\u00f1os culturales convirti\u00f3 a Xana nun nome que non solo define una identid\u00e1 amestada al paisaxe asturiano, sin\u00f3n que tami\u00e9n conecta col des\u00e9u de munches families de recuperar referencies locales. La so crecedera nes \u00faltimes d\u00e9cades confirma que sigui ganando espaciu como xuna de les opciones prefer\u00edes del norte peninsular.<\/p>\n","protected":false},"excerpt":{"rendered":"<p>El Confidencial \/El preciosu nome de ne\u00f1a de cuatro lletres que trunfa n&#8217;Asturies y cada vez escueyen m\u00e1s padres. Esti nome vive un momentu de puxanza n&#8217;Asturies y n&#8217;otres provincies del noroeste peninsular, seg\u00fan datos oficiales del INE, impuls\u00e1u pol so venceyu mitol\u00f3xicu y la so sonorid\u00e1 curtia. XANA<\/p>\n","protected":false},"author":117,"featured_media":0,"comment_status":"closed","ping_status":"open","sticky":false,"template":"","format":"standard","meta":{"footnotes":""},"categories":[98],"tags":[],"class_list":["post-61795","post","type-post","status-publish","format-standard","hentry","category-nomes"],"_links":{"self":[{"href":"https:\/\/edublog.educastur.es\/ixuxu\/wp-json\/wp\/v2\/posts\/61795","targetHints":{"allow":["GET"]}}],"collection":[{"href":"https:\/\/edublog.educastur.es\/ixuxu\/wp-json\/wp\/v2\/posts"}],"about":[{"href":"https:\/\/edublog.educastur.es\/ixuxu\/wp-json\/wp\/v2\/types\/post"}],"author":[{"embeddable":true,"href":"https:\/\/edublog.educastur.es\/ixuxu\/wp-json\/wp\/v2\/users\/117"}],"replies":[{"embeddable":true,"href":"https:\/\/edublog.educastur.es\/ixuxu\/wp-json\/wp\/v2\/comments?post=61795"}],"version-history":[{"count":2,"href":"https:\/\/edublog.educastur.es\/ixuxu\/wp-json\/wp\/v2\/posts\/61795\/revisions"}],"predecessor-version":[{"id":61797,"href":"https:\/\/edublog.educastur.es\/ixuxu\/wp-json\/wp\/v2\/posts\/61795\/revisions\/61797"}],"wp:attachment":[{"href":"https:\/\/edublog.educastur.es\/ixuxu\/wp-json\/wp\/v2\/media?parent=61795"}],"wp:term":[{"taxonomy":"category","embeddable":true,"href":"https:\/\/edublog.educastur.es\/ixuxu\/wp-json\/wp\/v2\/categories?post=61795"},{"taxonomy":"post_tag","embeddable":true,"href":"https:\/\/edublog.educastur.es\/ixuxu\/wp-json\/wp\/v2\/tags?post=61795"}],"curies":[{"name":"wp","href":"https:\/\/api.w.org\/{rel}","templated":true}]}}