{"id":61822,"date":"2025-11-18T14:14:38","date_gmt":"2025-11-18T12:14:38","guid":{"rendered":"https:\/\/edublog.educastur.es\/ixuxu\/?p=61822"},"modified":"2025-11-18T22:19:00","modified_gmt":"2025-11-18T20:19:00","slug":"les-obres-escrites-en-llingua-asturiana-podran-optar-a-los-premios-nacionales-de-lliteratura-a-partir-del-2026","status":"publish","type":"post","link":"https:\/\/edublog.educastur.es\/ixuxu\/2025\/11\/les-obres-escrites-en-llingua-asturiana-podran-optar-a-los-premios-nacionales-de-lliteratura-a-partir-del-2026\/","title":{"rendered":"Les obres escrites en llingua asturiana podr\u00e1n optar a los Premios Nacionales de Lliteratura a partir del 2026."},"content":{"rendered":"<div>\n<div class=\"x1yztbdb x1n2onr6 xh8yej3 x1ja2u2z\">\n<div class=\"x1n2onr6 x1ja2u2z\">\n<div class=\"x1a2a7pz\" aria-describedby=\"_r_3e6_ _r_3e7_ _r_3e8_ _r_3ea_ _r_3e9_\" aria-labelledby=\"_r_3e5_\">\n<div class=\"x78zum5 xdt5ytf\" data-virtualized=\"false\">\n<div class=\"x9f619 x1n2onr6 x1ja2u2z\">\n<div class=\"html-div xdj266r x14z9mp xat24cr x1lziwak xexx8yu xyri2b x18d9i69 x1c1uobl x78zum5 x1n2onr6 xh8yej3\">\n<div class=\"x1n2onr6 x1ja2u2z x1jx94hy xw5cjc7 x1dmpuos x1vsv7so xau1kf4 x9f619 xh8yej3 x6ikm8r x10wlt62 xquyuld\">\n<div class=\"html-div xdj266r x14z9mp xat24cr x1lziwak xexx8yu xyri2b x18d9i69 x1c1uobl\">\n<div class=\"html-div xdj266r x14z9mp xat24cr x1lziwak xexx8yu xyri2b x18d9i69 x1c1uobl\">\n<div class=\"html-div xdj266r x14z9mp xat24cr x1lziwak xexx8yu xyri2b x18d9i69 x1c1uobl\">\n<div class=\"html-div xdj266r x14z9mp xat24cr x1lziwak xexx8yu xyri2b x18d9i69 x1c1uobl\">\n<div class=\"html-div xdj266r xat24cr xexx8yu xyri2b x18d9i69 x1c1uobl x1jx94hy x8cjs6t x3sou0m x80vd3b x12u81az x13fuv20 x18b5jzi x1q0q8m5 x1t7ytsu x178xt8z x1lun4ml xso031l xpilrb4 xrx5xu5 x1vn23mh xrws0fy x16azbe4 x6ikm8r x10wlt62 x1diwwjn xbmvrgn\">\n<div class=\"html-div x14z9mp xat24cr x1lziwak xexx8yu xyri2b x18d9i69 x1c1uobl x1y332i5\">\n<div class=\"html-div xdj266r x14z9mp xat24cr x1lziwak xexx8yu x1a8lsjc xf7dkkf xv54qhq\">\n<div class=\"html-div xdj266r x14z9mp xat24cr x1lziwak xexx8yu xyri2b x18d9i69 x1c1uobl x1jx94hy x78zum5 x1q0g3np\">\n<div class=\"x78zum5 xdt5ytf xz62fqu x16ldp7u\">\n<div class=\"xu06os2 x1ok221b\">\n<div class=\"html-div xdj266r x14z9mp xat24cr x1lziwak xexx8yu xyri2b x18d9i69 x1c1uobl\" data-ad-rendering-role=\"profile_name\">\n<ul>\n<li class=\"html-h3 x14z9mp xat24cr x1lziwak xexx8yu xyri2b x18d9i69 x1c1uobl x1vvkbs x1heor9g x1qlqyl8 x1pd3egz x1a2a7pz x1gslohp x1yc453h\"><span class=\"x1lliihq x6ikm8r x10wlt62 x1n2onr6\"><span class=\"xt0psk2\"><a class=\"x1i10hfl xjbqb8w x1ejq31n x18oe1m7 x1sy0etr xstzfhl x972fbf x10w94by x1qhh985 x14e42zd x9f619 x1ypdohk xt0psk2 x3ct3a4 xdj266r x14z9mp xat24cr x1lziwak xexx8yu xyri2b x18d9i69 x1c1uobl x16tdsg8 x1hl2dhg xggy1nq x1a2a7pz xkrqix3 x1sur9pj xzsf02u x1s688f\" role=\"link\" href=\"https:\/\/www.facebook.com\/culturaAST?__cft__[0]=AZVlS-bJInTBdZOQ9PHpgzCf8VcsUfaQabMIbbM--IwwoKV3gyigADQLJNrA44IfaJ41iTtZRKZXY8U8zqGJB88xPJBaKU9qiDe8Wi9X6T56Bmj9cysWpR2bx2SvOgNT5bDPiCEVUl5P27XxOVt-kUk8tHfXaaLn-TxfT8zV9ig2TJjJ6peNzeTp3SZOHt_pWa05VnVmyKZjoQ9IMSgmbUsCIBJ9PLhEXa-jin0CSu-WQA&amp;__tn__=-UC%2CP-y-R\"><b class=\"html-b xdj266r x14z9mp xat24cr x1lziwak xexx8yu xyri2b x18d9i69 x1c1uobl x1hl2dhg x16tdsg8 x1vvkbs x1s688f\"><span class=\"html-span xdj266r x14z9mp xat24cr x1lziwak xexx8yu xyri2b x18d9i69 x1c1uobl x1hl2dhg x16tdsg8 x1vvkbs\">Conseyer\u00eda de Cultura, Pol\u00edtica Lling\u00fc\u00edstica y Deporte<\/span><\/b><\/a><\/span><\/span><\/li>\n<\/ul>\n<p style=\"text-align: center\"><a href=\"https:\/\/actualidad.asturias.es\/documents\/537115\/2932535\/Foto+consejera+y+ministro+Cultura+1.jpg\/564cdec3-4cdf-fd92-a171-47d56e101f01?t=1763482366446\"><img loading=\"lazy\" decoding=\"async\" class=\"aligncenter size-large\" src=\"https:\/\/actualidad.asturias.es\/documents\/537115\/2932535\/Foto+consejera+y+ministro+Cultura+1.jpg\/564cdec3-4cdf-fd92-a171-47d56e101f01?t=1763482366446\" width=\"1600\" height=\"900\" \/><\/a><\/p>\n<\/div>\n<\/div>\n<div class=\"xu06os2 x1ok221b\">\n<div><\/div>\n<\/div>\n<\/div>\n<\/div>\n<\/div>\n<div class=\"html-div xdj266r x14z9mp xat24cr x1lziwak xexx8yu xyri2b x18d9i69 x1c1uobl\" dir=\"auto\">\n<div class=\"html-div xdj266r x14z9mp xat24cr x1lziwak xexx8yu xyri2b x18d9i69 x1c1uobl\" dir=\"auto\">\n<div class=\"html-div xdj266r x14z9mp xat24cr x1lziwak xexx8yu xyri2b x18d9i69 x1c1uobl\" data-ad-rendering-role=\"story_message\">\n<div class=\"x1l90r2v x1iorvi4 x1g0dm76 xpdmqnj\" data-ad-comet-preview=\"message\" data-ad-preview=\"message\">\n<div class=\"x78zum5 xdt5ytf xz62fqu x16ldp7u\">\n<div class=\"xu06os2 x1ok221b\">\n<div class=\"html-div xdj266r x14z9mp xat24cr x1lziwak xexx8yu xyri2b x18d9i69 x1c1uobl\">\n<div class=\"xdj266r x14z9mp xat24cr x1lziwak x1vvkbs x126k92a\">\n<div dir=\"auto\"><span class=\"html-span xexx8yu xyri2b x18d9i69 x1c1uobl x1hl2dhg x16tdsg8 x1vvkbs x3nfvp2 x1j61x8r x1fcty0u xdj266r xat24cr xm2jcoa x1mpyi22 xxymvpz xlup9mm x1kky2od\"><img loading=\"lazy\" decoding=\"async\" class=\"xz74otr x15mokao x1ga7v0g x16uus16 xbiv7yw\" src=\"https:\/\/static.xx.fbcdn.net\/images\/emoji.php\/v9\/t89\/1\/16\/1f3db.png\" alt=\"\ud83c\udfdb\ufe0f\" width=\"16\" height=\"16\" \/><\/span>El Gobiernu del Princip\u00e1u celebra que les obres escrites en llingua asturiana <strong>puedan optar a los Premios Nacionales de Lliteratura a partir del 2026.<\/strong> Esta decisi\u00f3n, anunciada g\u00fcei nel Congresu de los Diputaos pol ministru de Cultura, Ernest Urtasun, <strong>sup\u00f3n un fitu hist\u00f3ricu que reconoz espl\u00edcitamente\u2019l valor creativu y cultural del asturianu dientro de la pluralid\u00e1 lling\u00fc\u00edstica del Est\u00e1u. <\/strong><a href=\"https:\/\/actualidad.asturias.es\/-\/el-principado-celebra-que-las-obras-escritas-en-asturiano-puedan-optar-a-los-premios-nacionales-de-literatura-a-partir-de-2026?redirect=%2F\">Actualid\u00e1 <\/a><strong>\/<\/strong><\/div>\n<div dir=\"auto\"><!--more--><\/div>\n<\/div>\n<div class=\"x14z9mp xat24cr x1lziwak x1vvkbs xtlvy1s x126k92a\">\n<div dir=\"auto\"><span class=\"html-span xexx8yu xyri2b x18d9i69 x1c1uobl x1hl2dhg x16tdsg8 x1vvkbs x3nfvp2 x1j61x8r x1fcty0u xdj266r xat24cr xm2jcoa x1mpyi22 xxymvpz xlup9mm x1kky2od\"><img loading=\"lazy\" decoding=\"async\" class=\"xz74otr x15mokao x1ga7v0g x16uus16 xbiv7yw\" src=\"https:\/\/static.xx.fbcdn.net\/images\/emoji.php\/v9\/t6c\/1\/16\/1f499.png\" alt=\"\ud83d\udc99\" width=\"16\" height=\"16\" \/><\/span><span class=\"html-span xexx8yu xyri2b x18d9i69 x1c1uobl x1hl2dhg x16tdsg8 x1vvkbs x3nfvp2 x1j61x8r x1fcty0u xdj266r xat24cr xm2jcoa x1mpyi22 xxymvpz xlup9mm x1kky2od\"><img loading=\"lazy\" decoding=\"async\" class=\"xz74otr x15mokao x1ga7v0g x16uus16 xbiv7yw\" src=\"https:\/\/static.xx.fbcdn.net\/images\/emoji.php\/v9\/t15\/1\/16\/1f49b.png\" alt=\"\ud83d\udc9b\" width=\"16\" height=\"16\" \/><\/span>La conseyera de Cultura, Pol\u00edtica Lling\u00fc\u00edstica y Deporte, Vanessa Guti\u00e9rrez, mostr\u00f3 la so satisfacci\u00f3n por esta midida: \u201cAsturies ven\u00eda reclamando esti pasu de forma repitida nes xuntes manten\u00edes col ministru dende empiezos de la lexislatura y g\u00fcei dase cumplimentu a esa petici\u00f3n\u201d.<\/div>\n<div dir=\"auto\"><\/div>\n<\/div>\n<div class=\"x14z9mp xat24cr x1lziwak x1vvkbs xtlvy1s x126k92a\">\n<div dir=\"auto\"><span class=\"html-span xexx8yu xyri2b x18d9i69 x1c1uobl x1hl2dhg x16tdsg8 x1vvkbs x3nfvp2 x1j61x8r x1fcty0u xdj266r xat24cr xm2jcoa x1mpyi22 xxymvpz xlup9mm x1kky2od\"><img loading=\"lazy\" decoding=\"async\" class=\"xz74otr x15mokao x1ga7v0g x16uus16 xbiv7yw\" src=\"https:\/\/static.xx.fbcdn.net\/images\/emoji.php\/v9\/tfb\/1\/16\/1f5e3.png\" alt=\"\ud83d\udde3\ufe0f\" width=\"16\" height=\"16\" \/><\/span>\u201cYe una noticia que recibimos con muncha alegr\u00eda. Llev\u00e1bamos munchu tiempu plantegando esta petici\u00f3n al Ministeriu de Cultura y celebramos que se materialice. Polo que correspuende agracer a Ernest Urtasun y al so equipu\u2019l facer posible un avance mui importante nel reconocimientu del asturianu como llingua de creaci\u00f3n literaria, y un impulsu pa nuestros autores y editoriales\u201d, destac\u00f3 Guti\u00e9rrez.<\/div>\n<div dir=\"auto\"><\/div>\n<\/div>\n<div class=\"x14z9mp xat24cr x1lziwak x1vvkbs xtlvy1s x126k92a\">\n<div dir=\"auto\"><span class=\"html-span xexx8yu xyri2b x18d9i69 x1c1uobl x1hl2dhg x16tdsg8 x1vvkbs x3nfvp2 x1j61x8r x1fcty0u xdj266r xat24cr xm2jcoa x1mpyi22 xxymvpz xlup9mm x1kky2od\"><img loading=\"lazy\" decoding=\"async\" class=\"xz74otr x15mokao x1ga7v0g x16uus16 xbiv7yw\" src=\"https:\/\/static.xx.fbcdn.net\/images\/emoji.php\/v9\/t80\/1\/16\/1f5e8.png\" alt=\"\ud83d\udde8\ufe0f\" width=\"16\" height=\"16\" \/><\/span> De la mesma manera, agradeci\u00f3 p\u00fablicamente \u201cla sensibilid\u00e1 mostrada pol ministeriu\u201d y sorray\u00f3 qu&#8217;esta midida \u201ccorrixe una ausencia y discriminaci\u00f3n respective a los artistes que s\u2019espresen n\u2019otros idiomes del Est\u00e1u, y incorpora al asturianu y a los nuestros creadores al m\u00e1ximu circuitu de reconocimientu lliterariu\u201d.<\/div>\n<\/div>\n<div class=\"x14z9mp xat24cr x1lziwak x1vvkbs xtlvy1s x126k92a\">\n<div dir=\"auto\"><span class=\"html-span xexx8yu xyri2b x18d9i69 x1c1uobl x1hl2dhg x16tdsg8 x1vvkbs x3nfvp2 x1j61x8r x1fcty0u xdj266r xat24cr xm2jcoa x1mpyi22 xxymvpz xlup9mm x1kky2od\"><img loading=\"lazy\" decoding=\"async\" class=\"xz74otr x15mokao x1ga7v0g x16uus16 xbiv7yw\" src=\"https:\/\/static.xx.fbcdn.net\/images\/emoji.php\/v9\/t5c\/1\/16\/1f5d3.png\" alt=\"\ud83d\uddd3\ufe0f\" width=\"16\" height=\"16\" \/><\/span> Dende 2024, el ministeriu y\u00e1 dexa que les obres en lling\u00fces con reconocimientu estatutariu, como l&#8217;asturianu, accedan a les ayudes estatales pa la creaci\u00f3n lliteraria. Estes pol\u00edtiques ampli\u00e1ronse a otros programes d\u2019apoyu al sector del llibru, la llectura, la traducci\u00f3n, la edici\u00f3n y el c\u00f3mic, asina como a la presencia d&#8217;autores y obres en feries internacionales.<\/div>\n<div dir=\"auto\"><\/div>\n<\/div>\n<div class=\"x14z9mp xat24cr x1lziwak x1vvkbs xtlvy1s x126k92a\">\n<div dir=\"auto\"><span class=\"html-span xexx8yu xyri2b x18d9i69 x1c1uobl x1hl2dhg x16tdsg8 x1vvkbs x3nfvp2 x1j61x8r x1fcty0u xdj266r xat24cr xm2jcoa x1mpyi22 xxymvpz xlup9mm x1kky2od\"><img loading=\"lazy\" decoding=\"async\" class=\"xz74otr x15mokao x1ga7v0g x16uus16 xbiv7yw\" src=\"https:\/\/static.xx.fbcdn.net\/images\/emoji.php\/v9\/t2d\/1\/16\/1f4cd.png\" alt=\"\ud83d\udccd\" width=\"16\" height=\"16\" \/><\/span>La conseyer\u00eda sorraya qu&#8217;esta decisi\u00f3n ye coherente colos principios del Plan de Derechos Culturales del Ministeriu, que promueve l&#8217;activid\u00e1 en toles lling\u00fces del Est\u00e1u y garantiza la so presencia nos espacios de creaci\u00f3n y exhibici\u00f3n. El Princip\u00e1u realiz\u00f3 aportaciones a esti plan, ente elles la iguald\u00e1 de tratu pa toles lling\u00fces con reconocimientu estatutariu, que s&#8217;incorporaron al documentu final.<\/div>\n<div dir=\"auto\"><\/div>\n<\/div>\n<div class=\"x14z9mp xat24cr x1lziwak x1vvkbs xtlvy1s x126k92a\">\n<div dir=\"auto\"><span class=\"html-span xexx8yu xyri2b x18d9i69 x1c1uobl x1hl2dhg x16tdsg8 x1vvkbs x3nfvp2 x1j61x8r x1fcty0u xdj266r xat24cr xm2jcoa x1mpyi22 xxymvpz xlup9mm x1kky2od\"><img loading=\"lazy\" decoding=\"async\" class=\"xz74otr x15mokao x1ga7v0g x16uus16 xbiv7yw\" src=\"https:\/\/static.xx.fbcdn.net\/images\/emoji.php\/v9\/t64\/1\/16\/1f91d.png\" alt=\"\ud83e\udd1d\" width=\"16\" height=\"16\" \/><\/span>El Gobiernu d&#8217;Asturies va siguir collaborando col Ministeriu de Cultura nel desarrollu de pol\u00edtiques qu&#8217;impulsen la creaci\u00f3n lliteraria n&#8217;asturianu y fortalezan l&#8217;ecosistema cultural de la comunid\u00e1, garantizando tanto los derechos culturales como los lling\u00fc\u00edsticos.<\/div>\n<div dir=\"auto\">\n<p>Coles mesmes, estim\u00f3 p\u00fablicamente \u201cla sensibilid\u00e1 amosada pol ministeriu\u201d y sorray\u00f3 qu&#8217;esta midida \u201ccorrixe una ausencia y discriminaci\u00f3n respective a los artistes que s\u2019espresen n\u2019otros idiomes del Est\u00e1u,<strong> ya incorpora al asturianu y a los nuesos ceadores al m\u00e1ximu circuitu de reconocimientu lliterariu\u201d.<\/strong><\/p>\n<p>Dende 2024, el ministeriu y\u00e1 dexa que les obres en lling\u00fces con reconocencia estatutaria, como l&#8217;asturianu, apuerten a les ayudes estatales para la creaci\u00f3n lliteraria. <strong>Estes pol\u00edtiques ampli\u00e1ronse a otros programes de sofitu al sector del llibru, la llectura, la traducci\u00f3n, la edici\u00f3n y el c\u00f3mic, seg\u00fan a la presencia d&#8217;autores y obres en feries internacionales.<\/strong><\/p>\n<p>La conseyer\u00eda sorraya qu&#8217;esta decisi\u00f3n ye coherente colos principios del Plan de Derechos Culturales del Ministeriu, que promueve l&#8217;activid\u00e1 en toles lling\u00fces del Est\u00e1u y garantiza la so presencia nos espacios de creaci\u00f3n y exhibici\u00f3n. El Princip\u00e1u realiz\u00f3 aportaciones a esti plan, ente elles la iguald\u00e1 de tratu pa toles lling\u00fces con reconocencia estatutaria, que s&#8217;incorporaron al documentu final.<\/p>\n<p>El Gobiernu d&#8217;Asturies va siguir collaborando col Ministeriu de Cultura nel desenvolvimientu de pol\u00edtiques qu&#8217;impulsen la creaci\u00f3n lliteraria n&#8217;asturianu y fortalezan l&#8217;ecosistema cultural de la comunid\u00e1, garantizando tanto los derechos culturales como los lling\u00fc\u00edsticos.<\/p>\n<\/div>\n<\/div>\n<\/div>\n<\/div>\n<\/div>\n<\/div>\n<\/div>\n<\/div>\n<\/div>\n<\/div>\n<\/div>\n<\/div>\n<div>\n<div class=\"xabvvm4 xeyy32k x1ia1hqs x1a2w583 x6ikm8r x10wlt62\" data-visualcompletion=\"ignore-dynamic\">\n<div>\n<div>\n<div>\n<div class=\"xbmvrgn x1diwwjn\">\n<div class=\"x9f619 x1ja2u2z x78zum5 x2lah0s x1n2onr6 x1qughib x1qjc9v5 xozqiw3 x1q0g3np xyri2b x1c1uobl xjkvuk6 x1iorvi4 x11lt19s xe9ewy2 x4cne27 xifccgj\"><\/div>\n<\/div>\n<\/div>\n<\/div>\n<\/div>\n<\/div>\n<\/div>\n<\/div>\n<\/div>\n<\/div>\n<div class=\"x7600vw x10l6tqk x1dquyif\" aria-hidden=\"true\" data-0=\"0\" data-1=\"1\" data-2=\"2\" data-3=\"3\" data-4=\"4\" data-5=\"5\" data-6=\"6\" data-7=\"7\" data-8=\"8\" data-9=\"9\" data-10=\"10\" data-11=\"11\" data-12=\"12\" data-13=\"13\" data-14=\"14\" data-15=\"15\" data-16=\"16\" data-17=\"17\" data-18=\"18\" data-19=\"19\">\n<div class=\"x1i10hfl xjbqb8w x1ejq31n x18oe1m7 x1sy0etr xstzfhl x972fbf x10w94by x1qhh985 x14e42zd x9f619 x1ypdohk xt0psk2 x3ct3a4 xdj266r x14z9mp xat24cr x1lziwak xexx8yu xyri2b x18d9i69 x1c1uobl x16tdsg8 x1hl2dhg xggy1nq x1a2a7pz x1heor9g xkrqix3 x1sur9pj x1s688f\" role=\"button\" aria-hidden=\"true\"><\/div>\n<\/div>\n<div class=\"x7600vw x10l6tqk x1dquyif\" aria-hidden=\"true\" data-0=\"0\" data-1=\"1\" data-2=\"2\" data-3=\"3\" data-4=\"4\" data-5=\"5\" data-6=\"6\" data-7=\"7\" data-8=\"8\" data-9=\"9\" data-10=\"10\" data-11=\"11\" data-12=\"12\" data-13=\"13\" data-14=\"14\" data-15=\"15\" data-16=\"16\" data-17=\"17\" data-18=\"18\" data-19=\"19\"><\/div>\n<div class=\"x7600vw x10l6tqk x1dquyif\" aria-hidden=\"true\" data-0=\"0\" data-1=\"1\" data-2=\"2\" data-3=\"3\" data-4=\"4\" data-5=\"5\" data-6=\"6\" data-7=\"7\" data-8=\"8\" data-9=\"9\" data-10=\"10\" data-11=\"11\" data-12=\"12\" data-13=\"13\" data-14=\"14\" data-15=\"15\" data-16=\"16\" data-17=\"17\" data-18=\"18\" data-19=\"19\"><\/div>\n<div class=\"x7600vw x10l6tqk x1dquyif\" aria-hidden=\"true\" data-0=\"0\" data-1=\"1\" data-2=\"2\" data-3=\"3\" data-4=\"4\" data-5=\"5\" data-6=\"6\" data-7=\"7\" data-8=\"8\" data-9=\"9\" data-10=\"10\" data-11=\"11\" data-12=\"12\" data-13=\"13\" data-14=\"14\" data-15=\"15\" data-16=\"16\" data-17=\"17\" data-18=\"18\" data-19=\"19\">\n<div class=\"x1i10hfl xjbqb8w x1ejq31n x18oe1m7 x1sy0etr xstzfhl x972fbf x10w94by x1qhh985 x14e42zd x9f619 x1ypdohk xt0psk2 x3ct3a4 xdj266r x14z9mp xat24cr x1lziwak xexx8yu xyri2b x18d9i69 x1c1uobl x16tdsg8 x1hl2dhg xggy1nq x1a2a7pz x1heor9g xkrqix3 x1sur9pj x1s688f\" role=\"button\" aria-hidden=\"true\"><\/div>\n<\/div>\n<\/div>\n<\/div>\n<\/div>\n<\/div>\n<\/div>\n<\/div>\n<\/div>\n<\/div>\n<p>&nbsp;<\/p>\n<div>\n<div>\n<div class=\"x1yztbdb x1n2onr6 xh8yej3 x1ja2u2z\">\n<div class=\"x1n2onr6 x1ja2u2z\">\n<div>\n<div>\n<div class=\"x1a2a7pz\" aria-describedby=\"_r_3f8_ _r_3f9_ _r_3fa_ _r_3fc_ _r_3fb_\" aria-labelledby=\"_r_3f7_\">\n<div class=\"x78zum5 xdt5ytf\" data-virtualized=\"false\">\n<div class=\"x9f619 x1n2onr6 x1ja2u2z\">\n<div class=\"html-div xdj266r x14z9mp xat24cr x1lziwak xexx8yu xyri2b x18d9i69 x1c1uobl x78zum5 x1n2onr6 xh8yej3\">\n<div class=\"x1n2onr6 x1ja2u2z x1jx94hy xw5cjc7 x1dmpuos x1vsv7so xau1kf4 x9f619 xh8yej3 x6ikm8r x10wlt62 xquyuld\">\n<div>\n<div><\/div>\n<div class=\"x7600vw x10l6tqk x1dquyif\" aria-hidden=\"true\" data-0=\"0\" data-1=\"1\" data-2=\"2\" data-3=\"3\" data-4=\"4\" data-5=\"5\" data-6=\"6\" data-7=\"7\" data-8=\"8\" data-9=\"9\" data-10=\"10\" data-11=\"11\" data-12=\"12\" data-13=\"13\" data-14=\"14\" data-15=\"15\" data-16=\"16\" data-17=\"17\" data-18=\"18\" data-19=\"19\"><\/div>\n<\/div>\n<\/div>\n<\/div>\n<\/div>\n<\/div>\n<\/div>\n<\/div>\n<\/div>\n<\/div>\n<\/div>\n<\/div>\n<\/div>\n","protected":false},"excerpt":{"rendered":"<p>Conseyer\u00eda de Cultura, Pol\u00edtica Lling\u00fc\u00edstica y Deporte El Gobiernu del Princip\u00e1u celebra que les obres escrites en llingua asturiana puedan optar a los Premios Nacionales de Lliteratura a partir del 2026. Esta decisi\u00f3n, anunciada g\u00fcei nel Congresu de los Diputaos pol ministru de Cultura, Ernest Urtasun, sup\u00f3n un fitu hist\u00f3ricu que reconoz espl\u00edcitamente\u2019l valor creativu [&hellip;]<\/p>\n","protected":false},"author":117,"featured_media":0,"comment_status":"closed","ping_status":"open","sticky":false,"template":"","format":"standard","meta":{"footnotes":""},"categories":[44,71,58],"tags":[],"class_list":["post-61822","post","type-post","status-publish","format-standard","hentry","category-asturianu","category-lliteratura","category-premios"],"_links":{"self":[{"href":"https:\/\/edublog.educastur.es\/ixuxu\/wp-json\/wp\/v2\/posts\/61822","targetHints":{"allow":["GET"]}}],"collection":[{"href":"https:\/\/edublog.educastur.es\/ixuxu\/wp-json\/wp\/v2\/posts"}],"about":[{"href":"https:\/\/edublog.educastur.es\/ixuxu\/wp-json\/wp\/v2\/types\/post"}],"author":[{"embeddable":true,"href":"https:\/\/edublog.educastur.es\/ixuxu\/wp-json\/wp\/v2\/users\/117"}],"replies":[{"embeddable":true,"href":"https:\/\/edublog.educastur.es\/ixuxu\/wp-json\/wp\/v2\/comments?post=61822"}],"version-history":[{"count":3,"href":"https:\/\/edublog.educastur.es\/ixuxu\/wp-json\/wp\/v2\/posts\/61822\/revisions"}],"predecessor-version":[{"id":61825,"href":"https:\/\/edublog.educastur.es\/ixuxu\/wp-json\/wp\/v2\/posts\/61822\/revisions\/61825"}],"wp:attachment":[{"href":"https:\/\/edublog.educastur.es\/ixuxu\/wp-json\/wp\/v2\/media?parent=61822"}],"wp:term":[{"taxonomy":"category","embeddable":true,"href":"https:\/\/edublog.educastur.es\/ixuxu\/wp-json\/wp\/v2\/categories?post=61822"},{"taxonomy":"post_tag","embeddable":true,"href":"https:\/\/edublog.educastur.es\/ixuxu\/wp-json\/wp\/v2\/tags?post=61822"}],"curies":[{"name":"wp","href":"https:\/\/api.w.org\/{rel}","templated":true}]}}