{"id":61826,"date":"2025-11-18T14:19:18","date_gmt":"2025-11-18T12:19:18","guid":{"rendered":"https:\/\/edublog.educastur.es\/ixuxu\/?p=61826"},"modified":"2025-11-20T12:00:52","modified_gmt":"2025-11-20T10:00:52","slug":"i-congresu-internacional-de-turismu-rural-dasturies","status":"publish","type":"post","link":"https:\/\/edublog.educastur.es\/ixuxu\/2025\/11\/i-congresu-internacional-de-turismu-rural-dasturies\/","title":{"rendered":"I Congresu Internacional de Turismu Rural d&#8217;Asturies"},"content":{"rendered":"<p style=\"text-align: center\"><a href=\"https:\/\/actualidad.asturias.es\/documents\/537115\/2932199\/congreso+turismo+rural.jpg\/89bd6d74-75d3-538f-1936-afd9e829029f?t=1763472528811\"><img loading=\"lazy\" decoding=\"async\" class=\"aligncenter size-large\" src=\"https:\/\/actualidad.asturias.es\/documents\/537115\/2932199\/congreso+turismo+rural.jpg\/89bd6d74-75d3-538f-1936-afd9e829029f?t=1763472528811\" width=\"1748\" height=\"772\" \/><\/a><\/p>\n<p><a href=\"https:\/\/actualidad.asturias.es\/-\/el-i-congreso-internacional-de-turismo-rural-de-asturias-comienza-ma\u00f1ana-con-todas-las-plazas-cubiertas?redirect=%2Fnoticias\">Actualid\u00e1<\/a> \/ L&#8217;<span style=\"color: #008080\"><strong>I Congresu Internacional de Turismu Rural d&#8217;Asturies<\/strong><\/span> empieza ma\u00f1ana con toles places cubiertes.\u00a0Les inscripciones cerraron la pasada selmana al completase l&#8217;aforu para les sesiones nel Parador de Cangues d\u2019 On\u00eds. Una trentena d&#8217;axencies especializaes d&#8217;Alema\u00f1a, Italia, Pa\u00edses Baxos, Reinu Un\u00edu y Espa\u00f1a percuerren el Princip\u00e1u y van caltener ma\u00f1ana un alcuentru comercial con empresari\u00e1u.<\/p>\n<p><!--more--><\/p>\n<p>L&#8217;alcuentru, entam\u00e1u pol Gobiernu del Princip\u00e1u <strong>con motivu del 40\u00ba aniversariu de la marca Asturies Para\u00edsu Natural,<\/strong> va axuntar mientres dos xornaes a profesionales, representantes institucionales y espertos nacionales ya internacionales para aldericar sobro&#8217;l futuru del sector y asitiar Asturies como referencia internacional del turismu rural sostenible.<\/p>\n<p style=\"text-align: center\"><a href=\"https:\/\/actualidad.asturias.es\/documents\/537115\/2935079\/2025_11_19+vicepresidenta+congreso+turismo+rural+2+%281%29.jpeg\/27338a62-05b3-9388-f3ee-6aeb5a669fd1?t=1763568562610\"><img loading=\"lazy\" decoding=\"async\" class=\"aligncenter size-large\" src=\"https:\/\/actualidad.asturias.es\/documents\/537115\/2935079\/2025_11_19+vicepresidenta+congreso+turismo+rural+2+%281%29.jpeg\/27338a62-05b3-9388-f3ee-6aeb5a669fd1?t=1763568562610\" width=\"4032\" height=\"3024\" \/><\/a><\/p>\n<p>Como antoxana del congresu, <strong>una trentena d&#8217;axencies de viaxe especializaes d&#8217;Alema\u00f1a, Italia, Pa\u00edses Baxos, Reinu Un\u00edu y Espa\u00f1a participen dende&#8217;l domingu en tr\u00e9s itinerarios de familiarizaci\u00f3n per Asturies<\/strong>. Estos percorr\u00edos, centraos na naturaleza y l&#8217;autenticid\u00e1 de los destinos rurales, traviesen dalgunos de los paisaxes m\u00e1s pervalibles de la comunid\u00e1, como cinco de los siete acutes de la biosfera y la mari\u00f1a meyor caltenida d&#8217;Espa\u00f1a. Los axentes esfrutaron, am\u00e1s, d&#8217;esperiencies de turismu activu, cultural y gastron\u00f3micu representatives de l&#8217;autenticid\u00e1 del dest\u00edn.<\/p>\n<p>Loscoperadores internacionales y nacionales van caltener ma\u00f1ana, antes de l&#8217;apertura del congresu, un alcuentru de trabayu con empreses tur\u00edstiques asturianes, 10:00 a 14:00 hores, nel Parador de Cangues d&#8217;On\u00eds, onde van intercambiar propuestes de comercializaci\u00f3n y collaboraci\u00f3n profesional.<\/p>\n<p>La inauguraci\u00f3n oficial va tener llugar a les 15:30 hores y va correr al cargu de la vicepresidenta del Princip\u00e1u, Gimena Llamedo, nun actu que va cuntar cola participaci\u00f3n de representantes institucionales y empresariales del sector.<\/p>\n<p>El primer bloque del congresu, titul\u00e1u<strong> El nuevu viaxeru y l&#8217;evoluci\u00f3n del turismu rural<\/strong>, va encetar los cambeos nel comportamientu del visitante, les nueves motivaciones del turismu rural y los retos de modernizaci\u00f3n, ente que la xornada del xueves va centrase espec\u00edficamente en sostenibilid\u00e1 y turismu responsable.<\/p>\n<p>Ente los ponentes figuren espertos n&#8217;analises d&#8217;enclinos, responsables de plataformes dixitales y d&#8217;asociaciones rurales de distintes rexones espa\u00f1oles, que van tratar sobro innovaci\u00f3n, autenticid\u00e1 y relevu xeneracional.<\/p>\n<p><strong>Esti alcuentru aspira a consolidar Asturies como referente europ\u00e9u en turismu rural sostenible<\/strong>, reforzando la so posici\u00f3n nes exes estrat\u00e9xiques de la pol\u00edtica tur\u00edstica del Gobiernu del Princip\u00e1u: internacionalizaci\u00f3n, desestacionalizaci\u00f3n y triple sostenibilid\u00e1 (ambiental, econ\u00f3mica y social).<\/p>\n<p style=\"text-align: center\"><a href=\"https:\/\/actualidad.asturias.es\/documents\/537115\/2935079\/2025_11_19+vicepresidenta+congreso+turismo+rural+4.jpeg\/a0e50966-b6ec-3d09-c070-6a3609cc36e9?t=1763568562758\"><img loading=\"lazy\" decoding=\"async\" class=\"aligncenter size-large\" src=\"https:\/\/actualidad.asturias.es\/documents\/537115\/2935079\/2025_11_19+vicepresidenta+congreso+turismo+rural+4.jpeg\/a0e50966-b6ec-3d09-c070-6a3609cc36e9?t=1763568562758\" width=\"4032\" height=\"3024\" \/><\/a><\/p>\n","protected":false},"excerpt":{"rendered":"<p>Actualid\u00e1 \/ L&#8217;I Congresu Internacional de Turismu Rural d&#8217;Asturies empieza ma\u00f1ana con toles places cubiertes.\u00a0Les inscripciones cerraron la pasada selmana al completase l&#8217;aforu para les sesiones nel Parador de Cangues d\u2019 On\u00eds. Una trentena d&#8217;axencies especializaes d&#8217;Alema\u00f1a, Italia, Pa\u00edses Baxos, Reinu Un\u00edu y Espa\u00f1a percuerren el Princip\u00e1u y van caltener ma\u00f1ana un alcuentru comercial con [&hellip;]<\/p>\n","protected":false},"author":117,"featured_media":0,"comment_status":"closed","ping_status":"open","sticky":false,"template":"","format":"standard","meta":{"footnotes":""},"categories":[397,18],"tags":[],"class_list":["post-61826","post","type-post","status-publish","format-standard","hentry","category-congresu","category-turismu"],"_links":{"self":[{"href":"https:\/\/edublog.educastur.es\/ixuxu\/wp-json\/wp\/v2\/posts\/61826","targetHints":{"allow":["GET"]}}],"collection":[{"href":"https:\/\/edublog.educastur.es\/ixuxu\/wp-json\/wp\/v2\/posts"}],"about":[{"href":"https:\/\/edublog.educastur.es\/ixuxu\/wp-json\/wp\/v2\/types\/post"}],"author":[{"embeddable":true,"href":"https:\/\/edublog.educastur.es\/ixuxu\/wp-json\/wp\/v2\/users\/117"}],"replies":[{"embeddable":true,"href":"https:\/\/edublog.educastur.es\/ixuxu\/wp-json\/wp\/v2\/comments?post=61826"}],"version-history":[{"count":2,"href":"https:\/\/edublog.educastur.es\/ixuxu\/wp-json\/wp\/v2\/posts\/61826\/revisions"}],"predecessor-version":[{"id":61929,"href":"https:\/\/edublog.educastur.es\/ixuxu\/wp-json\/wp\/v2\/posts\/61826\/revisions\/61929"}],"wp:attachment":[{"href":"https:\/\/edublog.educastur.es\/ixuxu\/wp-json\/wp\/v2\/media?parent=61826"}],"wp:term":[{"taxonomy":"category","embeddable":true,"href":"https:\/\/edublog.educastur.es\/ixuxu\/wp-json\/wp\/v2\/categories?post=61826"},{"taxonomy":"post_tag","embeddable":true,"href":"https:\/\/edublog.educastur.es\/ixuxu\/wp-json\/wp\/v2\/tags?post=61826"}],"curies":[{"name":"wp","href":"https:\/\/api.w.org\/{rel}","templated":true}]}}