{"id":61828,"date":"2025-11-18T14:22:56","date_gmt":"2025-11-18T12:22:56","guid":{"rendered":"https:\/\/edublog.educastur.es\/ixuxu\/?p=61828"},"modified":"2025-11-23T22:44:53","modified_gmt":"2025-11-23T20:44:53","slug":"xuntoiro-lalcuentru-pa-favorecer-lintercambiu-ente-los-sectores-culturales-quusen-leonaviego","status":"publish","type":"post","link":"https:\/\/edublog.educastur.es\/ixuxu\/2025\/11\/xuntoiro-lalcuentru-pa-favorecer-lintercambiu-ente-los-sectores-culturales-quusen-leonaviego\/","title":{"rendered":"Xuntoiro: l&#8217;alcuentru pa favorecer l&#8217;intercambiu ente los sectores culturales qu&#8217;usen l&#8217;eonaviego."},"content":{"rendered":"<p style=\"text-align: center\"><a href=\"https:\/\/actualidad.asturias.es\/documents\/537115\/2931570\/2025_11_18+Cartel+Xuntoiro+2025.jpg\/5e8d9cea-122e-45e1-7381-a1fdbc079bea?t=1763462046452\"><img loading=\"lazy\" decoding=\"async\" class=\"aligncenter \" src=\"https:\/\/actualidad.asturias.es\/documents\/537115\/2931570\/2025_11_18+Cartel+Xuntoiro+2025.jpg\/5e8d9cea-122e-45e1-7381-a1fdbc079bea?t=1763462046452\" width=\"650\" height=\"952\" \/><\/a><\/p>\n<p><a href=\"https:\/\/actualidad.asturias.es\/-\/el-principado-organiza-en-castropol-la-cuarta-edici\u00f3n-del-encuentro-xuntoiro-para-favorecer-el-intercambio-entre-los-sectores-culturales-que-usan-el-eonaviego?redirect=%2Fnoticias\">Actaualid\u00e1<\/a> \/ El Princip\u00e1u entama en Castropol l&#8217;alcuentru Xuntoiro para favorecer l&#8217;intercambiu ente los sectores culturales qu&#8217;usen l&#8217;eonaviego. L&#8217;eventu, que se va celebrar del 21 al 23 d&#8217;esti mes, incl\u00fai conciertos, presentaciones lliteraries, espect\u00e1culos infantiles, esposiciones y un recital po\u00e9ticu en barca pola r\u00eda del Eo.<a class=\"pdf\" title=\"Nota prensa Xuntoiro 2025 (triling\u00fce). Abre una nueva ventana\" href=\"https:\/\/actualidad.asturias.es\/documents\/533407\/0\/2025_11_18+NP+Xuntoiro+%281%29.pdf\/11176e4a-bd0b-8a6c-ca36-07f7c8aa98ee?t=1763469700214\" target=\"_blank\" rel=\"noopener\">\u00a0Nota prensa Xuntoiro 2025 (triling\u00fce)<\/a>\/<a class=\"pdf\" title=\"Programa Xuntoiro 2025. Abre una nueva ventana\" href=\"https:\/\/actualidad.asturias.es\/documents\/533407\/0\/2025_11_18+Programa+Xuntoiro+2025.pdf\/a27a7692-187f-6cc6-c567-5f62155fd277?t=1763462005547\" target=\"_blank\" rel=\"noopener\">Programa Xuntoiro 2025<\/a>Un alcuentru qu&#8217;amuesa la vitalid\u00e1 creativa de la llingua eonaviega.<strong> Los d\u00edes 21, 22 y 23 d&#8217;esti mes podr\u00e1 esfrutase d&#8217;esti eventu<\/strong>, que busca favorecer l&#8217;intercambiu de los distintos sectores culturales qu&#8217;utilicen esta llingua.<\/p>\n<p><!--more--><\/p>\n<p>Tres les ediciones anteriores nos conceyos d&#8217;A Veiga, El Franco y Santalla d&#8217;Ozcos, angua\u00f1o opt\u00f3se per Castropol para acoyer \u00edntegramente esta cita que <strong>pon en valor esta llingua usada nel occidente y la cultura, y qu&#8217;ufierta una trentena d&#8217;actividaes que se van desenvolver, mayoritariamente, nel Teatru Cas\u00edn y la so redolada.<\/strong><\/p>\n<p>Toles actividaes son gratuites y t\u00e1n dirix\u00edes al p\u00fablicu xeneral, con un protagonismu especial para la infancia, a la que se dedica la xornada ma\u00f1anera del d\u00eda 21, en collaboraci\u00f3n col Colexu d&#8217;Educaci\u00f3n Infantil y Primaria El Palombu.<\/p>\n<p>El programa combina talleres infantiles, actividaes familiares y propuestes de dinamizaci\u00f3n del eonaviego cola celebraci\u00f3n de charres, conciertos y teatru. Ente les actividaes destaquen <strong>\u00a1El Xuntoiro chega \u00e1 escola!<\/strong> y <strong>Pedras nel cam\u00edn,<\/strong> la conferencia <strong>A lliteratura eonaviega alredor del Castropol<\/strong> <strong>y El Aldeanu,<\/strong> los conciertos de Susana Gud\u00edn y Mestura y la pieza teatral <strong>A radiu de bulito.<\/strong><\/p>\n<p>El s\u00e1badu ufierta la Libreir\u00eda eonaviega, talleres como&#8217;l de cester\u00eda o&#8217;l de podcast, el cursu expr\u00e9s de Falamos Vos meus primeiros paso col eonaviego y actividaes familiares como \u00a1C\u00fantame un conto! Sumense presentaciones d&#8217;obres como El sabicheiro, y Vos albi\u00f3is pequenos y un alcuentru lliterariu con t\u00edtulos como Estaxos y Mentres faga solombra. La nueche incl\u00fai teatru con El trasno y el molieiro y conciertos de Clandest\u00edas y Amarradizo.<\/p>\n<p>El domingu hai program\u00e1u un taller d&#8217;alfombres florales, la visita empuesta Conocendo Castropol y el recital po\u00e9ticu en barcu Recitando na r\u00eda del Eo, ente otros actos. La xornada va zarrase cola llectura n&#8217;eonaviego de Na mari\u00f1a de Santiniebla y la sesi\u00f3n audiovisual El cine que fala.<\/p>\n<p>Mientres tol eventu ufi\u00e9rtense propuestes permanentes como&#8217;l men\u00fa de versos eonaviegos, esposiciones, la biblioteca ambulante y el bookcrossing \u00a1Ceiba vos llibros!<\/p>\n<p style=\"text-align: center\">\n<!-- iframe plugin v.6.0 wordpress.org\/plugins\/iframe\/ -->\n<iframe loading=\"lazy\" src=\"https:\/\/www.facebook.com\/plugins\/post.php?href=https%3A%2F%2Fwww.facebook.com%2FAcademiadelaLlinguaAsturiana%2Fposts%2Fpfbid0owqgj7QLXDJ9MGVyGUxzuqNXzCVmjDGiuA6o2wD2TB2Nt8KmtBmiFFcqqeLR5dAwl&#038;show_text=false&#038;width=500\" width=\"500\" height=\"498\" style=\"border:none;overflow:hidden\" scrolling=\"no\" frameborder=\"0\" allowfullscreen=\"true\" allow=\"autoplay; clipboard-write; encrypted-media; picture-in-picture; web-share\" 0=\"\/iframe\" class=\"iframe-class\"><\/iframe>\n<\/p>\n<div class=\"html-div xdj266r x14z9mp xat24cr x1lziwak xexx8yu x1a8lsjc xf7dkkf xv54qhq\">\n<div class=\"html-div xdj266r x14z9mp xat24cr x1lziwak xexx8yu xyri2b x18d9i69 x1c1uobl x1jx94hy x78zum5 x1q0g3np\">\n<div class=\"x78zum5 xdt5ytf xz62fqu x16ldp7u\">\n<div class=\"xu06os2 x1ok221b\">\n<div class=\"html-div xdj266r x14z9mp xat24cr x1lziwak xexx8yu xyri2b x18d9i69 x1c1uobl\" data-ad-rendering-role=\"profile_name\">\n<ul>\n<li class=\"html-h3 x14z9mp xat24cr x1lziwak xexx8yu xyri2b x18d9i69 x1c1uobl x1vvkbs x1heor9g x1qlqyl8 x1pd3egz x1a2a7pz x1gslohp x1yc453h\"><span class=\"x1lliihq x6ikm8r x10wlt62 x1n2onr6\"><span class=\"xt0psk2\"><a class=\"x1i10hfl xjbqb8w x1ejq31n x18oe1m7 x1sy0etr xstzfhl x972fbf x10w94by x1qhh985 x14e42zd x9f619 x1ypdohk xt0psk2 x3ct3a4 xdj266r x14z9mp xat24cr x1lziwak xexx8yu xyri2b x18d9i69 x1c1uobl x16tdsg8 x1hl2dhg xggy1nq x1a2a7pz xkrqix3 x1sur9pj xzsf02u x1s688f\" role=\"link\" href=\"https:\/\/www.facebook.com\/AcademiadelaLlinguaAsturiana?__cft__[0]=AZXZIA8P38J918Ob97efG5f48yAogcfjOUXAl9iP0pG3eP9JWUM7blAWXoz1VLadAu9pxIzFWduEQIIgtBCJcag-dVfurAB2Puhry6yR1VbL7TaKfrc9R89LFJe_Lv7AIipcQr8VCY3LOsZCyAUk5nTB3I6PMHU3MKVksm2jNb3h9IUB7vCOhn35QVFl_jP7gmzbjKAXzKWryKGFf_bioCCs&amp;__tn__=-UC%2CP-y-R\"><b class=\"html-b xdj266r x14z9mp xat24cr x1lziwak xexx8yu xyri2b x18d9i69 x1c1uobl x1hl2dhg x16tdsg8 x1vvkbs x1s688f\"><span class=\"html-span xdj266r x14z9mp xat24cr x1lziwak xexx8yu xyri2b x18d9i69 x1c1uobl x1hl2dhg x16tdsg8 x1vvkbs\">Academia de la Llingua Asturiana<\/span><\/b><\/a><\/span><\/span><\/li>\n<\/ul>\n<\/div>\n<\/div>\n<div class=\"xu06os2 x1ok221b\">\n<div class=\"html-div xdj266r x14z9mp xat24cr x1lziwak xexx8yu xyri2b x18d9i69 x1c1uobl x6s0dn4 x17zd0t2 x78zum5 x1q0g3np x1a02dak\"><\/div>\n<\/div>\n<\/div>\n<\/div>\n<\/div>\n<div class=\"html-div xdj266r x14z9mp xat24cr x1lziwak xexx8yu xyri2b x18d9i69 x1c1uobl\" dir=\"auto\">\n<div class=\"html-div xdj266r x14z9mp xat24cr x1lziwak xexx8yu xyri2b x18d9i69 x1c1uobl\" dir=\"auto\">\n<div class=\"html-div xdj266r x14z9mp xat24cr x1lziwak xexx8yu xyri2b x18d9i69 x1c1uobl\" data-ad-rendering-role=\"story_message\">\n<div class=\"x1l90r2v x1iorvi4 x1g0dm76 xpdmqnj\" data-ad-comet-preview=\"message\" data-ad-preview=\"message\">\n<div class=\"x78zum5 xdt5ytf xz62fqu x16ldp7u\">\n<div class=\"xu06os2 x1ok221b\">\n<div class=\"html-div xdj266r x14z9mp xat24cr x1lziwak xexx8yu xyri2b x18d9i69 x1c1uobl\">\n<div class=\"xdj266r x14z9mp xat24cr x1lziwak x1vvkbs x126k92a\">\n<div dir=\"auto\">El Xuntorio 2025, organizao en Castropol polla Conseyeir\u00eda de Cultura, Pol\u00edtica Lling\u00fc\u00edstica y Deporte, acoye, el s\u00e1bado 22 de novembre, un encontro lliterario con dalg\u00faas das autoras con publicaciones recentes y outras novedades editoriales da Secretar\u00eda Lling\u00fc\u00edstica del Navia-Eo.<\/div>\n<\/div>\n<div class=\"x14z9mp xat24cr x1lziwak x1vvkbs xtlvy1s x126k92a\">\n<div dir=\"auto\">A partir das 16:30 vai poder verse a Carmen Si\u00f1eriz y a Mar\u00eda Jos\u00e9 Fraga Su\u00e1rez presentando \u00abEstaxos\u00bb y \u00abMentres faga solombra\u00bb, os n\u00famaros cinco y seis da colecci\u00f3n Bidureira.<\/div>\n<div dir=\"auto\"><\/div>\n<\/div>\n<div class=\"x14z9mp xat24cr x1lziwak x1vvkbs xtlvy1s x126k92a\">\n<div dir=\"auto\">Desp\u00f3s, vai presentarse tam\u00e9n el primeiro n\u00famaro de \u00abViermo Carpinteiro\u00bb, a revista de creaci\u00f3n lliteraria en eonaviego da Secretar\u00eda Lling\u00fc\u00edstica del Navia-Eo.<\/div>\n<div dir=\"auto\"><\/div>\n<\/div>\n<div class=\"x14z9mp xat24cr x1lziwak x1vvkbs xtlvy1s x126k92a\">\n<div dir=\"auto\">M\u00e1s informaci\u00f3n dos llibros y a revista:<\/div>\n<\/div>\n<div class=\"x14z9mp xat24cr x1lziwak x1vvkbs xtlvy1s x126k92a\">\n<div dir=\"auto\"><span class=\"html-span xdj266r x14z9mp xat24cr x1lziwak xexx8yu xyri2b x18d9i69 x1c1uobl x1hl2dhg x16tdsg8 x1vvkbs\"><a class=\"x1i10hfl xjbqb8w x1ejq31n x18oe1m7 x1sy0etr xstzfhl x972fbf x10w94by x1qhh985 x14e42zd x9f619 x1ypdohk xt0psk2 x3ct3a4 xdj266r x14z9mp xat24cr x1lziwak xexx8yu xyri2b x18d9i69 x1c1uobl x16tdsg8 x1hl2dhg xggy1nq x1a2a7pz xkrqix3 x1sur9pj x1fey0fg x1s688f\" role=\"link\" href=\"https:\/\/l.facebook.com\/l.php?u=https%3A%2F%2Falladixital.org%2Fproductu%2Festaxos%2F%3Ffbclid%3DIwZXh0bgNhZW0CMTAAYnJpZBExc1hEUkdWa3BGNFdzUG5MWXNydGMGYXBwX2lkEDIyMjAzOTE3ODgyMDA4OTIAAR45541K1TguUEcZPGoo9B-qQ5_Cjy9sIbCb5yqIR3Kvm9gt0FfXAW77IGeuog_aem_d54ljsmbiiVxDH7k4gDm0g&amp;h=AT0_w5OYKuef1nuUxiRAgzGrhje5g0lcZra84psP-jdi-1J3s1WbvndrHxTF3P15SiQcfM-zYJH6OavL6Kjta3wR4YAtdE1Dmx0AxsdQr0bZ4sgSxpsxmOKlL29pM7z1ehLMluYiPDNSY5lJ3TkYMhsgjooV2w&amp;__tn__=-UK-y-R&amp;c[0]=AT3xxAcx8yEnWVmok_MseRJrGV0e1WfZ4SEoNiFSi1qprBZiAnhxxAsQsbTf3_jWxdOFrZ7fOBnQ92XTzkoy__0oven-PXp58IvHKl0s84XHzaDxdkNKs0Vh-jEI3u9QdtFgjLaP6DThKe4VI4pZ_sWngSdfcBFT5TA3bOlNbIfQtFqt50v6l1Vp-mE3AeL8gGX_FnAgrUPeqPiYO8bOjcOoRF_PJqWUWxRuLJgZuaCVUSNH\" target=\"_blank\" rel=\"nofollow noopener noreferrer\">https:\/\/alladixital.org\/productu\/estaxos\/<\/a><\/span><\/div>\n<div dir=\"auto\"><span class=\"html-span xdj266r x14z9mp xat24cr x1lziwak xexx8yu xyri2b x18d9i69 x1c1uobl x1hl2dhg x16tdsg8 x1vvkbs\"><a class=\"x1i10hfl xjbqb8w x1ejq31n x18oe1m7 x1sy0etr xstzfhl x972fbf x10w94by x1qhh985 x14e42zd x9f619 x1ypdohk xt0psk2 x3ct3a4 xdj266r x14z9mp xat24cr x1lziwak xexx8yu xyri2b x18d9i69 x1c1uobl x16tdsg8 x1hl2dhg xggy1nq x1a2a7pz xkrqix3 x1sur9pj x1fey0fg x1s688f\" role=\"link\" href=\"https:\/\/alladixital.org\/productu\/mentres-faga-solombra\/?fbclid=IwZXh0bgNhZW0CMTAAYnJpZBExc1hEUkdWa3BGNFdzUG5MWXNydGMGYXBwX2lkEDIyMjAzOTE3ODgyMDA4OTIAAR4r2C7CvWggHQCITIEXOLbRXn9clWlW4vDT7_ptchUkUcabGw5NB7uoM1d_xw_aem_9PYyZBqHKAdacZaPyuyf_A\" target=\"_blank\" rel=\"nofollow noopener noreferrer\">https:\/\/alladixital.org\/productu\/mentres-faga-solombra\/<\/a><\/span><\/div>\n<div dir=\"auto\"><span class=\"html-span xdj266r x14z9mp xat24cr x1lziwak xexx8yu xyri2b x18d9i69 x1c1uobl x1hl2dhg x16tdsg8 x1vvkbs\"><a class=\"x1i10hfl xjbqb8w x1ejq31n x18oe1m7 x1sy0etr xstzfhl x972fbf x10w94by x1qhh985 x14e42zd x9f619 x1ypdohk xt0psk2 x3ct3a4 xdj266r x14z9mp xat24cr x1lziwak xexx8yu xyri2b x18d9i69 x1c1uobl x16tdsg8 x1hl2dhg xggy1nq x1a2a7pz xkrqix3 x1sur9pj x1fey0fg x1s688f\" role=\"link\" href=\"https:\/\/l.facebook.com\/l.php?u=https%3A%2F%2Falladixital.org%2Fproductu%2Fviermo-carpinteiro-1%2F%3Ffbclid%3DIwZXh0bgNhZW0CMTAAYnJpZBExc1hEUkdWa3BGNFdzUG5MWXNydGMGYXBwX2lkEDIyMjAzOTE3ODgyMDA4OTIAAR5Gm7jBPSeYX1sAI6VkppazpOAteVrijzRQB0rdAHXTywM6wKVnyXaddSmoZA_aem_brTOPrmwsoxXlZvmEwNU0w&amp;h=AT3Qr9fFP2L4NseA55a1-H0mRsuSNYtH1gtTgy-GAD-Ko5LazHxijZOl0Z1AGNpcum8qoZeWn6eyHe3NFq_tviE1xUuPOSMzrZu2s7JCcstTz0bth59lrbe05bql7RtnY-lr_Vqq_DUUMvtFPYBOolKWBuZ7lw&amp;__tn__=-UK-y-R&amp;c[0]=AT3xxAcx8yEnWVmok_MseRJrGV0e1WfZ4SEoNiFSi1qprBZiAnhxxAsQsbTf3_jWxdOFrZ7fOBnQ92XTzkoy__0oven-PXp58IvHKl0s84XHzaDxdkNKs0Vh-jEI3u9QdtFgjLaP6DThKe4VI4pZ_sWngSdfcBFT5TA3bOlNbIfQtFqt50v6l1Vp-mE3AeL8gGX_FnAgrUPeqPiYO8bOjcOoRF_PJqWUWxRuLJgZuaCVUSNH\" target=\"_blank\" rel=\"nofollow noopener noreferrer\">https:\/\/alladixital.org\/productu\/viermo-carpinteiro-1\/<\/a><\/span><\/div>\n<\/div>\n<div dir=\"auto\">\n<h1 class=\"font-size-xxl margin-b-5 font-weight-b color-b-050 letter-spacing--1 fuente-corporativa\"><span style=\"color: #008080;font-size: 20px\">El Xuntoiro amuesa&#8217;l m\u00fasculu creativu del eonaviegu<\/span><\/h1>\n<\/div>\n<div class=\"x14z9mp xat24cr x1lziwak x1vvkbs xtlvy1s x126k92a\">\n<div dir=\"auto\"><\/div>\n<div dir=\"auto\" style=\"text-align: center\"><a href=\"https:\/\/www.rtpa.es\/fotos\/\/25\/11\/20251122134043_RTPA7381704.webp\"><img loading=\"lazy\" decoding=\"async\" class=\"aligncenter size-large\" src=\"https:\/\/www.rtpa.es\/fotos\/\/25\/11\/20251122134043_RTPA7381704.webp\" width=\"853\" height=\"480\" \/><\/a><\/div>\n<div dir=\"auto\">\n<p class=\"font-size-m padding-b-20 font-weight-b margin-t-16\">Un programa ambiciosu pa promocionar la llingua m\u00e1s occidental de la rex\u00f3n.<\/p>\n<p>Amosar el m\u00fasculu creativu del eonaviegu ye&#8217;l principal fin del cuartu Xuntoiro. Tres pasar y\u00e1 per A Veiga, El Franco y Santalla d&#8217;Ozcos, nesta ocasi\u00f3n Castropol ye&#8217;l llugar escoy\u00edu pa celebrar una trentena d&#8217;actividaes pa promocionar l&#8217;activid\u00e1 cultural alredor del gallego-asturianu, la llingua m\u00e1s occidental de la rex\u00f3n.<\/p>\n<p>Conferencies, cursos, talleres d&#8217;oficios tradicionales y esposiciones de llibros completen un programa mui ambiciosu.<\/p>\n<p>Nun falta la m\u00fasica o&#8217;l teatru. Tami\u00e9n se celebren cursos b\u00e1sicos d\u2019iniciaci\u00f3n al eonaviegu, que cada vez tien m\u00e1s presencia en colexos y institutos de la zona.<\/p>\n<div class=\"col-lg-8 col-md-12 col-xs-12\" role=\"main\" aria-label=\"Bloque del titular, texto imagen o v\u00eddeo de la noticia\">\n<div id=\"noticiacompleta\" class=\"parragraph-padding font-c-conent\">\n<p>Inda va poder esfrutase del Xuntorio esti domingu. Toles actividaes son gratuites.<\/p>\n<\/div>\n<\/div>\n<div class=\"col-lg-4 col-md-12 col-xs-12 padding-t-20 padding-b-20\">\n<div class=\"margin-t-20 margin-b-20\">\n<section class=\"padding-t-20 color-w-0100\">\n<div class=\"row text-align-c padding-t-30 padding-b-30 padding-l-10 padding-r-10 hidden-md-down\" aria-hidden=\"true\">\n<div class=\"col-xs-12\">\n<div id=\"div-rtpa-right1\" class=\"text-align-c\" data-google-query-id=\"CJnv-eKPiZEDFbnPDQkdERwZug\">\n<div id=\"google_ads_iframe_\/22526134856\/rtpa\/right1_0__container__\"><\/div>\n<\/div>\n<\/div>\n<\/div>\n<\/section>\n<\/div>\n<div class=\"margin-t-20 margin-b-20\"><\/div>\n<\/div>\n<\/div>\n<\/div>\n<\/div>\n<\/div>\n<\/div>\n<\/div>\n<\/div>\n<\/div>\n<\/div>\n","protected":false},"excerpt":{"rendered":"<p>Actaualid\u00e1 \/ El Princip\u00e1u entama en Castropol l&#8217;alcuentru Xuntoiro para favorecer l&#8217;intercambiu ente los sectores culturales qu&#8217;usen l&#8217;eonaviego. L&#8217;eventu, que se va celebrar del 21 al 23 d&#8217;esti mes, incl\u00fai conciertos, presentaciones lliteraries, espect\u00e1culos infantiles, esposiciones y un recital po\u00e9ticu en barca pola r\u00eda del Eo.\u00a0Nota prensa Xuntoiro 2025 (triling\u00fce)\/Programa Xuntoiro 2025Un alcuentru qu&#8217;amuesa la [&hellip;]<\/p>\n","protected":false},"author":117,"featured_media":0,"comment_status":"closed","ping_status":"open","sticky":false,"template":"","format":"standard","meta":{"footnotes":""},"categories":[169,393],"tags":[],"class_list":["post-61828","post","type-post","status-publish","format-standard","hentry","category-alcuentru","category-eonaviego"],"_links":{"self":[{"href":"https:\/\/edublog.educastur.es\/ixuxu\/wp-json\/wp\/v2\/posts\/61828","targetHints":{"allow":["GET"]}}],"collection":[{"href":"https:\/\/edublog.educastur.es\/ixuxu\/wp-json\/wp\/v2\/posts"}],"about":[{"href":"https:\/\/edublog.educastur.es\/ixuxu\/wp-json\/wp\/v2\/types\/post"}],"author":[{"embeddable":true,"href":"https:\/\/edublog.educastur.es\/ixuxu\/wp-json\/wp\/v2\/users\/117"}],"replies":[{"embeddable":true,"href":"https:\/\/edublog.educastur.es\/ixuxu\/wp-json\/wp\/v2\/comments?post=61828"}],"version-history":[{"count":6,"href":"https:\/\/edublog.educastur.es\/ixuxu\/wp-json\/wp\/v2\/posts\/61828\/revisions"}],"predecessor-version":[{"id":62277,"href":"https:\/\/edublog.educastur.es\/ixuxu\/wp-json\/wp\/v2\/posts\/61828\/revisions\/62277"}],"wp:attachment":[{"href":"https:\/\/edublog.educastur.es\/ixuxu\/wp-json\/wp\/v2\/media?parent=61828"}],"wp:term":[{"taxonomy":"category","embeddable":true,"href":"https:\/\/edublog.educastur.es\/ixuxu\/wp-json\/wp\/v2\/categories?post=61828"},{"taxonomy":"post_tag","embeddable":true,"href":"https:\/\/edublog.educastur.es\/ixuxu\/wp-json\/wp\/v2\/tags?post=61828"}],"curies":[{"name":"wp","href":"https:\/\/api.w.org\/{rel}","templated":true}]}}