{"id":61835,"date":"2025-11-19T08:30:33","date_gmt":"2025-11-19T06:30:33","guid":{"rendered":"https:\/\/edublog.educastur.es\/ixuxu\/?p=61835"},"modified":"2025-11-19T09:55:07","modified_gmt":"2025-11-19T07:55:07","slug":"el-tiempu-el-comercio-188","status":"publish","type":"post","link":"https:\/\/edublog.educastur.es\/ixuxu\/2025\/11\/el-tiempu-el-comercio-188\/","title":{"rendered":"El tiempu (El Comercio)"},"content":{"rendered":"<p style=\"text-align: center\"><a href=\"https:\/\/s1.ppllstatics.com\/elcomercio\/www\/multimedia\/2025\/11\/18\/prevision-tiempo-asturias-kUGI-U2302588077118HVD-1200x870@El%20Comercio.jpg\"><img loading=\"lazy\" decoding=\"async\" class=\"aligncenter size-large\" src=\"https:\/\/s1.ppllstatics.com\/elcomercio\/www\/multimedia\/2025\/11\/18\/prevision-tiempo-asturias-kUGI-U2302588077118HVD-1200x870@El%20Comercio.jpg\" width=\"1200\" height=\"870\" \/><\/a><\/p>\n<p>Esperamos la entrada d&#8217;una masa d&#8217;aire fr\u00edo que, anque va impactar de llenu nel nord\u00e9s peninsular, tami\u00e9n nos afectar\u00e1 en menor midida pero lo suficiente como para poder llegar a ver nieve a partir de los 700 metros a lo llargo d&#8217;un episodiu que se va enllargar hasta&#8217;l vienres incluy\u00edu.\u00a0 Esperamos precipitaciones y\u00e1 <strong>mientres la ma\u00f1ana<\/strong>, pero a partir de la tarde los bastios van ser muncho m\u00e1s frecuentes ya inclusive abondosos. Va ser a<strong> lo llargo de la tarde<\/strong> cuando la masa d&#8217;aire fr\u00edo vaiga entrando y, d&#8217;esta forma, consiguiendo que la cota de nieve vaiga baxando. Nel tramu final del d\u00eda preve nieve a partir de los 1000 metros d&#8217;altor.<\/p>\n<p>L&#8217;Axencia Estatal de Meteorolox\u00eda va activar <strong>a partir de les 18:00 hores<\/strong> l&#8217;avisu mariellu nel cordal por nevaes a partir de los 1000 metros. <strong>Los vientos<\/strong> van ser fluexos d&#8217;oeste pela ma\u00f1ana, afit\u00e1ndose de norte a lo llargo de la tarde con intensid\u00e1 moderada. <strong>Les temperatures<\/strong> van baxar llixeramente respectu al martes.<\/p>\n<p><!--more--><\/p>\n<p><strong>El xueves<\/strong> va ser un d\u00eda carg\u00e1u de nubes y precipitaciones que van dexar nieve a partir de los 700 metros. L&#8217;avisu nel cordal va pasar a nivel naranxa y, am\u00e1s, nel suroccidente va activase tami\u00e9n l&#8217;avisu mariellu por nevaes. Los vientos van soplar de norte moderaos con raches fuertes na mari\u00f1a.<\/p>\n<p><strong>El vienres<\/strong> prevense nevaes a partir de los 700 metros anque xubiendo hasta los 900 metros.<\/p>\n","protected":false},"excerpt":{"rendered":"<p>Esperamos la entrada d&#8217;una masa d&#8217;aire fr\u00edo que, anque va impactar de llenu nel nord\u00e9s peninsular, tami\u00e9n nos afectar\u00e1 en menor midida pero lo suficiente como para poder llegar a ver nieve a partir de los 700 metros a lo llargo d&#8217;un episodiu que se va enllargar hasta&#8217;l vienres incluy\u00edu.\u00a0 Esperamos precipitaciones y\u00e1 mientres la [&hellip;]<\/p>\n","protected":false},"author":117,"featured_media":0,"comment_status":"closed","ping_status":"open","sticky":false,"template":"","format":"standard","meta":{"footnotes":""},"categories":[5],"tags":[],"class_list":["post-61835","post","type-post","status-publish","format-standard","hentry","category-tiempu"],"_links":{"self":[{"href":"https:\/\/edublog.educastur.es\/ixuxu\/wp-json\/wp\/v2\/posts\/61835","targetHints":{"allow":["GET"]}}],"collection":[{"href":"https:\/\/edublog.educastur.es\/ixuxu\/wp-json\/wp\/v2\/posts"}],"about":[{"href":"https:\/\/edublog.educastur.es\/ixuxu\/wp-json\/wp\/v2\/types\/post"}],"author":[{"embeddable":true,"href":"https:\/\/edublog.educastur.es\/ixuxu\/wp-json\/wp\/v2\/users\/117"}],"replies":[{"embeddable":true,"href":"https:\/\/edublog.educastur.es\/ixuxu\/wp-json\/wp\/v2\/comments?post=61835"}],"version-history":[{"count":1,"href":"https:\/\/edublog.educastur.es\/ixuxu\/wp-json\/wp\/v2\/posts\/61835\/revisions"}],"predecessor-version":[{"id":61836,"href":"https:\/\/edublog.educastur.es\/ixuxu\/wp-json\/wp\/v2\/posts\/61835\/revisions\/61836"}],"wp:attachment":[{"href":"https:\/\/edublog.educastur.es\/ixuxu\/wp-json\/wp\/v2\/media?parent=61835"}],"wp:term":[{"taxonomy":"category","embeddable":true,"href":"https:\/\/edublog.educastur.es\/ixuxu\/wp-json\/wp\/v2\/categories?post=61835"},{"taxonomy":"post_tag","embeddable":true,"href":"https:\/\/edublog.educastur.es\/ixuxu\/wp-json\/wp\/v2\/tags?post=61835"}],"curies":[{"name":"wp","href":"https:\/\/api.w.org\/{rel}","templated":true}]}}