{"id":61837,"date":"2025-11-19T08:45:55","date_gmt":"2025-11-19T06:45:55","guid":{"rendered":"https:\/\/edublog.educastur.es\/ixuxu\/?p=61837"},"modified":"2025-11-19T09:57:32","modified_gmt":"2025-11-19T07:57:32","slug":"estau-del-tiempu-miercoles-19-de-payares","status":"publish","type":"post","link":"https:\/\/edublog.educastur.es\/ixuxu\/2025\/11\/estau-del-tiempu-miercoles-19-de-payares\/","title":{"rendered":"Est\u00e1u del tiempu: mi\u00e9rcoles 19 de payares"},"content":{"rendered":"<div class=\"html-div xdj266r xat24cr x1lziwak xexx8yu xyri2b x18d9i69 x1c1uobl x78zum5 x2lah0s xqtp20y x1xegmmw\"><\/div>\n<div class=\"x1iyjqo2\">\n<div class=\"x78zum5 xdt5ytf xz62fqu x16ldp7u\">\n<div class=\"xu06os2 x1ok221b\">\n<div class=\"x1gslohp\">\n<ul>\n<li class=\"html-h2 x14z9mp xat24cr x1lziwak xexx8yu xyri2b x18d9i69 x1c1uobl x1vvkbs x1heor9g x1qlqyl8 x1pd3egz x1a2a7pz x1gslohp\"><span class=\"x193iq5w xeuugli x13faqbe x1vvkbs x1xmvt09 x1f6kntn xvq8zen xo1l8bm xi81zsa\"><span class=\"xt0psk2\"><span class=\"xjp7ctv\"><a class=\"x1i10hfl xjbqb8w x1ejq31n x18oe1m7 x1sy0etr xstzfhl x972fbf x10w94by x1qhh985 x14e42zd x9f619 x1ypdohk xt0psk2 x3ct3a4 xdj266r x14z9mp xat24cr x1lziwak xexx8yu xyri2b x18d9i69 x1c1uobl x16tdsg8 x1hl2dhg xggy1nq x1a2a7pz xkrqix3 x1sur9pj xzsf02u x1s688f\" role=\"link\" href=\"https:\/\/www.facebook.com\/eltiempuenasturies?__cft__[0]=AZXg3s-jdgp61VHw_wd9s0p3F_UQyI04ggfHKzuZIJHdyBrqNB1LRk2nLOUq4BluwWX5krPgpNfyaybXTaFZq_pgAruR8hsGhQbla-NBGFAakRyySGTpYLKBxQWq0Ty6-P09t19olMyu1-Dmitkq9n0Er6n60F9y6nzaQbTl1bTebRAGfXJxSJgaD7V39MUksP0&amp;__tn__=-UC*F\">El Tiempu n&#8217;Asturies.<\/a><\/span><\/span><\/span><\/li>\n<\/ul>\n<\/div>\n<\/div>\n<div class=\"xu06os2 x1ok221b\"><\/div>\n<\/div>\n<\/div>\n<ul>\n<li><span class=\"x193iq5w xeuugli x13faqbe x1vvkbs x1xmvt09 x1lliihq x1s928wv xhkezso x1gmr53x x1cpjm7i x1fgarty x1943h6x xudqn12 x3x7a5m x1f6kntn xvq8zen xo1l8bm xzsf02u\" dir=\"auto\"><strong><span style=\"color: #008080\">Alborecemos<\/span> <\/strong>col cielu nuboso y dalguna gotera con unes temperatures que tan alrodiu de los 9\u00baC, rexistr\u00e1ndose nel puirtu Payares -0,9\u00baC.<\/span><\/li>\n<li><span class=\"x193iq5w xeuugli x13faqbe x1vvkbs x1xmvt09 x1lliihq x1s928wv xhkezso x1gmr53x x1cpjm7i x1fgarty x1943h6x xudqn12 x3x7a5m x1f6kntn xvq8zen xo1l8bm xzsf02u\" dir=\"auto\"><span style=\"color: #008080\">G\u00fcei<\/span> una masa fr\u00eda emburriada pol vientu del norte va apurrinos precipitaciones y xarabatos sobre too pela tarde cuando puen ser persistentes y de calter moder\u00e1u. La nieve surdir\u00e1 anicialmente perriba de los 1400m pa baxar al finar el d\u00eda pelos 1100m, am\u00e1s nel llitoral los xarabatos puen venir acompangaos de truena y xarazu con unes temperatures en moder\u00e1u descensu.<\/span><\/li>\n<\/ul>\n<p><!--more--><\/p>\n<ul>\n<li><span class=\"x193iq5w xeuugli x13faqbe x1vvkbs x1xmvt09 x1lliihq x1s928wv xhkezso x1gmr53x x1cpjm7i x1fgarty x1943h6x xudqn12 x3x7a5m x1f6kntn xvq8zen xo1l8bm xzsf02u\" dir=\"auto\"><strong><span style=\"color: #008080\">Ma\u00f1ana xueves<\/span> <\/strong>sedr\u00e1 un d\u00eda pas\u00e1u por agua con xarabatos frecuentes ya intensos, sobre too na fastera m\u00e1s oriental onde l&#8217;aire fr\u00edu n&#8217;altor va entrar m\u00e1s nidiamente, na ocidental l&#8217;ausencia d&#8217;esti va facer que les precipitaciones seyan m\u00e1s irrelevantes. Los bastiazos tornar\u00e1n a venir acompangaos de truena y xarazu pel llitoral y la nive surdir\u00e1 pela cordelera perriba de los 1000m, dalgo m\u00e1s baxa cuantu m\u00e1s al este mos atopemos con unes temperatures en bultable descensu.<\/span><\/li>\n<li><span class=\"x193iq5w xeuugli x13faqbe x1vvkbs x1xmvt09 x1lliihq x1s928wv xhkezso x1gmr53x x1cpjm7i x1fgarty x1943h6x xudqn12 x3x7a5m x1f6kntn xvq8zen xo1l8bm xzsf02u\" dir=\"auto\"><span style=\"color: #008080\"><strong>Durante&#8217;l riscar del vienres<\/strong><\/span> seguir\u00e1n los xarabatos frecuentes ya intensos con tendencia a dir espaci\u00e1ndose a partir del mediud\u00eda con unes temperatures que camudar\u00e1n poco calteni\u00e9ndose un ambiente ivernal, am\u00e1s seguir\u00e1 nevando copiosamente pela cordelera perriba de los 900-1000m, dalgo m\u00e1s baxo durante&#8217;l riscar y sobre too na fastera m\u00e1s oriental d&#8217;Asturies.<\/span><\/li>\n<li><span class=\"x193iq5w xeuugli x13faqbe x1vvkbs x1xmvt09 x1lliihq x1s928wv xhkezso x1gmr53x x1cpjm7i x1fgarty x1943h6x xudqn12 x3x7a5m x1f6kntn xvq8zen xo1l8bm xzsf02u\" dir=\"auto\"><strong><span style=\"color: #008080\">El s\u00e1badu y domingu<\/span> <\/strong>templar\u00e1 pero seguir\u00e1 lloviendo y la nieve retroceder\u00e1 perriba de los 1800m.<\/span><\/li>\n<li><span class=\"x193iq5w xeuugli x13faqbe x1vvkbs x1xmvt09 x1lliihq x1s928wv xhkezso x1gmr53x x1cpjm7i x1fgarty x1943h6x xudqn12 x3x7a5m x1f6kntn xvq8zen xo1l8bm xzsf02u\" dir=\"auto\"><strong><span style=\"color: #008080\">Paez que&#8217;l llunes pela tarde<\/span> <\/strong>la llegada d&#8217;una nueva borrasca pue traenos de nuevu precipitaciones abondoses y un descensu de les temperatures con nevaes na cordelera perriba de los 1000m pero esto y\u00e1 lu diremos viendo.<\/span><\/li>\n<\/ul>\n<p>&nbsp;<\/p>\n","protected":false},"excerpt":{"rendered":"<p>El Tiempu n&#8217;Asturies. Alborecemos col cielu nuboso y dalguna gotera con unes temperatures que tan alrodiu de los 9\u00baC, rexistr\u00e1ndose nel puirtu Payares -0,9\u00baC. G\u00fcei una masa fr\u00eda emburriada pol vientu del norte va apurrinos precipitaciones y xarabatos sobre too pela tarde cuando puen ser persistentes y de calter moder\u00e1u. La nieve surdir\u00e1 anicialmente perriba [&hellip;]<\/p>\n","protected":false},"author":117,"featured_media":0,"comment_status":"closed","ping_status":"open","sticky":false,"template":"","format":"standard","meta":{"footnotes":""},"categories":[5],"tags":[],"class_list":["post-61837","post","type-post","status-publish","format-standard","hentry","category-tiempu"],"_links":{"self":[{"href":"https:\/\/edublog.educastur.es\/ixuxu\/wp-json\/wp\/v2\/posts\/61837","targetHints":{"allow":["GET"]}}],"collection":[{"href":"https:\/\/edublog.educastur.es\/ixuxu\/wp-json\/wp\/v2\/posts"}],"about":[{"href":"https:\/\/edublog.educastur.es\/ixuxu\/wp-json\/wp\/v2\/types\/post"}],"author":[{"embeddable":true,"href":"https:\/\/edublog.educastur.es\/ixuxu\/wp-json\/wp\/v2\/users\/117"}],"replies":[{"embeddable":true,"href":"https:\/\/edublog.educastur.es\/ixuxu\/wp-json\/wp\/v2\/comments?post=61837"}],"version-history":[{"count":1,"href":"https:\/\/edublog.educastur.es\/ixuxu\/wp-json\/wp\/v2\/posts\/61837\/revisions"}],"predecessor-version":[{"id":61838,"href":"https:\/\/edublog.educastur.es\/ixuxu\/wp-json\/wp\/v2\/posts\/61837\/revisions\/61838"}],"wp:attachment":[{"href":"https:\/\/edublog.educastur.es\/ixuxu\/wp-json\/wp\/v2\/media?parent=61837"}],"wp:term":[{"taxonomy":"category","embeddable":true,"href":"https:\/\/edublog.educastur.es\/ixuxu\/wp-json\/wp\/v2\/categories?post=61837"},{"taxonomy":"post_tag","embeddable":true,"href":"https:\/\/edublog.educastur.es\/ixuxu\/wp-json\/wp\/v2\/tags?post=61837"}],"curies":[{"name":"wp","href":"https:\/\/api.w.org\/{rel}","templated":true}]}}