{"id":61844,"date":"2025-11-19T11:27:25","date_gmt":"2025-11-19T09:27:25","guid":{"rendered":"https:\/\/edublog.educastur.es\/ixuxu\/?p=61844"},"modified":"2025-11-19T11:28:16","modified_gmt":"2025-11-19T09:28:16","slug":"triu-buir-vero-rubio-anton-ambas-y-pepin-de-munalen","status":"publish","type":"post","link":"https:\/\/edublog.educastur.es\/ixuxu\/2025\/11\/triu-buir-vero-rubio-anton-ambas-y-pepin-de-munalen\/","title":{"rendered":"Tr\u00edu BUIR: Vero Rubio, Ant\u00f3n Amb\u00e1s y Pep\u00edn de Mu\u00f1alen"},"content":{"rendered":"<p style=\"text-align: center\">&lt;\n<!-- iframe plugin v.6.0 wordpress.org\/plugins\/iframe\/ -->\n<iframe loading=\"lazy\" src=\"https:\/\/www.facebook.com\/plugins\/post.php?href=https%3A%2F%2Fwww.facebook.com%2Fphoto.php%3Ffbid%3D10231505485519600%26set%3Da.1120370968799%26type%3D3&#038;show_text=false&#038;width=500\" width=\"500\" height=\"723\" style=\"border:none;overflow:hidden\" scrolling=\"no\" frameborder=\"0\" allowfullscreen=\"true\" allow=\"autoplay; clipboard-write; encrypted-media; picture-in-picture; web-share\" 0=\"\/iframe\" class=\"iframe-class\"><\/iframe>\n<\/p>\n<div class=\"html-div xdj266r x14z9mp xat24cr x1lziwak xexx8yu xyri2b x18d9i69 x1c1uobl\" dir=\"auto\">\n<div class=\"html-div xdj266r x14z9mp xat24cr x1lziwak xexx8yu xyri2b x18d9i69 x1c1uobl\" data-ad-rendering-role=\"story_message\">\n<div id=\"_R_2l5dimjbsmj5ilipamH2_\" class=\"x1l90r2v x1iorvi4 x1g0dm76 xpdmqnj\" data-ad-comet-preview=\"message\" data-ad-preview=\"message\">\n<div class=\"x78zum5 xdt5ytf xz62fqu x16ldp7u\">\n<div class=\"xu06os2 x1ok221b\">\n<div class=\"html-div xdj266r x14z9mp xat24cr x1lziwak xexx8yu xyri2b x18d9i69 x1c1uobl\">\n<div class=\"xdj266r x14z9mp xat24cr x1lziwak x1vvkbs x126k92a\">\n<div dir=\"auto\">Esti viernes y en el marcu incomparable del patio de la Casona de Jovellanos en Gij\u00f3n,<strong> present\u00f3se el tr\u00edu BUIR, que componen Vero Rubio, Ant\u00f3n Amb\u00e1s y Pep\u00edn de Mu\u00f1alen<\/strong>, en un conciertu fant\u00e1sticu dentro del <strong>Ciclo de Folk de C\u00e1mara IGOR MEDIO<\/strong>.\u00a0Taba petao y ya nun cab\u00eda un alfiler.<\/div>\n<\/div>\n<\/div>\n<\/div>\n<\/div>\n<\/div>\n<\/div>\n<\/div>\n","protected":false},"excerpt":{"rendered":"<p>&lt; Esti viernes y en el marcu incomparable del patio de la Casona de Jovellanos en Gij\u00f3n, present\u00f3se el tr\u00edu BUIR, que componen Vero Rubio, Ant\u00f3n Amb\u00e1s y Pep\u00edn de Mu\u00f1alen, en un conciertu fant\u00e1sticu dentro del Ciclo de Folk de C\u00e1mara IGOR MEDIO.\u00a0Taba petao y ya nun cab\u00eda un alfiler.<\/p>\n","protected":false},"author":117,"featured_media":0,"comment_status":"closed","ping_status":"open","sticky":false,"template":"","format":"standard","meta":{"footnotes":""},"categories":[35],"tags":[],"class_list":["post-61844","post","type-post","status-publish","format-standard","hentry","category-musica"],"_links":{"self":[{"href":"https:\/\/edublog.educastur.es\/ixuxu\/wp-json\/wp\/v2\/posts\/61844","targetHints":{"allow":["GET"]}}],"collection":[{"href":"https:\/\/edublog.educastur.es\/ixuxu\/wp-json\/wp\/v2\/posts"}],"about":[{"href":"https:\/\/edublog.educastur.es\/ixuxu\/wp-json\/wp\/v2\/types\/post"}],"author":[{"embeddable":true,"href":"https:\/\/edublog.educastur.es\/ixuxu\/wp-json\/wp\/v2\/users\/117"}],"replies":[{"embeddable":true,"href":"https:\/\/edublog.educastur.es\/ixuxu\/wp-json\/wp\/v2\/comments?post=61844"}],"version-history":[{"count":2,"href":"https:\/\/edublog.educastur.es\/ixuxu\/wp-json\/wp\/v2\/posts\/61844\/revisions"}],"predecessor-version":[{"id":61846,"href":"https:\/\/edublog.educastur.es\/ixuxu\/wp-json\/wp\/v2\/posts\/61844\/revisions\/61846"}],"wp:attachment":[{"href":"https:\/\/edublog.educastur.es\/ixuxu\/wp-json\/wp\/v2\/media?parent=61844"}],"wp:term":[{"taxonomy":"category","embeddable":true,"href":"https:\/\/edublog.educastur.es\/ixuxu\/wp-json\/wp\/v2\/categories?post=61844"},{"taxonomy":"post_tag","embeddable":true,"href":"https:\/\/edublog.educastur.es\/ixuxu\/wp-json\/wp\/v2\/tags?post=61844"}],"curies":[{"name":"wp","href":"https:\/\/api.w.org\/{rel}","templated":true}]}}