{"id":61847,"date":"2025-11-19T14:00:14","date_gmt":"2025-11-19T12:00:14","guid":{"rendered":"https:\/\/edublog.educastur.es\/ixuxu\/?p=61847"},"modified":"2025-11-24T10:01:53","modified_gmt":"2025-11-24T08:01:53","slug":"la-figura-de-la-pitufina-xigante-de-la-pola-ya-llego-al-so-destin","status":"publish","type":"post","link":"https:\/\/edublog.educastur.es\/ixuxu\/2025\/11\/la-figura-de-la-pitufina-xigante-de-la-pola-ya-llego-al-so-destin\/","title":{"rendered":"La figura de la Pitufina xigante de la Pola y\u00e1 lleg\u00f3 al so dest\u00edn."},"content":{"rendered":"<div class=\"x78zum5 xdt5ytf xz62fqu x16ldp7u\">\n<div class=\"xu06os2 x1ok221b\">\n<div class=\"x6s0dn4 x78zum5 xh8yej3\">\n<ul>\n<li class=\"html-h2 xdj266r x14z9mp xat24cr x1lziwak xexx8yu xyri2b x18d9i69 x1c1uobl x1vvkbs x1heor9g x1qlqyl8 x1pd3egz x1a2a7pz\"><span class=\"x193iq5w xeuugli x13faqbe x1vvkbs x1xmvt09 x1f6kntn xvq8zen x1s688f x14ctfv\"><span class=\"x1lliihq x6ikm8r x10wlt62 x1n2onr6\"><span class=\"html-span xdj266r x14z9mp xat24cr x1lziwak xexx8yu xyri2b x18d9i69 x1c1uobl x1hl2dhg x16tdsg8 x1vvkbs x65f84u\"><a class=\"x1i10hfl xjbqb8w x1ejq31n x18oe1m7 x1sy0etr xstzfhl x972fbf x10w94by x1qhh985 x14e42zd x9f619 x1ypdohk xt0psk2 x3ct3a4 xdj266r x14z9mp xat24cr x1lziwak xexx8yu xyri2b x18d9i69 x1c1uobl x16tdsg8 x1hl2dhg xggy1nq x1a2a7pz x1heor9g xkrqix3 x1sur9pj x1s688f\" role=\"link\" href=\"https:\/\/www.facebook.com\/profile.php?id=100064767338201&amp;sk=reels_tab&amp;__cft__[0]=AZXH4F672j0ANiVAjEQKKmJvdo_euU5dcTkMlbdwqUHol1atkx8K0pMZvG_a8WWBl83MrefFw1mkW3znjtO8qUG4qzTy-l8DqagjOqRfAslmmySlrnpR1sW0FxhQ167rZ9aDErkCxsQsRl41HIQwdsJTAn916b_q7CWaCZ57LuyvPg&amp;__tn__=-]F\" target=\"_blank\" rel=\"noopener\" aria-label=\"Ver perfil del propietario\">LNE.es<\/a><\/span><\/span><\/span>\/ <a href=\"https:\/\/www.facebook.com\/reel\/1199286088806238?locale=es_LA\"><strong>Videu<\/strong><\/a> \/El <a href=\"https:\/\/www.elcomercio.es\/area-metropolitana-asturias\/siero-centro\/pitufa-karateca-pola-siero-imagen-mujer-empoderada-20251119134347-nt.html\">Comercio<\/a> \/<\/li>\n<\/ul>\n<p style=\"text-align: center\"><span class=\"x193iq5w xeuugli x13faqbe x1vvkbs xt0psk2 x1i0vuye xvs91rp xo1l8bm x5n08af x10wh9bi xpm28yp x8viiok x1o7cslx x126k92a\"><span class=\"html-span xexx8yu x4uap5 x18d9i69 xkhd6sd x1hl2dhg x16tdsg8 x1vvkbs x3nfvp2 x1j61x8r x1fcty0u xdj266r xat24cr xgzva0m xhhsvwb xxymvpz xlup9mm x1kky2od\">\n<!-- iframe plugin v.6.0 wordpress.org\/plugins\/iframe\/ -->\n<iframe loading=\"lazy\" src=\"https:\/\/www.instagram.com\/p\/DRPYvr2j0wX\/embed\" width=\"480\" height=\"595\" 0=\"\/iframe\" scrolling=\"yes\" class=\"iframe-class\" frameborder=\"0\"><\/iframe>\n<\/span><\/span><\/p>\n<\/div>\n<\/div>\n<\/div>\n<div class=\"xf7dkkf xv54qhq xz9dl7a xsag5q8 x15fl7tb x1odjw0f\">\n<div class=\"x78zum5 xdt5ytf xz62fqu x16ldp7u\">\n<div class=\"xu06os2 x1ok221b\">\n<div class=\"xdj266r x14z9mp xat24cr x1lziwak x1vvkbs x126k92a\">\ud83d\udc64\ud83d\udd35 La figura de la Pitufina xigante de la Pola y\u00e1 lleg\u00f3 al so dest\u00edn, na zona del accesu a la capital sierense pela Autov\u00eda Minera per La Ferrera.<\/div>\n<ul>\n<li class=\"xdj266r x14z9mp xat24cr x1lziwak x1vvkbs x126k92a\">Va en ch\u00e1ndal, al ser una deportista (karateca)<\/li>\n<li class=\"xdj266r x14z9mp xat24cr x1lziwak x1vvkbs x126k92a\">Pesa unos 800 quilos y tien unos cuatro metros d&#8217;altor.<\/li>\n<li class=\"xdj266r x14z9mp xat24cr x1lziwak x1vvkbs x126k92a\">Ta fecha de poliestireno \u2013un pol\u00edmeru pl\u00e1sticu\u2013, qu&#8217;anubre una cadarma de metal.<\/li>\n<li class=\"xdj266r x14z9mp xat24cr x1lziwak x1vvkbs x126k92a\">Una capa de resina prot\u00e9xela del esterior.<\/li>\n<li class=\"xdj266r x14z9mp xat24cr x1lziwak x1vvkbs x126k92a\">Na so fabricaci\u00f3n tard\u00f3se alredor d&#8217;un mes y mediu.<\/li>\n<\/ul>\n<div><!--more--><\/div>\n<div><\/div>\n<div style=\"text-align: center\"><\/div>\n<div>\u00abBienven\u00edos a La Pola\u00bb, ll\u00e9ese nel cartelu xuntu al personaxe, que <strong>s&#8217;amuesa n&#8217;actit\u00fa atacante, pero con una sorrisa p\u00edcara.<\/strong> Ye unu de los mensaxes que quier llanzase con esta pose. Esplic\u00f3lo l&#8217;alcalde de Siero, Cepi:\u00a0 <em>\u00abQuer\u00edamos que fora una muyer, un chisgo contra la violencia machista, n&#8217;una actit\u00fa valiente, &#8216;curi\u00e1u, que podemos protexer y defender, y nun vamos callar&#8217;\u00bb<\/em><\/div>\n<div><\/div>\n<div class=\"xdj266r x14z9mp xat24cr x1lziwak x1vvkbs x126k92a\" style=\"text-align: center\">\n<!-- iframe plugin v.6.0 wordpress.org\/plugins\/iframe\/ -->\n<iframe loading=\"lazy\" src=\"https:\/\/www.facebook.com\/plugins\/video.php?height=476&#038;href=https%3A%2F%2Fwww.facebook.com%2Freel%2F1199286088806238%2F&#038;show_text=false&#038;width=267&#038;t=0\" width=\"267\" height=\"476\" style=\"border:none;overflow:hidden\" scrolling=\"no\" frameborder=\"0\" allowfullscreen=\"true\" allow=\"autoplay; clipboard-write; encrypted-media; picture-in-picture; web-share\" 0=\"\/iframe\" class=\"iframe-class\"><\/iframe>\n<\/div>\n<div><\/div>\n<div>Critic\u00f3se que nun tuviera relaci\u00f3n dalguna cola cultura tradicional, am\u00e1s de pol so costu, 35.000 euros.<\/div>\n<div><\/div>\n<div style=\"text-align: center\">\n<!-- iframe plugin v.6.0 wordpress.org\/plugins\/iframe\/ -->\n<iframe loading=\"lazy\" src=\"https:\/\/www.facebook.com\/plugins\/video.php?height=476&#038;href=https%3A%2F%2Fwww.facebook.com%2Freel%2F1500479771238728%2F&#038;show_text=false&#038;width=267&#038;t=0\" width=\"267\" height=\"476\" style=\"border:none;overflow:hidden\" scrolling=\"no\" frameborder=\"0\" allowfullscreen=\"true\" allow=\"autoplay; clipboard-write; encrypted-media; picture-in-picture; web-share\" 0=\"\/iframe\" class=\"iframe-class\"><\/iframe>\n<\/div>\n<div><\/div>\n<div>El Conceyu de Siero robl\u00f3 en 2023 colos propietarios de la marca de Los Pitufos un <strong>conveniu de collaboraci\u00f3n para llevar a cabu remanes de sensibilizaci\u00f3n y concienciaci\u00f3n de los Oxetivos de Desenvolvimientu Sostenible de les Naciones Xun\u00edes<\/strong>. V\u00e9ronique Culliford, presidenta fundadora de Los Pitufos, y f\u00eda de Peyo, el so ceador, suscribi\u00f3 personalmente&#8217;l conveniu con una visita al Conceyu de Siero.<\/div>\n<\/div>\n<\/div>\n<\/div>\n<p style=\"text-align: center\"><a href=\"https:\/\/estaticos-cdn.prensaiberica.es\/clip\/cd9ecbc6-e9b2-4e06-b878-2f8a2171b01b_source-aspect-ratio_default_0.webp\"><img loading=\"lazy\" decoding=\"async\" class=\"aligncenter size-large\" src=\"https:\/\/estaticos-cdn.prensaiberica.es\/clip\/cd9ecbc6-e9b2-4e06-b878-2f8a2171b01b_source-aspect-ratio_default_0.webp\" width=\"1600\" height=\"1200\" \/><\/a><\/p>\n","protected":false},"excerpt":{"rendered":"<p>LNE.es\/ Videu \/El Comercio \/ \ud83d\udc64\ud83d\udd35 La figura de la Pitufina xigante de la Pola y\u00e1 lleg\u00f3 al so dest\u00edn, na zona del accesu a la capital sierense pela Autov\u00eda Minera per La Ferrera. Va en ch\u00e1ndal, al ser una deportista (karateca) Pesa unos 800 quilos y tien unos cuatro metros d&#8217;altor. Ta fecha de [&hellip;]<\/p>\n","protected":false},"author":117,"featured_media":0,"comment_status":"closed","ping_status":"open","sticky":false,"template":"","format":"standard","meta":{"footnotes":""},"categories":[330,332],"tags":[],"class_list":["post-61847","post","type-post","status-publish","format-standard","hentry","category-escultures","category-estrufinos"],"_links":{"self":[{"href":"https:\/\/edublog.educastur.es\/ixuxu\/wp-json\/wp\/v2\/posts\/61847","targetHints":{"allow":["GET"]}}],"collection":[{"href":"https:\/\/edublog.educastur.es\/ixuxu\/wp-json\/wp\/v2\/posts"}],"about":[{"href":"https:\/\/edublog.educastur.es\/ixuxu\/wp-json\/wp\/v2\/types\/post"}],"author":[{"embeddable":true,"href":"https:\/\/edublog.educastur.es\/ixuxu\/wp-json\/wp\/v2\/users\/117"}],"replies":[{"embeddable":true,"href":"https:\/\/edublog.educastur.es\/ixuxu\/wp-json\/wp\/v2\/comments?post=61847"}],"version-history":[{"count":12,"href":"https:\/\/edublog.educastur.es\/ixuxu\/wp-json\/wp\/v2\/posts\/61847\/revisions"}],"predecessor-version":[{"id":62280,"href":"https:\/\/edublog.educastur.es\/ixuxu\/wp-json\/wp\/v2\/posts\/61847\/revisions\/62280"}],"wp:attachment":[{"href":"https:\/\/edublog.educastur.es\/ixuxu\/wp-json\/wp\/v2\/media?parent=61847"}],"wp:term":[{"taxonomy":"category","embeddable":true,"href":"https:\/\/edublog.educastur.es\/ixuxu\/wp-json\/wp\/v2\/categories?post=61847"},{"taxonomy":"post_tag","embeddable":true,"href":"https:\/\/edublog.educastur.es\/ixuxu\/wp-json\/wp\/v2\/tags?post=61847"}],"curies":[{"name":"wp","href":"https:\/\/api.w.org\/{rel}","templated":true}]}}