{"id":61854,"date":"2025-11-19T21:00:43","date_gmt":"2025-11-19T19:00:43","guid":{"rendered":"https:\/\/edublog.educastur.es\/ixuxu\/?p=61854"},"modified":"2025-11-19T22:26:44","modified_gmt":"2025-11-19T20:26:44","slug":"lavisu-naranxa-por-nevaes-nasturies","status":"publish","type":"post","link":"https:\/\/edublog.educastur.es\/ixuxu\/2025\/11\/lavisu-naranxa-por-nevaes-nasturies\/","title":{"rendered":"L&#8217;avisu NARANXA por nevaes n&#8217;Asturies"},"content":{"rendered":"<div class=\"x1iyjqo2\">\n<div class=\"x78zum5 xdt5ytf xz62fqu x16ldp7u\">\n<div class=\"xu06os2 x1ok221b\">\n<div class=\"x1gslohp\">\n<ul>\n<li class=\"html-h2 x14z9mp xat24cr x1lziwak xexx8yu xyri2b x18d9i69 x1c1uobl x1vvkbs x1heor9g x1qlqyl8 x1pd3egz x1a2a7pz x1gslohp\"><span class=\"x193iq5w xeuugli x13faqbe x1vvkbs x1xmvt09 x1f6kntn xvq8zen xo1l8bm xi81zsa\"><span class=\"xt0psk2\"><span class=\"xjp7ctv\"><a class=\"x1i10hfl xjbqb8w x1ejq31n x18oe1m7 x1sy0etr xstzfhl x972fbf x10w94by x1qhh985 x14e42zd x9f619 x1ypdohk xt0psk2 x3ct3a4 xdj266r x14z9mp xat24cr x1lziwak xexx8yu xyri2b x18d9i69 x1c1uobl x16tdsg8 x1hl2dhg xggy1nq x1a2a7pz xkrqix3 x1sur9pj xzsf02u x1s688f\" role=\"link\" href=\"https:\/\/www.facebook.com\/DelGobAsturias?__cft__[0]=AZWP5JJW-9N_qSHj81tfZRrJ7EhvmCeAJW1bh0t2Qtjj1n5wIwnpg-EiCGGaQ5q9LQLbCQF5EoEShHQY-T84otsvSj-k0-1qTEOS5loqrwXa72w5l_vtEGTEm7eCr83j3i2aqECadEy0ORrH5hT8R-IpWiUFrcjNymsHj1NjF-tIUNZlUzCYwfYh2AlLzav0zwu6s80Wbj5bAzbF1P1l9_-Y&amp;__tn__=-UC*F\">Delegaci\u00f3n del Gobierno en Asturias<\/a><\/span><\/span><\/span><\/li>\n<\/ul>\n<\/div>\n<\/div>\n<\/div>\n<\/div>\n<div class=\"xyinxu5 xyri2b x1g2khh7 x1c1uobl\"><span class=\"x193iq5w xeuugli x13faqbe x1vvkbs x1xmvt09 x1lliihq x1s928wv xhkezso x1gmr53x x1cpjm7i x1fgarty x1943h6x xudqn12 x3x7a5m x1f6kntn xvq8zen xo1l8bm xzsf02u\" dir=\"auto\"><span class=\"x193iq5w xeuugli x13faqbe x1vvkbs x1xmvt09 x1lliihq x1s928wv xhkezso x1gmr53x x1cpjm7i x1fgarty x1943h6x xudqn12 x3x7a5m x1f6kntn xvq8zen xo1l8bm xzsf02u\" dir=\"auto\"><span class=\"html-span xexx8yu xyri2b x18d9i69 x1c1uobl x1hl2dhg x16tdsg8 x1vvkbs x3nfvp2 x1j61x8r x1fcty0u xdj266r xat24cr xm2jcoa x1mpyi22 xxymvpz xlup9mm x1kky2od\"><img loading=\"lazy\" decoding=\"async\" class=\"xz74otr x15mokao x1ga7v0g x16uus16 xbiv7yw\" src=\"https:\/\/static.xx.fbcdn.net\/images\/emoji.php\/v9\/tdc\/1\/16\/26a0.png\" alt=\"\u26a0\ufe0f\" width=\"16\" height=\"16\" \/><\/span>\u00a0<\/span><\/span> \u00c9nte <strong>l&#8217;avisu NARANXA por nevaes<\/strong> comunic\u00e1u pola Axencia Estatal de Meteorolox\u00eda decl\u00e1rase nueva fase d&#8217;ALERTA del Protocolu pa la Coordinaci\u00f3n d&#8217;actuaciones \u00e9nte situaciones meteorol\u00f3xiques adverses na Rede de Carreteres del Est\u00e1u n&#8217;Asturies. Ente les 00.00h del xueves 20 y les 00.00h del vienres 21 de payares. AP66 y N630 (km 66.7 al km 87.1).<\/div>\n<div><\/div>\n<div style=\"text-align: center\">\n<!-- iframe plugin v.6.0 wordpress.org\/plugins\/iframe\/ -->\n<iframe loading=\"lazy\" src=\"https:\/\/www.facebook.com\/plugins\/post.php?href=https%3A%2F%2Fwww.facebook.com%2FDelGobAsturias%2Fposts%2Fpfbid02NZ988uuL2QDBR7yuZ9uyW4zsVgt1vEPn5g9F7tkfy7MqWYtt383FfYPNtiDF8PC4l&#038;show_text=false&#038;width=500\" width=\"500\" height=\"498\" style=\"border:none;overflow:hidden\" scrolling=\"no\" frameborder=\"0\" allowfullscreen=\"true\" allow=\"autoplay; clipboard-write; encrypted-media; picture-in-picture; web-share\" 0=\"\/iframe\" class=\"iframe-class\"><\/iframe>\n<\/div>\n","protected":false},"excerpt":{"rendered":"<p>Delegaci\u00f3n del Gobierno en Asturias \u00a0 \u00c9nte l&#8217;avisu NARANXA por nevaes comunic\u00e1u pola Axencia Estatal de Meteorolox\u00eda decl\u00e1rase nueva fase d&#8217;ALERTA del Protocolu pa la Coordinaci\u00f3n d&#8217;actuaciones \u00e9nte situaciones meteorol\u00f3xiques adverses na Rede de Carreteres del Est\u00e1u n&#8217;Asturies. Ente les 00.00h del xueves 20 y les 00.00h del vienres 21 de payares. AP66 y N630 [&hellip;]<\/p>\n","protected":false},"author":117,"featured_media":0,"comment_status":"closed","ping_status":"open","sticky":false,"template":"","format":"standard","meta":{"footnotes":""},"categories":[5],"tags":[],"class_list":["post-61854","post","type-post","status-publish","format-standard","hentry","category-tiempu"],"_links":{"self":[{"href":"https:\/\/edublog.educastur.es\/ixuxu\/wp-json\/wp\/v2\/posts\/61854","targetHints":{"allow":["GET"]}}],"collection":[{"href":"https:\/\/edublog.educastur.es\/ixuxu\/wp-json\/wp\/v2\/posts"}],"about":[{"href":"https:\/\/edublog.educastur.es\/ixuxu\/wp-json\/wp\/v2\/types\/post"}],"author":[{"embeddable":true,"href":"https:\/\/edublog.educastur.es\/ixuxu\/wp-json\/wp\/v2\/users\/117"}],"replies":[{"embeddable":true,"href":"https:\/\/edublog.educastur.es\/ixuxu\/wp-json\/wp\/v2\/comments?post=61854"}],"version-history":[{"count":2,"href":"https:\/\/edublog.educastur.es\/ixuxu\/wp-json\/wp\/v2\/posts\/61854\/revisions"}],"predecessor-version":[{"id":61857,"href":"https:\/\/edublog.educastur.es\/ixuxu\/wp-json\/wp\/v2\/posts\/61854\/revisions\/61857"}],"wp:attachment":[{"href":"https:\/\/edublog.educastur.es\/ixuxu\/wp-json\/wp\/v2\/media?parent=61854"}],"wp:term":[{"taxonomy":"category","embeddable":true,"href":"https:\/\/edublog.educastur.es\/ixuxu\/wp-json\/wp\/v2\/categories?post=61854"},{"taxonomy":"post_tag","embeddable":true,"href":"https:\/\/edublog.educastur.es\/ixuxu\/wp-json\/wp\/v2\/tags?post=61854"}],"curies":[{"name":"wp","href":"https:\/\/api.w.org\/{rel}","templated":true}]}}