{"id":61887,"date":"2025-11-19T09:30:11","date_gmt":"2025-11-19T07:30:11","guid":{"rendered":"https:\/\/edublog.educastur.es\/ixuxu\/?p=61887"},"modified":"2025-11-19T22:26:10","modified_gmt":"2025-11-19T20:26:10","slug":"el-principau-desplegara-en-2026-la-so-estratexa-pa-eliminar-la-violencia-na-moceda-y-la-infancia","status":"publish","type":"post","link":"https:\/\/edublog.educastur.es\/ixuxu\/2025\/11\/el-principau-desplegara-en-2026-la-so-estratexa-pa-eliminar-la-violencia-na-moceda-y-la-infancia\/","title":{"rendered":"El Princip\u00e1u desplegar\u00e1 en 2026 la so estratexa pa Eliminar la Violencia na Moced\u00e1 y la Infancia"},"content":{"rendered":"<p>A partir del pr\u00f3ximu a\u00f1u, el Princip\u00e1u va empezar a esplegar la so <span style=\"color: #008080\"><strong>Estratexa de Promoci\u00f3n de los Derechos y la Erradicaci\u00f3n de la violencia na moced\u00e1 y l&#8217;infancia<\/strong><\/span>. Un plan, hasta 2030, que busca promover la cultura del bon tratu y redolaes segures para los m\u00e1s nuevos especialmente nes redes sociales. El plan persigue la prevenci\u00f3n, sensibilizaci\u00f3n investigaci\u00f3n de casos de desprotecci\u00f3n.<\/p>\n<p style=\"text-align: center\"><a href=\"https:\/\/www.rtpa.es\/fotos\/\/25\/11\/20251118124518_RTPA7365621.webp\"><img loading=\"lazy\" decoding=\"async\" class=\"aligncenter size-large\" src=\"https:\/\/www.rtpa.es\/fotos\/\/25\/11\/20251118124518_RTPA7365621.webp\" width=\"853\" height=\"480\" \/><\/a><\/p>\n<p><!--more--><\/p>\n<p>Dende l\u2019a\u00f1u qu\u2019entra, el Princip\u00e1u entamar\u00e1 a desplegar la so Estratexa de Promoci\u00f3n de los Derechos y la Eliminaci\u00f3n de la violencia na Moced\u00e1 y la Infancia. Un plan, hasta 2030, que busca esparder la cultura del bon tratu y entornos seguros pa la moced\u00e1, sobre manera nes redes sociales.<\/p>\n<p>Pa celebrar el D\u00eda Internacional de los Derechos de la Infancia del xueves viniente, g\u00fcei present\u00e1ronse eses llinies maestres a profesionales y entidaes.<\/p>\n<p>La estratexa pa Eliminar la Violencia na Moced\u00e1 y la Infancia afondar\u00e1 na prevenci\u00f3n, la sensibilizaci\u00f3n y la investigaci\u00f3n de posibles casos de desprotecci\u00f3n.<\/p>\n<p>Nesta xornada en collaboraci\u00f3n con Unicef y l\u2019Institutu Adolfo Posada, el Princip\u00e1u present\u00f3 les llinies maestres d\u2019un plan que pondr\u00e1\u2019l focu, sobre manera, nes redes sociales.<\/p>\n<p>Como exemplu de planes d\u2019infancia, dellos ayuntamientos esplicaron los sos programes de prevenci\u00f3n de la violencia ente la moced\u00e1.<\/p>\n<p>El Princip\u00e1u entamar\u00e1 a desendolcar esta estratexa dende l\u2019a\u00f1u qu\u2019entra y hasta 2030.<\/p>\n<p>&nbsp;<\/p>\n","protected":false},"excerpt":{"rendered":"<p>A partir del pr\u00f3ximu a\u00f1u, el Princip\u00e1u va empezar a esplegar la so Estratexa de Promoci\u00f3n de los Derechos y la Erradicaci\u00f3n de la violencia na moced\u00e1 y l&#8217;infancia. Un plan, hasta 2030, que busca promover la cultura del bon tratu y redolaes segures para los m\u00e1s nuevos especialmente nes redes sociales. El plan persigue [&hellip;]<\/p>\n","protected":false},"author":117,"featured_media":0,"comment_status":"closed","ping_status":"open","sticky":false,"template":"","format":"standard","meta":{"footnotes":""},"categories":[1],"tags":[],"class_list":["post-61887","post","type-post","status-publish","format-standard","hentry","category-sin-categoria"],"_links":{"self":[{"href":"https:\/\/edublog.educastur.es\/ixuxu\/wp-json\/wp\/v2\/posts\/61887","targetHints":{"allow":["GET"]}}],"collection":[{"href":"https:\/\/edublog.educastur.es\/ixuxu\/wp-json\/wp\/v2\/posts"}],"about":[{"href":"https:\/\/edublog.educastur.es\/ixuxu\/wp-json\/wp\/v2\/types\/post"}],"author":[{"embeddable":true,"href":"https:\/\/edublog.educastur.es\/ixuxu\/wp-json\/wp\/v2\/users\/117"}],"replies":[{"embeddable":true,"href":"https:\/\/edublog.educastur.es\/ixuxu\/wp-json\/wp\/v2\/comments?post=61887"}],"version-history":[{"count":1,"href":"https:\/\/edublog.educastur.es\/ixuxu\/wp-json\/wp\/v2\/posts\/61887\/revisions"}],"predecessor-version":[{"id":61888,"href":"https:\/\/edublog.educastur.es\/ixuxu\/wp-json\/wp\/v2\/posts\/61887\/revisions\/61888"}],"wp:attachment":[{"href":"https:\/\/edublog.educastur.es\/ixuxu\/wp-json\/wp\/v2\/media?parent=61887"}],"wp:term":[{"taxonomy":"category","embeddable":true,"href":"https:\/\/edublog.educastur.es\/ixuxu\/wp-json\/wp\/v2\/categories?post=61887"},{"taxonomy":"post_tag","embeddable":true,"href":"https:\/\/edublog.educastur.es\/ixuxu\/wp-json\/wp\/v2\/tags?post=61887"}],"curies":[{"name":"wp","href":"https:\/\/api.w.org\/{rel}","templated":true}]}}