{"id":61889,"date":"2025-11-19T21:05:45","date_gmt":"2025-11-19T19:05:45","guid":{"rendered":"https:\/\/edublog.educastur.es\/ixuxu\/?p=61889"},"modified":"2025-11-19T22:30:22","modified_gmt":"2025-11-19T20:30:22","slug":"el-cordal-y-los-picos-deuropa-navisu-mariellu-por-nieve","status":"publish","type":"post","link":"https:\/\/edublog.educastur.es\/ixuxu\/2025\/11\/el-cordal-y-los-picos-deuropa-navisu-mariellu-por-nieve\/","title":{"rendered":"El Cordal y Los Picos d&#8217;Europa, n&#8217;avisu mariellu por nieve"},"content":{"rendered":"<p style=\"text-align: center\"><a href=\"https:\/\/www.rtpa.es\/fotos\/\/25\/11\/20251119134352_RTPA7370366.webp\"><img loading=\"lazy\" decoding=\"async\" class=\"aligncenter size-large\" src=\"https:\/\/www.rtpa.es\/fotos\/\/25\/11\/20251119134352_RTPA7370366.webp\" width=\"853\" height=\"480\" \/><\/a><\/p>\n<div id=\"noticiacompleta\" class=\"parragraph-padding font-c-conent\">\n<p class=\"font-size-m padding-b-20 font-weight-b margin-t-16\">Activada la fase d&#8217;alerta por nieve n&#8217;Asturies. <a href=\"https:\/\/www.rtpa.es\/noticias-asturias-ast\/2025-11-19\/El-Cordal-y-Los-Picos-d'Europa,-n'avisu-mariellu-por-nieve_111763549753.html\">TPA<\/a>El Cordal y Los Picos d\u2019Europa t\u00e1n esti mi\u00e9rcoles n\u2019avisu mariellu por nieve que podr\u00eden dexar espesores de diez cent\u00edmetros en 24 hores dende los 1.000 metros, un avisu que s\u2019activar\u00e1 a les 18:00.<\/p>\n<p><!--more--><\/p>\n<p>Seg\u00fan informa l\u2019Axencia Estatal de Meteorolox\u00eda, l\u2019avisu elevar\u00e1se ma\u00f1ana, xueves, a nivel naranxa n\u2019El Cordal y Los Picos por espesores de 20 cent\u00edmetros en 24 hores dende los 800 metros, mientres que la suroccidental tar\u00e1 n\u2019avisu mariellu por acumulaciones de cinco cent\u00edmetros a esa mesma altura.<\/p>\n<p>La Delegaci\u00f3n del Gobiernu n\u2019Asturies activ\u00f3, \u00e9nte la previsi\u00f3n de nieve pa les hores vinientes, la fase d\u2019alerta en nivel mariellu del protocolu pa la coordinaci\u00f3n d\u2019actuaciones \u00e9nte situaciones meteorol\u00f3xiques contraries na rede de carreteres del Est\u00e1u na comunid\u00e1.<\/p>\n<p style=\"text-align: center\"><a href=\"https:\/\/www.rtpa.es\/fotos\/\/25\/11\/20251118193428_RTPA7367514.webp\"><img loading=\"lazy\" decoding=\"async\" class=\"aligncenter size-large\" src=\"https:\/\/www.rtpa.es\/fotos\/\/25\/11\/20251118193428_RTPA7367514.webp\" width=\"853\" height=\"480\" \/><\/a><\/p>\n<\/div>\n<div id=\"noticiacompleta\" class=\"parragraph-padding font-c-conent\">\n<p class=\"font-size-m padding-b-20 font-weight-b margin-t-16\">El protocolu <strong>tien como finalid\u00e1 menguar el riesgu d&#8217;accidentes o alteraciones nes condiciones de circulaci\u00f3n<\/strong>. <a href=\"https:\/\/www.rtpa.es\/noticias-asturias-ast\/2025-11-18\/Asturies-activa-l'operativu-ivernizu-nes-carreteres-con-53-maquines-quitanieve_111763490853.html\">TPA<\/a><\/p>\n<p>L&#8217;operativu ivernizu puestu en marcha pa garantizar la segurid\u00e1 vial nel Princip\u00e1u va tener <strong>53 equipos quitanieve y dep\u00f3sitos con 9.900 tonelaes de fundente y cuasi mediu mill\u00f3n de llitros de salmoria<\/strong> en puntos estrat\u00e9xicos de la rede de carreteres del Est\u00e1u.<\/p>\n<p>La Delegaci\u00f3n del Gobiernu n&#8217;Asturies y la Direcci\u00f3n Xeneral de Tr\u00e1ficu actualizaron el Protocolu de Coordinaci\u00f3n \u00e9nte Nevaes y otros Fen\u00f3menos Meteorol\u00f3xicos Adversos que puean afectar a la Rede de Carreteres del Est\u00e1u na campa\u00f1a 2025-2026.<\/p>\n<p><strong>\u00c9nte situaciones meteorol\u00f3xiques desfavorables pa la conducci\u00f3n, fundamentalmente nieve y xelu<\/strong>, la DXT coord\u00ednase col restu d&#8217;\u00f3rganos de l&#8217;Alministraci\u00f3n Xeneral del Est\u00e1u implicaos, regulando y xestionando\u2019l tr\u00e1ficu col sofitu de la Guardia Civil y calteniendo informaos a los usuarios sobre les incidencies nes v\u00edes que puen condicionar la so circulaci\u00f3n.<\/p>\n<\/div>\n","protected":false},"excerpt":{"rendered":"<p>Activada la fase d&#8217;alerta por nieve n&#8217;Asturies. TPAEl Cordal y Los Picos d\u2019Europa t\u00e1n esti mi\u00e9rcoles n\u2019avisu mariellu por nieve que podr\u00eden dexar espesores de diez cent\u00edmetros en 24 hores dende los 1.000 metros, un avisu que s\u2019activar\u00e1 a les 18:00.<\/p>\n","protected":false},"author":117,"featured_media":0,"comment_status":"closed","ping_status":"open","sticky":false,"template":"","format":"standard","meta":{"footnotes":""},"categories":[5],"tags":[],"class_list":["post-61889","post","type-post","status-publish","format-standard","hentry","category-tiempu"],"_links":{"self":[{"href":"https:\/\/edublog.educastur.es\/ixuxu\/wp-json\/wp\/v2\/posts\/61889","targetHints":{"allow":["GET"]}}],"collection":[{"href":"https:\/\/edublog.educastur.es\/ixuxu\/wp-json\/wp\/v2\/posts"}],"about":[{"href":"https:\/\/edublog.educastur.es\/ixuxu\/wp-json\/wp\/v2\/types\/post"}],"author":[{"embeddable":true,"href":"https:\/\/edublog.educastur.es\/ixuxu\/wp-json\/wp\/v2\/users\/117"}],"replies":[{"embeddable":true,"href":"https:\/\/edublog.educastur.es\/ixuxu\/wp-json\/wp\/v2\/comments?post=61889"}],"version-history":[{"count":5,"href":"https:\/\/edublog.educastur.es\/ixuxu\/wp-json\/wp\/v2\/posts\/61889\/revisions"}],"predecessor-version":[{"id":61894,"href":"https:\/\/edublog.educastur.es\/ixuxu\/wp-json\/wp\/v2\/posts\/61889\/revisions\/61894"}],"wp:attachment":[{"href":"https:\/\/edublog.educastur.es\/ixuxu\/wp-json\/wp\/v2\/media?parent=61889"}],"wp:term":[{"taxonomy":"category","embeddable":true,"href":"https:\/\/edublog.educastur.es\/ixuxu\/wp-json\/wp\/v2\/categories?post=61889"},{"taxonomy":"post_tag","embeddable":true,"href":"https:\/\/edublog.educastur.es\/ixuxu\/wp-json\/wp\/v2\/tags?post=61889"}],"curies":[{"name":"wp","href":"https:\/\/api.w.org\/{rel}","templated":true}]}}