{"id":61897,"date":"2025-11-20T08:30:27","date_gmt":"2025-11-20T06:30:27","guid":{"rendered":"https:\/\/edublog.educastur.es\/ixuxu\/?p=61897"},"modified":"2025-11-20T12:33:30","modified_gmt":"2025-11-20T10:33:30","slug":"el-tiempu-el-comercio-189","status":"publish","type":"post","link":"https:\/\/edublog.educastur.es\/ixuxu\/2025\/11\/el-tiempu-el-comercio-189\/","title":{"rendered":"El tiempu (El Comercio)"},"content":{"rendered":"<p style=\"text-align: center\"><a href=\"https:\/\/s1.ppllstatics.com\/elcomercio\/www\/multimedia\/2025\/11\/19\/tiempo-asturias-jueves-20-noviembre-kCb-U2302588077118HVD-1200x870@El%20Comercio.jpg\"><img loading=\"lazy\" decoding=\"async\" class=\"aligncenter size-large\" src=\"https:\/\/s1.ppllstatics.com\/elcomercio\/www\/multimedia\/2025\/11\/19\/tiempo-asturias-jueves-20-noviembre-kCb-U2302588077118HVD-1200x870@El%20Comercio.jpg\" width=\"1200\" height=\"870\" \/><\/a><\/p>\n<p>Prevense <strong>abondoses nubes n&#8217;Asturies<\/strong> con<strong> ag\u00fces xeneralizaes y nevaes a partir de los 800 metros d&#8217;altor<\/strong>, pudiendo asitiase la cota sobro los 700 metros nel oriente del Princip\u00e1u. Los vientos van soplar de norte-noroeste moderaos con posibilid\u00e1 de raches localmente fuertes na mari\u00f1a, sobremanera pela tarde pudiendo rexistrase raches d&#8217;hasta 80 o 90 km\/h na mari\u00f1a oriental.\u00a0<a href=\"https:\/\/www.112asturias.es\/estado-carreteras\">https:\/\/www.112asturias.es\/estado-carreteras<\/a><\/p>\n<p style=\"text-align: center\"><a href=\"https:\/\/pbs.twimg.com\/media\/G6I9aGYWcAEtCu3?format=jpg&amp;name=medium\"><img loading=\"lazy\" decoding=\"async\" class=\"aligncenter size-large\" src=\"https:\/\/pbs.twimg.com\/media\/G6I9aGYWcAEtCu3?format=jpg&amp;name=medium\" width=\"1080\" height=\"208\" \/><\/a><em><a href=\"https:\/\/www.aemet.es\/es\/eltiempo\/prediccion\/avisos?k=ast#tab1\"><strong>Avisos sobro&#8217;l tiempu n&#8217;Asturies AMET<\/strong><\/a><\/em><\/p>\n<p style=\"text-align: center\"><!--more--><a href=\"https:\/\/pbs.twimg.com\/media\/G6HJZoxWoAAIEnn?format=png&amp;name=small\"><img loading=\"lazy\" decoding=\"async\" class=\"aligncenter size-large\" src=\"https:\/\/pbs.twimg.com\/media\/G6HJZoxWoAAIEnn?format=png&amp;name=small\" width=\"564\" height=\"346\" \/><\/a><span style=\"font-size: 20px\"><em>\u00cdndiz de riesgos forestales n&#8217;Asturies<\/em><\/span><\/p>\n","protected":false},"excerpt":{"rendered":"<p>Prevense abondoses nubes n&#8217;Asturies con ag\u00fces xeneralizaes y nevaes a partir de los 800 metros d&#8217;altor, pudiendo asitiase la cota sobro los 700 metros nel oriente del Princip\u00e1u. Los vientos van soplar de norte-noroeste moderaos con posibilid\u00e1 de raches localmente fuertes na mari\u00f1a, sobremanera pela tarde pudiendo rexistrase raches d&#8217;hasta 80 o 90 km\/h na [&hellip;]<\/p>\n","protected":false},"author":117,"featured_media":0,"comment_status":"closed","ping_status":"closed","sticky":false,"template":"","format":"standard","meta":{"footnotes":""},"categories":[5],"tags":[],"class_list":["post-61897","post","type-post","status-publish","format-standard","hentry","category-tiempu"],"_links":{"self":[{"href":"https:\/\/edublog.educastur.es\/ixuxu\/wp-json\/wp\/v2\/posts\/61897","targetHints":{"allow":["GET"]}}],"collection":[{"href":"https:\/\/edublog.educastur.es\/ixuxu\/wp-json\/wp\/v2\/posts"}],"about":[{"href":"https:\/\/edublog.educastur.es\/ixuxu\/wp-json\/wp\/v2\/types\/post"}],"author":[{"embeddable":true,"href":"https:\/\/edublog.educastur.es\/ixuxu\/wp-json\/wp\/v2\/users\/117"}],"replies":[{"embeddable":true,"href":"https:\/\/edublog.educastur.es\/ixuxu\/wp-json\/wp\/v2\/comments?post=61897"}],"version-history":[{"count":5,"href":"https:\/\/edublog.educastur.es\/ixuxu\/wp-json\/wp\/v2\/posts\/61897\/revisions"}],"predecessor-version":[{"id":61945,"href":"https:\/\/edublog.educastur.es\/ixuxu\/wp-json\/wp\/v2\/posts\/61897\/revisions\/61945"}],"wp:attachment":[{"href":"https:\/\/edublog.educastur.es\/ixuxu\/wp-json\/wp\/v2\/media?parent=61897"}],"wp:term":[{"taxonomy":"category","embeddable":true,"href":"https:\/\/edublog.educastur.es\/ixuxu\/wp-json\/wp\/v2\/categories?post=61897"},{"taxonomy":"post_tag","embeddable":true,"href":"https:\/\/edublog.educastur.es\/ixuxu\/wp-json\/wp\/v2\/tags?post=61897"}],"curies":[{"name":"wp","href":"https:\/\/api.w.org\/{rel}","templated":true}]}}