{"id":61899,"date":"2025-11-20T08:40:36","date_gmt":"2025-11-20T06:40:36","guid":{"rendered":"https:\/\/edublog.educastur.es\/ixuxu\/?p=61899"},"modified":"2025-11-20T09:54:41","modified_gmt":"2025-11-20T07:54:41","slug":"estau-del-tiempu-xueves-20-de-payares","status":"publish","type":"post","link":"https:\/\/edublog.educastur.es\/ixuxu\/2025\/11\/estau-del-tiempu-xueves-20-de-payares\/","title":{"rendered":"Est\u00e1u del tiempu: xueves 20 de payares"},"content":{"rendered":"<ul>\n<li><span class=\"x193iq5w xeuugli x13faqbe x1vvkbs x1xmvt09 x1lliihq x1s928wv xhkezso x1gmr53x x1cpjm7i x1fgarty x1943h6x xudqn12 x3x7a5m x1f6kntn xvq8zen xo1l8bm xzsf02u x1yc453h\" dir=\"auto\"><span class=\"html-span xdj266r x14z9mp xat24cr x1lziwak xexx8yu xyri2b x18d9i69 x1c1uobl x1hl2dhg x16tdsg8 x1vvkbs\"><a class=\"x1i10hfl xjbqb8w x1ejq31n x18oe1m7 x1sy0etr xstzfhl x972fbf x10w94by x1qhh985 x14e42zd x9f619 x1ypdohk xt0psk2 x3ct3a4 xdj266r x14z9mp xat24cr x1lziwak xexx8yu xyri2b x18d9i69 x1c1uobl x16tdsg8 x1hl2dhg xggy1nq x1a2a7pz xkrqix3 x1sur9pj x1fey0fg x1s688f\" role=\"link\" href=\"https:\/\/l.facebook.com\/l.php?u=http%3A%2F%2Fwww.eltiempodejavimo.es%2F%3Ffbclid%3DIwZXh0bgNhZW0CMTAAYnJpZBEwamF1bjMyU0VpdDFwSEVvRHNydGMGYXBwX2lkEDIyMjAzOTE3ODgyMDA4OTIAAR7XjQXpbyaaWid9ToSoFGAeNFaUYpMX9BDElTaneAJUa0mIF6k8LC2yvSI8LQ_aem_nZW0iYwDJZqGmy5WgNFhbA&amp;h=AT1f_opaRkWKGI5vjU9dFlAY6gE8fNGvDk7ZQcbHYKcv4vFKQB52JtTfDrPnr6zabjx-udylnwP-aJNLW0KGBJYa04gDeMD0EqaoYbVSrrb330hKA-ECsYtQf5EZWM-k-yY5I0lqUPSStw&amp;__tn__=-UK-y-R&amp;c[0]=AT2bhvmWl1rYHawddHLCS5Pt4amnKimmiOxpIr9DBMc5mFnRUmqDnbyqlM9bD2FGmU0wOanKJDXsPzg78kf_n_3yCWTFm88x41EBV72bQ3qF-zwFvOPphjNcrclM1myCBcbVVyAh4XJQLBkiNiNblMA5OKnBbH5YPcv2xzr1YfDj-9HmVINQqWjoMepWK-vY2wXxoLaY368S9K8P5nj0pZpOMIL_BbLltuxeFOh7_xN3n2BS\" target=\"_blank\" rel=\"nofollow noopener noreferrer\">www.eltiempodejavimo.es<\/a><\/span> <\/span>\/ <b>E<\/b><span class=\"x1lliihq x6ikm8r x10wlt62 x1n2onr6\"><span class=\"xt0psk2\"><span class=\"xjp7ctv\"><a class=\"x1i10hfl xjbqb8w x1ejq31n x18oe1m7 x1sy0etr xstzfhl x972fbf x10w94by x1qhh985 x14e42zd x9f619 x1ypdohk xt0psk2 x3ct3a4 xdj266r x14z9mp xat24cr x1lziwak xexx8yu xyri2b x18d9i69 x1c1uobl x16tdsg8 x1hl2dhg xggy1nq x1a2a7pz xkrqix3 x1sur9pj xzsf02u x1s688f\" role=\"link\" href=\"https:\/\/www.facebook.com\/eltiempuenasturies?__cft__[0]=AZVbtRiLrhMqKPVZQvFPMg7znzVD8_ldMvyUFDJjL-ZTXpgazuoaXRN9TDV5rmHJYiQGo37aMdqwWDyHqncIGqToh_Iwm0h620iCYveff61cJN30CHX2oVkok5vua07cyzyIJiNSSVbHJcQyc4FJZ7S8uyFjrKDg6rwVpX21SvRMjHg_Gnd6tBrTMLQzcNxRbh_0y4ZDTMMj57-CMKVkAOfw&amp;__tn__=-UC%2CP-y-R\"><b class=\"html-b xdj266r x14z9mp xat24cr x1lziwak xexx8yu xyri2b x18d9i69 x1c1uobl x1hl2dhg x16tdsg8 x1vvkbs x1s688f\"><span class=\"html-span xdj266r x14z9mp xat24cr x1lziwak xexx8yu xyri2b x18d9i69 x1c1uobl x1hl2dhg x16tdsg8 x1vvkbs\">l Tiempu n&#8217;Asturies.<\/span><\/b><\/a><\/span><\/span><\/span><\/li>\n<\/ul>\n<div class=\"html-div xdj266r x14z9mp xat24cr x1lziwak xexx8yu xyri2b x18d9i69 x1c1uobl\" dir=\"auto\">\n<div class=\"html-div xdj266r x14z9mp xat24cr x1lziwak xexx8yu xyri2b x18d9i69 x1c1uobl\" data-ad-rendering-role=\"story_message\">\n<div class=\"x1l90r2v x1iorvi4 x1g0dm76 xpdmqnj\" data-ad-comet-preview=\"message\" data-ad-preview=\"message\">\n<div class=\"x78zum5 xdt5ytf xz62fqu x16ldp7u\">\n<div class=\"xu06os2 x1ok221b\">\n<div class=\"html-div xdj266r x14z9mp xat24cr x1lziwak xexx8yu xyri2b x18d9i69 x1c1uobl\">\n<div class=\"x14z9mp xat24cr x1lziwak x1vvkbs xtlvy1s x126k92a\">\n<ul>\n<li dir=\"auto\"><strong><span style=\"color: #008080\">Alborecemos<\/span><\/strong> col cielu nuboso y precipitaciones febles con unes temperatures que tan alrodiu de los 7\u00baC, rexistr\u00e1ndose nel puirtu Payares -2,3\u00baC onde nieva selemente.<\/li>\n<li dir=\"auto\"><strong><span style=\"color: #008080\">G\u00fcei<\/span> <\/strong>vamos tener el cielu mui nuboso con xarabatos intermitentes que sedr\u00e1n m\u00e1s frucuentes ya intensos pela tarde y cuantu m\u00e1s al oriente mos atopemos, am\u00e1s vendr\u00e1n acompangaos de truena y xarazu nel llitoral y la nieve surdier\u00e1 perriba de los 800-1000m, tando la cota m\u00e1s baxa nel estremu oriental. Les temperatures en descensu y l&#8217;aire va soplar con raches fuertes en zones altes y en puntos de la costa de componente norte-noroeste a partir de la tarde.<\/li>\n<\/ul>\n<div dir=\"auto\"><!--more--><\/div>\n<ul>\n<li dir=\"auto\"><strong><span style=\"color: #008080\">Durante&#8217;l pr\u00f3simu riscar<\/span><\/strong> seguir\u00e1n los xarabatos con intensid\u00e1 y frecuencia pa dir remitiendo ya espaci\u00e1ndose durante la ma\u00f1ana, seguir\u00e1 nevando perriba de los 1000m y les temperatures nun camudar\u00e1n, calteni\u00e9ndose un ambierte fr\u00edu ya ivernal con m\u00e1simes que malpenes algamar\u00e1n los 10\u00baC. L&#8217;aire amenorgar\u00e1 pa quedar sele ya variable al escurecer cuando puen abrise dellos claros o abancios.<\/li>\n<\/ul>\n<\/div>\n<div class=\"x14z9mp xat24cr x1lziwak x1vvkbs xtlvy1s x126k92a\">\n<ul>\n<li dir=\"auto\"><strong><span style=\"color: #008080\">El s\u00e1badu<\/span><\/strong>, dempu\u00e9s d&#8217;una ma\u00f1ana fr\u00eda, entamara a soplar l&#8217;aire gallegu que templar\u00e1 dalgo l&#8217;ambiente, am\u00e1s mos apurrir\u00e1 precipitaciones al atapecer que sedr\u00e1n febles en xeneral, subiendo la nieve perriba de los 1800m.<\/li>\n<\/ul>\n<\/div>\n<div class=\"x14z9mp xat24cr x1lziwak x1vvkbs xtlvy1s x126k92a\">\n<ul>\n<li dir=\"auto\"><strong><span style=\"color: #008080\">El domingu<\/span><\/strong> subir\u00e1n nidiamente les temperatures por mor del vientu gallegu que soplar\u00e1 con raches fuertes nel llitoral y zones altes, am\u00e1s mos apurrir\u00e1 nubosid\u00e1 y precipitaciones al finar el d\u00eda.<\/li>\n<\/ul>\n<\/div>\n<div class=\"x14z9mp xat24cr x1lziwak x1vvkbs xtlvy1s x126k92a\">\n<ul>\n<li dir=\"auto\"><strong><span style=\"color: #008080\">A partir del llunes pela tarde<\/span><\/strong> y sobre too&#8217;l martes un nuevu temporal mos pue dexar de nuevu precipitaciones abondoses, descensu de les temperatures y nevaes significatives perriba de los 1000m na cordelera pero esto y\u00e1 lu diremos viendo.<\/li>\n<\/ul>\n<p style=\"text-align: center\">\n<!-- iframe plugin v.6.0 wordpress.org\/plugins\/iframe\/ -->\n<iframe loading=\"lazy\" src=\"https:\/\/www.facebook.com\/plugins\/post.php?href=https%3A%2F%2Fwww.facebook.com%2Feltiempuenasturies%2Fposts%2Fpfbid02GVvMbu32YjqXnPvRhSj4WuGSL5ANCa9vDV2EKCFx3rHN7VVmTFz5Wk219RBzJTSGl&#038;show_text=false&#038;width=500\" width=\"500\" height=\"498\" style=\"border:none;overflow:hidden\" scrolling=\"no\" frameborder=\"0\" allowfullscreen=\"true\" allow=\"autoplay; clipboard-write; encrypted-media; picture-in-picture; web-share\" 0=\"\/iframe\" class=\"iframe-class\"><\/iframe>\n<\/p>\n<\/div>\n<\/div>\n<\/div>\n<\/div>\n<\/div>\n<\/div>\n<\/div>\n<p>&nbsp;<\/p>\n","protected":false},"excerpt":{"rendered":"<p>www.eltiempodejavimo.es \/ El Tiempu n&#8217;Asturies. Alborecemos col cielu nuboso y precipitaciones febles con unes temperatures que tan alrodiu de los 7\u00baC, rexistr\u00e1ndose nel puirtu Payares -2,3\u00baC onde nieva selemente. G\u00fcei vamos tener el cielu mui nuboso con xarabatos intermitentes que sedr\u00e1n m\u00e1s frucuentes ya intensos pela tarde y cuantu m\u00e1s al oriente mos atopemos, am\u00e1s [&hellip;]<\/p>\n","protected":false},"author":117,"featured_media":0,"comment_status":"closed","ping_status":"closed","sticky":false,"template":"","format":"standard","meta":{"footnotes":""},"categories":[5],"tags":[],"class_list":["post-61899","post","type-post","status-publish","format-standard","hentry","category-tiempu"],"_links":{"self":[{"href":"https:\/\/edublog.educastur.es\/ixuxu\/wp-json\/wp\/v2\/posts\/61899","targetHints":{"allow":["GET"]}}],"collection":[{"href":"https:\/\/edublog.educastur.es\/ixuxu\/wp-json\/wp\/v2\/posts"}],"about":[{"href":"https:\/\/edublog.educastur.es\/ixuxu\/wp-json\/wp\/v2\/types\/post"}],"author":[{"embeddable":true,"href":"https:\/\/edublog.educastur.es\/ixuxu\/wp-json\/wp\/v2\/users\/117"}],"replies":[{"embeddable":true,"href":"https:\/\/edublog.educastur.es\/ixuxu\/wp-json\/wp\/v2\/comments?post=61899"}],"version-history":[{"count":2,"href":"https:\/\/edublog.educastur.es\/ixuxu\/wp-json\/wp\/v2\/posts\/61899\/revisions"}],"predecessor-version":[{"id":61901,"href":"https:\/\/edublog.educastur.es\/ixuxu\/wp-json\/wp\/v2\/posts\/61899\/revisions\/61901"}],"wp:attachment":[{"href":"https:\/\/edublog.educastur.es\/ixuxu\/wp-json\/wp\/v2\/media?parent=61899"}],"wp:term":[{"taxonomy":"category","embeddable":true,"href":"https:\/\/edublog.educastur.es\/ixuxu\/wp-json\/wp\/v2\/categories?post=61899"},{"taxonomy":"post_tag","embeddable":true,"href":"https:\/\/edublog.educastur.es\/ixuxu\/wp-json\/wp\/v2\/tags?post=61899"}],"curies":[{"name":"wp","href":"https:\/\/api.w.org\/{rel}","templated":true}]}}