{"id":61904,"date":"2025-11-20T08:50:08","date_gmt":"2025-11-20T06:50:08","guid":{"rendered":"https:\/\/edublog.educastur.es\/ixuxu\/?p=61904"},"modified":"2025-11-20T09:59:45","modified_gmt":"2025-11-20T07:59:45","slug":"61904","status":"publish","type":"post","link":"https:\/\/edublog.educastur.es\/ixuxu\/2025\/11\/61904\/","title":{"rendered":"Un chorru polar va dexar nevaes que van ser abondo importantes nel Cordal Cant\u00e1bricu"},"content":{"rendered":"<p style=\"text-align: center\"><a href=\"https:\/\/services.meteored.com\/img\/article\/niveles-de-aviso-amarillos-y-naranjas-por-nieve-advertencias-oficiales-en-8-comunidades-1763549188528_1024.png\"><img loading=\"lazy\" decoding=\"async\" class=\"aligncenter size-large\" src=\"https:\/\/services.meteored.com\/img\/article\/niveles-de-aviso-amarillos-y-naranjas-por-nieve-advertencias-oficiales-en-8-comunidades-1763549188528_1024.png\" width=\"1024\" height=\"714\" \/><\/a><\/p>\n<p>Un chorru polar va dexar nevaes que van ser abondo importantes nel Cordal Cant\u00e1bricu, con espesures de m\u00e1s de 50 cm. Tami\u00e9n van llegar a amplies zones del terciu norte peninsular, onde l&#8217;AEMET emiti\u00f3 avisos mariellos y naranxes polos acumulaos previstos, en 24 hores, para la xornada de ma\u00f1ana xueves. T<a href=\"https:\/\/www.tiempo.com\/noticias\/prediccion\/niveles-de-aviso-amarillos-y-naranjas-por-nieve-advertencias-oficiales-en-8-comunidades.html?fbclid=IwY2xjawOLqN1leHRuA2FlbQIxMQBzcnRjBmFwcF9pZBAyMjIwMzkxNzg4MjAwODkyAAEePtV5V77FfW_4cBurYkKPnkS_r08TBPfF_I4qc1vJBWEllEsDqLoeDNTJu2U_aem_LpLmzBaF3PKPdjcAN3I9JQ\">iempo.com<\/a><\/p>\n<p><!--more--><\/p>\n<p>El Cordal y Picos d&#8217;Europa d&#8217;Asturies, Centru y Villaverde (Cantabria) y el Cordal Cant\u00e1bricu de Lli\u00f3n van tar sol avisu naranxa, al qu&#8217;a les 12:00 d&#8217;esti xueves sumar\u00e1se Ll\u00e9bana (Cantabria) polos acumulaos de nieve previstos.<\/p>\n<p style=\"text-align: center\"><a href=\"https:\/\/services.meteored.com\/img\/article\/niveles-de-aviso-amarillos-y-naranjas-por-nieve-advertencias-oficiales-en-8-comunidades-1763549335120_1024.png\"><img loading=\"lazy\" decoding=\"async\" class=\"aligncenter size-large\" src=\"https:\/\/services.meteored.com\/img\/article\/niveles-de-aviso-amarillos-y-naranjas-por-nieve-advertencias-oficiales-en-8-comunidades-1763549335120_1024.png\" width=\"1024\" height=\"714\" \/><\/a><\/p>\n","protected":false},"excerpt":{"rendered":"<p>Un chorru polar va dexar nevaes que van ser abondo importantes nel Cordal Cant\u00e1bricu, con espesures de m\u00e1s de 50 cm. Tami\u00e9n van llegar a amplies zones del terciu norte peninsular, onde l&#8217;AEMET emiti\u00f3 avisos mariellos y naranxes polos acumulaos previstos, en 24 hores, para la xornada de ma\u00f1ana xueves. Tiempo.com<\/p>\n","protected":false},"author":117,"featured_media":0,"comment_status":"closed","ping_status":"closed","sticky":false,"template":"","format":"standard","meta":{"footnotes":""},"categories":[5],"tags":[],"class_list":["post-61904","post","type-post","status-publish","format-standard","hentry","category-tiempu"],"_links":{"self":[{"href":"https:\/\/edublog.educastur.es\/ixuxu\/wp-json\/wp\/v2\/posts\/61904","targetHints":{"allow":["GET"]}}],"collection":[{"href":"https:\/\/edublog.educastur.es\/ixuxu\/wp-json\/wp\/v2\/posts"}],"about":[{"href":"https:\/\/edublog.educastur.es\/ixuxu\/wp-json\/wp\/v2\/types\/post"}],"author":[{"embeddable":true,"href":"https:\/\/edublog.educastur.es\/ixuxu\/wp-json\/wp\/v2\/users\/117"}],"replies":[{"embeddable":true,"href":"https:\/\/edublog.educastur.es\/ixuxu\/wp-json\/wp\/v2\/comments?post=61904"}],"version-history":[{"count":3,"href":"https:\/\/edublog.educastur.es\/ixuxu\/wp-json\/wp\/v2\/posts\/61904\/revisions"}],"predecessor-version":[{"id":61907,"href":"https:\/\/edublog.educastur.es\/ixuxu\/wp-json\/wp\/v2\/posts\/61904\/revisions\/61907"}],"wp:attachment":[{"href":"https:\/\/edublog.educastur.es\/ixuxu\/wp-json\/wp\/v2\/media?parent=61904"}],"wp:term":[{"taxonomy":"category","embeddable":true,"href":"https:\/\/edublog.educastur.es\/ixuxu\/wp-json\/wp\/v2\/categories?post=61904"},{"taxonomy":"post_tag","embeddable":true,"href":"https:\/\/edublog.educastur.es\/ixuxu\/wp-json\/wp\/v2\/tags?post=61904"}],"curies":[{"name":"wp","href":"https:\/\/api.w.org\/{rel}","templated":true}]}}