{"id":61917,"date":"2025-11-20T11:34:16","date_gmt":"2025-11-20T09:34:16","guid":{"rendered":"https:\/\/edublog.educastur.es\/ixuxu\/?p=61917"},"modified":"2025-11-20T22:28:21","modified_gmt":"2025-11-20T20:28:21","slug":"shes-got-a-biz-guia-para-educar-nemprendimiento-a-les-muyeres-del-futuru","status":"publish","type":"post","link":"https:\/\/edublog.educastur.es\/ixuxu\/2025\/11\/shes-got-a-biz-guia-para-educar-nemprendimiento-a-les-muyeres-del-futuru\/","title":{"rendered":"She\u00b4s Got a Biz: Gu\u00eda para educar n&#8217;emprendimiento a les muyeres del futuru."},"content":{"rendered":"<div class=\"articulo-block-title\"><\/div>\n<p>\/v<a href=\"https:\/\/www.canva.com\/design\/DAGeCRpNPi8\/c0dExTQ95IDETdxCgl1gDA\/view\">er Canva<\/a>\u00a0 \/<a href=\"https:\/\/sites.google.com\/femur.es\/shes-got-a-biz-femur\/descargas?authuser=0\" target=\"_blank\" rel=\"noopener\">Acceso a la gu\u00eda<\/a><\/p>\n<p><a href=\"https:\/\/www.google.com\/url?q=https%3A%2F%2Fwww.canva.com%2Fdesign%2FDAGeCRpNPi8%2Fc0dExTQ95IDETdxCgl1gDA%2Fview&amp;sa=D&amp;sntz=1&amp;usg=AOvVaw3ljEkitzTM6T4JQTtUst5V\"><strong><span style=\"color: #008080\">She\u00b4s Got a Biz. Empoderando mentes rurales.<\/span> <\/strong><\/a>Gu\u00eda para educar n&#8217;emprendimiento a les muyeres del futuru.\u00a0Edita: FEMUR (Federaci\u00f3n Espa\u00f1ola de la Muyer Rural). Financi\u00e1u pola Uni\u00f3n Europea al travi\u00e9s del programa Erasmus+.<\/p>\n<p>La Federaci\u00f3n Espa\u00f1ola de la Muyer Rural (FEMUR) presenta la gu\u00eda educativa <strong>destinada al profesor\u00e1u del \u00e1mbitu rural.<\/strong> Tr\u00e1tase d&#8217;un recursu innovador dise\u00f1\u00e1u para fomentar l&#8217;esp\u00edritu entamador ente les moces de zones rurales.<\/p>\n<p style=\"text-align: center\">\n<!-- iframe plugin v.6.0 wordpress.org\/plugins\/iframe\/ -->\n<iframe loading=\"lazy\" 0=\"width:\" 1=\"460px;\" 2=\"height:\" 3=\"900px;\" src=\"https:\/\/www.canva.com\/design\/DAGeCRpNPi8\/c0dExTQ95IDETdxCgl1gDA\/view?embed\" allowfullscreen=\"allowfullscreen\" allow=\"fullscreen\" 4=\"\/iframe\" width=\"100%\" height=\"500\" scrolling=\"yes\" class=\"iframe-class\" frameborder=\"0\"><\/iframe>\n<\/p>\n<p><!--more--><\/p>\n<p style=\"text-align: center\"><a href=\"https:\/\/lh3.googleusercontent.com\/sitesv\/AAzXCkfml5ElYVMyfUVsbRwfROrD-MMkazY955bcYeU1Ik6kejQLIfGvdDKW0-pidV6cFkvAQkMf7gRxbgptRAnO1lal2KzFS9R2Xk5YZ-Y9OliDauOIf9hzSvK59gZDXXMjtEqmbk_T8YdJBh9lShCLld8NLVmkCABHnj014GcEr_VBJLH02a7Z0dvvRQdzXmOnu5N38tC_cVk8SCDkrngSEBFPpxL4XPIZGioTEow=w1280\"><img loading=\"lazy\" decoding=\"async\" class=\"aligncenter size-large\" src=\"https:\/\/lh3.googleusercontent.com\/sitesv\/AAzXCkfml5ElYVMyfUVsbRwfROrD-MMkazY955bcYeU1Ik6kejQLIfGvdDKW0-pidV6cFkvAQkMf7gRxbgptRAnO1lal2KzFS9R2Xk5YZ-Y9OliDauOIf9hzSvK59gZDXXMjtEqmbk_T8YdJBh9lShCLld8NLVmkCABHnj014GcEr_VBJLH02a7Z0dvvRQdzXmOnu5N38tC_cVk8SCDkrngSEBFPpxL4XPIZGioTEow=w1280\" width=\"420\" height=\"243\" \/><\/a><\/p>\n<p>&nbsp;<\/p>\n<p>El proyectu, cofinanci\u00e1u pola Uni\u00f3n Europea al travi\u00e9s del programa Erasmus+, busca empoderar a muyeres rurales por aciu la educaci\u00f3n empresarial, promoviendo la so autonom\u00eda econ\u00f3mica y desenvolvimientu social.<\/p>\n<p style=\"text-align: center\"><a href=\"https:\/\/lh3.googleusercontent.com\/sitesv\/AAzXCkcHIIMynWsMLExiPCpU-U31DUMlQ_QhHQVCvIHmPWMg03iAWDeXo7EyQw07p85wL5IE80vyad_5UU6W89P61kBufy3Dn2rqmfzdjspHR5Q5tlWdTN11K57sIHvBJUcPU4GBv8JdDMSVGbCY7VAw3YU9DYSlTWZk8uFrXxWIeqGwltzpRdlEAsfExGJGAZYks09dExB0lgZRChpFDzyQmbZodKGBqQTtmXAbLeE=w1280\"><img loading=\"lazy\" decoding=\"async\" class=\"aligncenter \" src=\"https:\/\/lh3.googleusercontent.com\/sitesv\/AAzXCkcHIIMynWsMLExiPCpU-U31DUMlQ_QhHQVCvIHmPWMg03iAWDeXo7EyQw07p85wL5IE80vyad_5UU6W89P61kBufy3Dn2rqmfzdjspHR5Q5tlWdTN11K57sIHvBJUcPU4GBv8JdDMSVGbCY7VAw3YU9DYSlTWZk8uFrXxWIeqGwltzpRdlEAsfExGJGAZYks09dExB0lgZRChpFDzyQmbZodKGBqQTtmXAbLeE=w1280\" width=\"583\" height=\"142\" \/><\/a><\/p>\n<p>Empobin\u00e1u al profesor\u00e1u, tien como oxetivos capacitar a docentes en m\u00e9todos d&#8217;ense\u00f1anza empresarial, dotar a les alumnes d&#8217;habilidaes pr\u00e1ctiques, y fomentar la collaboraci\u00f3n ente empreses locales ya instituciones educatives p&#8217;afaer la formaci\u00f3n a les necesidaes del merc\u00e1u.<\/p>\n<p>&nbsp;<\/p>\n","protected":false},"excerpt":{"rendered":"<p>\/ver Canva\u00a0 \/Acceso a la gu\u00eda She\u00b4s Got a Biz. Empoderando mentes rurales. Gu\u00eda para educar n&#8217;emprendimiento a les muyeres del futuru.\u00a0Edita: FEMUR (Federaci\u00f3n Espa\u00f1ola de la Muyer Rural). Financi\u00e1u pola Uni\u00f3n Europea al travi\u00e9s del programa Erasmus+. La Federaci\u00f3n Espa\u00f1ola de la Muyer Rural (FEMUR) presenta la gu\u00eda educativa destinada al profesor\u00e1u del \u00e1mbitu [&hellip;]<\/p>\n","protected":false},"author":117,"featured_media":0,"comment_status":"closed","ping_status":"closed","sticky":false,"template":"","format":"standard","meta":{"footnotes":""},"categories":[26,121],"tags":[],"class_list":["post-61917","post","type-post","status-publish","format-standard","hentry","category-guies","category-muyeres"],"_links":{"self":[{"href":"https:\/\/edublog.educastur.es\/ixuxu\/wp-json\/wp\/v2\/posts\/61917","targetHints":{"allow":["GET"]}}],"collection":[{"href":"https:\/\/edublog.educastur.es\/ixuxu\/wp-json\/wp\/v2\/posts"}],"about":[{"href":"https:\/\/edublog.educastur.es\/ixuxu\/wp-json\/wp\/v2\/types\/post"}],"author":[{"embeddable":true,"href":"https:\/\/edublog.educastur.es\/ixuxu\/wp-json\/wp\/v2\/users\/117"}],"replies":[{"embeddable":true,"href":"https:\/\/edublog.educastur.es\/ixuxu\/wp-json\/wp\/v2\/comments?post=61917"}],"version-history":[{"count":4,"href":"https:\/\/edublog.educastur.es\/ixuxu\/wp-json\/wp\/v2\/posts\/61917\/revisions"}],"predecessor-version":[{"id":61994,"href":"https:\/\/edublog.educastur.es\/ixuxu\/wp-json\/wp\/v2\/posts\/61917\/revisions\/61994"}],"wp:attachment":[{"href":"https:\/\/edublog.educastur.es\/ixuxu\/wp-json\/wp\/v2\/media?parent=61917"}],"wp:term":[{"taxonomy":"category","embeddable":true,"href":"https:\/\/edublog.educastur.es\/ixuxu\/wp-json\/wp\/v2\/categories?post=61917"},{"taxonomy":"post_tag","embeddable":true,"href":"https:\/\/edublog.educastur.es\/ixuxu\/wp-json\/wp\/v2\/tags?post=61917"}],"curies":[{"name":"wp","href":"https:\/\/api.w.org\/{rel}","templated":true}]}}