{"id":61923,"date":"2025-11-19T09:00:25","date_gmt":"2025-11-19T07:00:25","guid":{"rendered":"https:\/\/edublog.educastur.es\/ixuxu\/?p=61923"},"modified":"2025-11-20T11:59:16","modified_gmt":"2025-11-20T09:59:16","slug":"dia-mundial-del-retrete-2","status":"publish","type":"post","link":"https:\/\/edublog.educastur.es\/ixuxu\/2025\/11\/dia-mundial-del-retrete-2\/","title":{"rendered":"D\u00eda Mundial del Retrete"},"content":{"rendered":"<p style=\"text-align: center\"><a href=\"https:\/\/www.caloryfrio.com\/images\/articulos\/sanitarios\/dia-mundial-retrete-2025-siempre-necesitaremos-retrete_1.webp\"><img loading=\"lazy\" decoding=\"async\" class=\"aligncenter size-large\" src=\"https:\/\/www.caloryfrio.com\/images\/articulos\/sanitarios\/dia-mundial-retrete-2025-siempre-necesitaremos-retrete_1.webp\" width=\"918\" height=\"437\" \/><\/a><\/p>\n<p>La tema del eventu de 2025 ye<em><strong><span style=\"color: #008080\"> \u00abel saneamientu nun mundu cambiante\u00bb.\u00a0\u00a0<\/span><\/strong><\/em>G\u00fcei 19 de payares celebra&#8217;l \u201c<strong><span style=\"color: #008080\">Toilet-day<\/span><\/strong>\u201d. Establec\u00edu pola ONU, ye un d\u00eda para resaltar la importancia d&#8217;un bon saneamientu que nos protexa de les enfermedaes y caltenga llimpiu la nuesa redolada. Alredor del mundu hai millones de persones que nun tienen accesu a un sanitariu seguru, afectando sobremanera a los m\u00e1s probes, especialmente a muyeres y ne\u00f1es.<\/p>\n<p><!--more--><\/p>\n<p>Seg\u00fan la ONU la demanda de sanitarios seguros crez, pero la so inversi\u00f3n nun la fai al mesmu ritmu. Dende esta organizaci\u00f3n faen un llamamientu pa crear retretes: que s\u00edan accesibles pa toos, que s\u00edan resilientes a hinchentes, seques y otros choques clim\u00e1ticos,\u00a0 qu&#8217;amenorguen al m\u00ednimu les emisiones de gases d&#8217;efectu invernaderu, que tean sofitaos por sistemes s\u00f3lidos ya inversiones sosten\u00edes.<\/p>\n<p style=\"text-align: center\"><a href=\"https:\/\/actualidad.asturias.es\/documents\/537115\/2934814\/2025_11_+19+Actvidades+cadasa+Luarca+1.jpeg\/ee5efffc-3b37-ec6d-eb49-103d18d7b96a?t=1763562183532\"><img loading=\"lazy\" decoding=\"async\" class=\"aligncenter \" src=\"https:\/\/actualidad.asturias.es\/documents\/537115\/2934814\/2025_11_+19+Actvidades+cadasa+Luarca+1.jpeg\/ee5efffc-3b37-ec6d-eb49-103d18d7b96a?t=1763562183532\" width=\"569\" height=\"629\" \/><\/a><\/p>\n<p><em>\u00a0<\/em><strong><a href=\"https:\/\/consorcioaa.com\/\">CADASA<\/a><\/strong> celebra en Vald\u00e9s el<strong> D\u00eda Mundial del Retrete<\/strong> con talleres <strong>para concenciar sobro l&#8217;usu responsable de l&#8217;agua<\/strong> a 150 escolares. Les actividaes amuesen los problemes que xeneren xestos cotidianos como tirar al inodoro toallines, aceite o melecines qu&#8217;estropien la rede de saneamientu y el mediu ambiente. El Gobiernu d&#8217;Asturies invierte cada a\u00f1u 60 millones na depuraci\u00f3n d&#8217;ag\u00fces residuales. <a href=\"https:\/\/actualidad.asturias.es\/-\/cadasa-celebra-en-vald%C3%A9s-el-d%C3%ADa-mundial-del-retrete-con-talleres-para-concienciar-sobre-el-uso-responsable-del-agua-a-150-escolares?redirect=%2Fnoticias\">Actualid\u00e1<\/a><\/p>\n<p>&nbsp;<\/p>\n<p>Esta efem\u00e9ride sorraya la importancia de<strong> cuntar con sistemes de saneamientu fayadizos, esenciales para&#8217;l desenvolvimientu, la sal\u00fa y la protecci\u00f3n del mediu ambiente.<\/strong><\/p>\n<p>Les actividaes programaes encetaron los problemes que xeneren ciertos vezos cotidianos, como utilizar l&#8217;inodoro de papelera. Refundiar toallines hix\u00e9niques, compreses, pa\u00f1ales, aceite o melecines al retrete provoca obstrucciones nes tuber\u00edes y contrib\u00fai a la contaminaci\u00f3n de l&#8217;agua, lo que xenera da\u00f1os medioambientales y costos adicionales nel caltenimientu de la rede.<\/p>\n<p>Mientres los talleres, educadores ambientales de Cadasa esplicaron la relevancia de l&#8217;agua na vida y los procesos de potabilizaci\u00f3n y depuraci\u00f3n. Paralelamente, na plaza Alfonso X El Sabiu de L.luarca, coincidiendo col merc\u00e1u selmanal, <strong>instal\u00f3se un puntu informativu pa dar a conocer la efem\u00e9ride y les funciones de Cadasa nel ciclu integral de l&#8217;agua.<\/strong><\/p>\n<p style=\"text-align: center\"><a href=\"https:\/\/actualidad.asturias.es\/documents\/537115\/2934814\/2025_11_19+Actividades+Cadasa+Luarca+3.jpeg\/e23dec57-9c3b-5116-6dbc-e5e8898e7f88?t=1763562183684\"><img loading=\"lazy\" decoding=\"async\" class=\"aligncenter \" src=\"https:\/\/actualidad.asturias.es\/documents\/537115\/2934814\/2025_11_19+Actividades+Cadasa+Luarca+3.jpeg\/e23dec57-9c3b-5116-6dbc-e5e8898e7f88?t=1763562183684\" width=\"685\" height=\"515\" \/><\/a><\/p>\n<p>La directora xeneral de l&#8217;Agua, Vanesa Mateo, acompa\u00f1ada pol alcalde de Vald\u00e9s, \u00d3scar P\u00e9rez, y el xerente de Cadasa, Manuel Guti\u00e9rrez, particip\u00f3 nos actos y sorray\u00f3 que nos procesos de depuraci\u00f3n det\u00e9ctense sustances dif\u00edciles de controlar, xeneralmente venceyaes a l&#8217;activid\u00e1 urbana y non a arramaos industriales, lo que complica la so eliminaci\u00f3n.<\/p>\n<p>La Conseyer\u00eda de Movilid\u00e1, Mediu Ambiente y Xesti\u00f3n d&#8217;Emerxencies destina cada a\u00f1u 60 millones al<strong> tratamientu d&#8217;ag\u00fces residuales<\/strong>. En 2024 trat\u00e1ronse cerca de 200 millones de metros c\u00fabicos.<\/p>\n<p>La inversi\u00f3n prioritaria c\u00e9ntrase nel caltenimientu y meyora de la rede de saneamientu, dientro del programa integral que Cadasa desenvuelve en tola rede auton\u00f3mica. Esti sistema da serviciu a m\u00e1s del 80 % de la poblaci\u00f3n asturiana, partida en 55 conceyos, y cuenta con 41 sistemes de saneamientu, 46 depuradores, 36 pequenes instalaciones de tratamientu, 218 estaciones de bomb\u00e9u, 193 alliviaderos, 7 emisarios submarinos y 519 kil\u00f3metros de colectores.<\/p>\n<p style=\"text-align: center\"><a href=\"https:\/\/actualidad.asturias.es\/documents\/537115\/2934814\/2025_11_19+Actividades+Cadasa+Luarca+2+%281%29.jpeg\/22c6087f-53a6-4993-298c-bb880a06c708?t=1763562183611\"><img loading=\"lazy\" decoding=\"async\" class=\"aligncenter \" src=\"https:\/\/actualidad.asturias.es\/documents\/537115\/2934814\/2025_11_19+Actividades+Cadasa+Luarca+2+%281%29.jpeg\/22c6087f-53a6-4993-298c-bb880a06c708?t=1763562183611\" width=\"610\" height=\"457\" \/><\/a><\/p>\n<p>L&#8217;agua ye un recursu natural, indispensable para la vida y para la mayor\u00eda de les nueses actividaes diaries. Unu de los oxetivos del Consorciu d&#8217;Ag\u00fces d&#8217;Asturies ye llevar a cabu una importante llabor de divulgaci\u00f3n sobro l&#8217;agua, los sos ciclos y el so usu responsable. <a href=\"https:\/\/loscuentosdelagua.consorcioaa.com\/\">Los cuentos del agua.<\/a><\/p>\n<p>&nbsp;<\/p>\n<p style=\"text-align: center\"><a href=\"https:\/\/consorcioaa.com\/wp-content\/uploads\/2019\/11\/logo-consorcio-nuevo.png\"><img loading=\"lazy\" decoding=\"async\" class=\"aligncenter size-large\" src=\"https:\/\/consorcioaa.com\/wp-content\/uploads\/2019\/11\/logo-consorcio-nuevo.png\" width=\"250\" height=\"84\" \/><\/a><\/p>\n","protected":false},"excerpt":{"rendered":"<p>La tema del eventu de 2025 ye \u00abel saneamientu nun mundu cambiante\u00bb.\u00a0\u00a0G\u00fcei 19 de payares celebra&#8217;l \u201cToilet-day\u201d. Establec\u00edu pola ONU, ye un d\u00eda para resaltar la importancia d&#8217;un bon saneamientu que nos protexa de les enfermedaes y caltenga llimpiu la nuesa redolada. Alredor del mundu hai millones de persones que nun tienen accesu a un [&hellip;]<\/p>\n","protected":false},"author":117,"featured_media":0,"comment_status":"closed","ping_status":"closed","sticky":false,"template":"","format":"standard","meta":{"footnotes":""},"categories":[6],"tags":[],"class_list":["post-61923","post","type-post","status-publish","format-standard","hentry","category-dia-de"],"_links":{"self":[{"href":"https:\/\/edublog.educastur.es\/ixuxu\/wp-json\/wp\/v2\/posts\/61923","targetHints":{"allow":["GET"]}}],"collection":[{"href":"https:\/\/edublog.educastur.es\/ixuxu\/wp-json\/wp\/v2\/posts"}],"about":[{"href":"https:\/\/edublog.educastur.es\/ixuxu\/wp-json\/wp\/v2\/types\/post"}],"author":[{"embeddable":true,"href":"https:\/\/edublog.educastur.es\/ixuxu\/wp-json\/wp\/v2\/users\/117"}],"replies":[{"embeddable":true,"href":"https:\/\/edublog.educastur.es\/ixuxu\/wp-json\/wp\/v2\/comments?post=61923"}],"version-history":[{"count":5,"href":"https:\/\/edublog.educastur.es\/ixuxu\/wp-json\/wp\/v2\/posts\/61923\/revisions"}],"predecessor-version":[{"id":61928,"href":"https:\/\/edublog.educastur.es\/ixuxu\/wp-json\/wp\/v2\/posts\/61923\/revisions\/61928"}],"wp:attachment":[{"href":"https:\/\/edublog.educastur.es\/ixuxu\/wp-json\/wp\/v2\/media?parent=61923"}],"wp:term":[{"taxonomy":"category","embeddable":true,"href":"https:\/\/edublog.educastur.es\/ixuxu\/wp-json\/wp\/v2\/categories?post=61923"},{"taxonomy":"post_tag","embeddable":true,"href":"https:\/\/edublog.educastur.es\/ixuxu\/wp-json\/wp\/v2\/tags?post=61923"}],"curies":[{"name":"wp","href":"https:\/\/api.w.org\/{rel}","templated":true}]}}