{"id":61952,"date":"2025-11-20T18:10:27","date_gmt":"2025-11-20T16:10:27","guid":{"rendered":"https:\/\/edublog.educastur.es\/ixuxu\/?p=61952"},"modified":"2025-11-20T20:53:36","modified_gmt":"2025-11-20T18:53:36","slug":"lies-la-florida-nel-cursu-2026-2027-va-ser-ya-ies-xuan-bello","status":"publish","type":"post","link":"https:\/\/edublog.educastur.es\/ixuxu\/2025\/11\/lies-la-florida-nel-cursu-2026-2027-va-ser-ya-ies-xuan-bello\/","title":{"rendered":"L&#8217;IES La Florida, nel cursu 2026\/2027 va ser y\u00e1 IES Xuan Bello"},"content":{"rendered":"<div class=\"xdj266r x14z9mp xat24cr x1lziwak x1vvkbs x126k92a\">\n<div dir=\"auto\">Aprob\u00e1u definitivamente\u2019l cambiu de nome del IES La Florida, nel cursu 2026\/2027 va ser y\u00e1 IES <span class=\"html-span xdj266r x14z9mp xat24cr x1lziwak xexx8yu xyri2b x18d9i69 x1c1uobl x1hl2dhg x16tdsg8 x1vvkbs\"><a class=\"x1i10hfl xjbqb8w x1ejq31n x18oe1m7 x1sy0etr xstzfhl x972fbf x10w94by x1qhh985 x14e42zd x9f619 x1ypdohk xt0psk2 x3ct3a4 xdj266r x14z9mp xat24cr x1lziwak xexx8yu xyri2b x18d9i69 x1c1uobl x16tdsg8 x1hl2dhg xggy1nq x1a2a7pz xkrqix3 x1sur9pj x1fey0fg x1s688f\" role=\"link\" href=\"https:\/\/www.facebook.com\/xuan.bello?__cft__[0]=AZX9Et2L31hgByGle7IhsueuSekcgBJYt_gaGa5pgP8DJBACrRL_C-YxnAMS77wp-QGJy5f_N2sMwTI15PXBWZMhzuD69nTXu48PE7y08rtvgpgEhZ4Av15jesYEquYySlRtEt016i3YB4nZwyqv7RnU46LrjKfFpDTZDx4wepH0G7vg9BQ748Db4og3i2SUCE4nfFkfwPJ9x5J5uvACM666&amp;__tn__=-]K-y-R\"><span class=\"xt0psk2\"><span class=\"xjp7ctv\">Xuan Bello<\/span><\/span><\/a><\/span>. Una homenaxe bien merec\u00edu al escritor que nos dex\u00f3 esti a\u00f1u. Recu\u00e9yelo\u2019l BOPA de g\u00fcei: <span class=\"html-span xdj266r x14z9mp xat24cr x1lziwak xexx8yu xyri2b x18d9i69 x1c1uobl x1hl2dhg x16tdsg8 x1vvkbs\"><a class=\"x1i10hfl xjbqb8w x1ejq31n x18oe1m7 x1sy0etr xstzfhl x972fbf x10w94by x1qhh985 x14e42zd x9f619 x1ypdohk xt0psk2 x3ct3a4 xdj266r x14z9mp xat24cr x1lziwak xexx8yu xyri2b x18d9i69 x1c1uobl x16tdsg8 x1hl2dhg xggy1nq x1a2a7pz xkrqix3 x1sur9pj x1fey0fg x1s688f\" role=\"link\" href=\"https:\/\/miprincipado.asturias.es\/bopa\/2025\/11\/20\/2025-09390.pdf?fbclid=IwZXh0bgNhZW0CMTAAYnJpZBExc1hEUkdWa3BGNFdzUG5MWXNydGMGYXBwX2lkEDIyMjAzOTE3ODgyMDA4OTIAAR7Fa97R8jyOIjluhUMbMOH_TfCmhcFJ9eIdRiFeHUSVWYYN8kxeCvIjWPjVRQ_aem_BISXgIvhGCfEXvf42J_7Kw\" target=\"_blank\" rel=\"nofollow noopener noreferrer\">https:\/\/miprincipado.asturias.es\/&#8230;\/11\/20\/2025-09390.pdf<\/a><\/span><\/div>\n<div dir=\"auto\"><\/div>\n<div dir=\"auto\" style=\"text-align: center\"><a href=\"https:\/\/imagenes.elpais.com\/resizer\/v2\/E7GMMIKA6FCP5AJFKA75JTLDBI.jpg?auth=e813e17808aa7dd801e6bc70754bf5e9ce67028eb45dadd74c90c93982803f46&amp;width=1200\"><img loading=\"lazy\" decoding=\"async\" class=\"aligncenter \" src=\"https:\/\/imagenes.elpais.com\/resizer\/v2\/E7GMMIKA6FCP5AJFKA75JTLDBI.jpg?auth=e813e17808aa7dd801e6bc70754bf5e9ce67028eb45dadd74c90c93982803f46&amp;width=1200\" width=\"820\" height=\"615\" \/><\/a><\/div>\n<div dir=\"auto\"><\/div>\n<div dir=\"auto\"><\/div>\n<div dir=\"auto\">L&#8217;escritor Xuan Bellu dexaba daqu\u00e9 m\u00e1s g\u00fc\u00e9rfanes les lletres d&#8217;Asturies el pas\u00e1u mes d&#8217;agostu. El que fuera <strong>una de les voces m\u00e1s reconocible de la cultura asturiana<\/strong>, y unos de los sos m\u00e1ximos esponentes nes sos forma lliteraria, fin\u00e1u a la temprana ed\u00e1 de 60 a\u00f1os,\u00a0 ye l&#8217;escritor va dar nome al IES de La Florida, n&#8217;Uvi\u00e9u, inaugur\u00e1u&#8217;l pas\u00e1u a\u00f1u y que va rindir tributu asina al cuartanu. L\u2019escritor tinetense <strong>foi&#8217;l primer Premiu Nacional de Lliteratura Asturiana.<\/strong><\/div>\n<\/div>\n","protected":false},"excerpt":{"rendered":"<p>Aprob\u00e1u definitivamente\u2019l cambiu de nome del IES La Florida, nel cursu 2026\/2027 va ser y\u00e1 IES Xuan Bello. Una homenaxe bien merec\u00edu al escritor que nos dex\u00f3 esti a\u00f1u. Recu\u00e9yelo\u2019l BOPA de g\u00fcei: https:\/\/miprincipado.asturias.es\/&#8230;\/11\/20\/2025-09390.pdf L&#8217;escritor Xuan Bellu dexaba daqu\u00e9 m\u00e1s g\u00fc\u00e9rfanes les lletres d&#8217;Asturies el pas\u00e1u mes d&#8217;agostu. El que fuera una de les voces [&hellip;]<\/p>\n","protected":false},"author":117,"featured_media":0,"comment_status":"closed","ping_status":"closed","sticky":false,"template":"","format":"standard","meta":{"footnotes":""},"categories":[487,1],"tags":[],"class_list":["post-61952","post","type-post","status-publish","format-standard","hentry","category-ies-xuan-bello","category-sin-categoria"],"_links":{"self":[{"href":"https:\/\/edublog.educastur.es\/ixuxu\/wp-json\/wp\/v2\/posts\/61952","targetHints":{"allow":["GET"]}}],"collection":[{"href":"https:\/\/edublog.educastur.es\/ixuxu\/wp-json\/wp\/v2\/posts"}],"about":[{"href":"https:\/\/edublog.educastur.es\/ixuxu\/wp-json\/wp\/v2\/types\/post"}],"author":[{"embeddable":true,"href":"https:\/\/edublog.educastur.es\/ixuxu\/wp-json\/wp\/v2\/users\/117"}],"replies":[{"embeddable":true,"href":"https:\/\/edublog.educastur.es\/ixuxu\/wp-json\/wp\/v2\/comments?post=61952"}],"version-history":[{"count":5,"href":"https:\/\/edublog.educastur.es\/ixuxu\/wp-json\/wp\/v2\/posts\/61952\/revisions"}],"predecessor-version":[{"id":61957,"href":"https:\/\/edublog.educastur.es\/ixuxu\/wp-json\/wp\/v2\/posts\/61952\/revisions\/61957"}],"wp:attachment":[{"href":"https:\/\/edublog.educastur.es\/ixuxu\/wp-json\/wp\/v2\/media?parent=61952"}],"wp:term":[{"taxonomy":"category","embeddable":true,"href":"https:\/\/edublog.educastur.es\/ixuxu\/wp-json\/wp\/v2\/categories?post=61952"},{"taxonomy":"post_tag","embeddable":true,"href":"https:\/\/edublog.educastur.es\/ixuxu\/wp-json\/wp\/v2\/tags?post=61952"}],"curies":[{"name":"wp","href":"https:\/\/api.w.org\/{rel}","templated":true}]}}