{"id":61975,"date":"2025-11-20T09:00:55","date_gmt":"2025-11-20T07:00:55","guid":{"rendered":"https:\/\/edublog.educastur.es\/ixuxu\/?p=61975"},"modified":"2025-11-20T22:26:33","modified_gmt":"2025-11-20T20:26:33","slug":"61975","status":"publish","type":"post","link":"https:\/\/edublog.educastur.es\/ixuxu\/2025\/11\/61975\/","title":{"rendered":"D\u00eda Mundial de la infancia"},"content":{"rendered":"<p><span style=\"color: #008080\"><em><strong>\u00abNun hai causa que mereza m\u00e1s alta priorid\u00e1 que la protecci\u00f3n y el desenvolvimientu del ne\u00f1u, de quien dependen la supervivencia, la estabilid\u00e1 y el <\/strong><\/em><\/span><span style=\"color: #008080\"><strong><em>progresu de toles naciones y, ello ye que de la civilizaci\u00f3n<\/em> humana\u00bb<\/strong><\/span>. Plan d&#8217;Acci\u00f3n del Cume Mun fancia, 30 de setiembre de 1990<\/p>\n<p style=\"text-align: center\"><a href=\"https:\/\/www.cgtrabajosocial.es\/files\/655b4f8eb34fc\/thumb.large.Happy_Childrens_day_Multinational_Diversity_Kids_and_planet_Facebook_Post.png\"><img loading=\"lazy\" decoding=\"async\" class=\"aligncenter size-large\" src=\"https:\/\/www.cgtrabajosocial.es\/files\/655b4f8eb34fc\/thumb.large.Happy_Childrens_day_Multinational_Diversity_Kids_and_planet_Facebook_Post.png\" width=\"596\" height=\"500\" \/><\/a><\/p>\n<div class=\"xt0psk2\">\n<p><a href=\"https:\/\/www.exteriores.gob.es\/gl\/Comunicacion\/Noticias\/Paginas\/Noticias\/20141120_MINISTERIO1.aspx\">Ministeriu<\/a> \/ G\u00fcei cel\u00e9brase esti d\u00eda <strong>coincidiendo col 25 aniversariu de la Convenci\u00f3n sobro los Derechos del Ne\u00f1u<\/strong>, que foi ratificada&#8217;l 20 de payares de 1989 pola <strong>Asamblea Xeneral de Naciones Xun\u00edes<\/strong>. La Convenci\u00f3n, qu&#8217;articula tolos derechos de la infancia y<strong> reconoz expl\u00edcitamente a los ne\u00f1os como titulares activos de los sos propios derechos<\/strong>, ye&#8217;l pres\u00e9u internacional de derechos humanos con un mayor n\u00famberu de ratificaciones de la hestoria. <a href=\"https:\/\/www.juventudeinfancia.gob.es\/es\/infancia\/convencion-derechos-del-nino\/versiones-amigables-ninos\">Versi\u00f3n amigable para ne\u00f1os y ne\u00f1es.<\/a><\/p>\n<p><!--more--><\/p>\n<p>Sicas\u00ed, magar les meyores y progresos produc\u00edos, inda queda un llargu trechu por percorrer y munchos esfuerzos por realizar, pa llograr la efectiva consecuci\u00f3n d&#8217;estos derechos en tol mundu. Nesti d\u00eda, Espa\u00f1a quier recordar el so compromisu permanente cola Infancia y la so reconocencia al importante llabor de NNUU al travi\u00e9s del Comit\u00e9 de los Derechos del Ne\u00f1u, UNICEF, y otres axencies, fondos y programes.<\/p>\n<p style=\"text-align: center\"><a href=\"https:\/\/www.juventudeinfancia.gob.es\/sites\/default\/files\/convencion_derechos_nino\/CDN_version_ninos%20UNICEF.pdf\"><img loading=\"lazy\" decoding=\"async\" class=\"aligncenter\" src=\"https:\/\/www.juventudeinfancia.gob.es\/sites\/default\/files\/convencion_derechos_nino\/convencion-derechos-ni%C3%B1o-unicef.png\" alt=\"\" width=\"407\" height=\"543\" \/><\/a><\/p>\n<p>La <a href=\"https:\/\/www.google.com\/url?sa=t&amp;source=web&amp;rct=j&amp;opi=89978449&amp;url=https:\/\/www.un.org\/es\/events\/childrenday\/pdf\/derechos.pdf&amp;ved=2ahUKEwjIk6DkwIGRAxWTlP0HHT57N7MQFnoECBkQAQ&amp;usg=AOvVaw34bvx1UhRcpx04GF8i1hy7\"><strong>Convenci\u00f3n sobro los Derechos del Ne\u00f1u (CDN)<\/strong> <\/a>ye un trat\u00e1u internacional adopt\u00e1u poles Naciones Xun\u00edes el 20 de payares de 1989, qu&#8217;<strong>establez que toles persones menores de 18 a\u00f1os son suxetos de plenu derechu.<\/strong> El so oxetivu ye reconocer y protexer los derechos civiles, pol\u00edticos, sociales, econ\u00f3micos y culturales de la infancia en 54 art\u00edculos. La convenci\u00f3n b\u00e1sase nos principios de non discriminaci\u00f3n, l&#8217;inter\u00e9s cimeru del ne\u00f1u, el derechu a la supervivencia y desenvolvimientu, y la participaci\u00f3n. <a href=\"https:\/\/www.juventudeinfancia.gob.es\/sites\/default\/files\/convencion_derechos_nino\/CDN_version_ninos%20UNICEF.pdf\">PDF<\/a><\/p>\n<p style=\"text-align: center\">\n<!-- iframe plugin v.6.0 wordpress.org\/plugins\/iframe\/ -->\n<iframe loading=\"lazy\" width=\"100%\" height=\"452\" src=\"https:\/\/www.youtube.com\/embed\/PM7wbKexUuM\" title=\"Breves: &amp;quot;La Convenci\u00f3n sobre los Derechos del Ni\u00f1o&amp;quot;\" frameborder=\"0\" allow=\"accelerometer; autoplay; clipboard-write; encrypted-media; gyroscope; picture-in-picture; web-share\" referrerpolicy=\"strict-origin-when-cross-origin\" 0=\"allowfullscreen\" 1=\"\/iframe\" scrolling=\"yes\" class=\"iframe-class\"><\/iframe>\n<\/p>\n<p style=\"text-align: center\"><a href=\"https:\/\/www.juventudeinfancia.gob.es\/sites\/default\/files\/convencion_derechos_nino\/ConvencionDerechosNino.png\"><img loading=\"lazy\" decoding=\"async\" class=\"aligncenter size-large\" src=\"https:\/\/www.juventudeinfancia.gob.es\/sites\/default\/files\/convencion_derechos_nino\/ConvencionDerechosNino.png\" width=\"1024\" height=\"320\" \/><\/a><\/p>\n<\/div>\n<p>Reconoz a toles persones menores de 18 a\u00f1os como suxetos de plenu derechu, y consagra cuatro principios fundamentales:<\/p>\n<ul>\n<li><strong>La non discriminaci\u00f3n<\/strong> (art\u00edculu 2): tolos ne\u00f1os y ne\u00f1es tienen los mesmos derechos, nun importa&#8217;l so color de piel, la so relix\u00f3n, la so procedencia o les idees de los sos padres.<\/li>\n<li><strong>L&#8217;inter\u00e9s cimeru del ne\u00f1u<\/strong> (art\u00edculu 3): cualquier decisi\u00f3n, llei o pol\u00edtica que pueda afectar a un ne\u00f1u o ne\u00f1a tien que tener en cuenta qu\u00e9 ye lo meyor nel so casu.<\/li>\n<li><strong>El derechu a la vida, la supervivencia y el desenvolvimientu<\/strong> (art\u00edculu 6): tolos ne\u00f1os y ne\u00f1es tienen derechu a vivir y a algamar el so m\u00e1ximu potencial na vida.<\/li>\n<li><strong>La llibre opini\u00f3n y participaci\u00f3n infantil<\/strong> (art\u00edculu 12): ne\u00f1os, ne\u00f1es y adolescentes tienen derechu a ser consultaos sobro les situaciones que los afecten y a que les sos opiniones s\u00edan ten\u00edes en cuenta.<\/li>\n<\/ul>\n<p>&nbsp;<\/p>\n<ul>\n<li><a href=\"https:\/\/www.juventudeinfancia.gob.es\/es\/infancia\/convencion-derechos-del-nino\/versiones-amigables-ninos\">Versiones amigables para ni\u00f1os<\/a><\/li>\n<li><a href=\"https:\/\/www.juventudeinfancia.gob.es\/es\/infancia\/convencion-derechos-del-nino\/protocolos-facultativos\">Protocolos facultativos<\/a><\/li>\n<li><a href=\"https:\/\/www.juventudeinfancia.gob.es\/es\/infancia\/convencion-derechos-del-nino\/observaciones-generales\">Observaciones Generales<\/a><\/li>\n<li><a href=\"https:\/\/www.juventudeinfancia.gob.es\/es\/infancia\/convencion-derechos-del-nino\/comite-derechos-del-nino\">Comit\u00e9 de los Derechos del Ni\u00f1o<\/a><\/li>\n<li><a href=\"https:\/\/www.juventudeinfancia.gob.es\/es\/infancia\/convencion-derechos-del-nino\/ciclos-revision-espana\">Ciclos de revisi\u00f3n a Espa\u00f1a<\/a><\/li>\n<\/ul>\n","protected":false},"excerpt":{"rendered":"<p>\u00abNun hai causa que mereza m\u00e1s alta priorid\u00e1 que la protecci\u00f3n y el desenvolvimientu del ne\u00f1u, de quien dependen la supervivencia, la estabilid\u00e1 y el progresu de toles naciones y, ello ye que de la civilizaci\u00f3n humana\u00bb. Plan d&#8217;Acci\u00f3n del Cume Mun fancia, 30 de setiembre de 1990 Ministeriu \/ G\u00fcei cel\u00e9brase esti d\u00eda coincidiendo [&hellip;]<\/p>\n","protected":false},"author":117,"featured_media":0,"comment_status":"closed","ping_status":"closed","sticky":false,"template":"","format":"standard","meta":{"footnotes":""},"categories":[6],"tags":[],"class_list":["post-61975","post","type-post","status-publish","format-standard","hentry","category-dia-de"],"_links":{"self":[{"href":"https:\/\/edublog.educastur.es\/ixuxu\/wp-json\/wp\/v2\/posts\/61975","targetHints":{"allow":["GET"]}}],"collection":[{"href":"https:\/\/edublog.educastur.es\/ixuxu\/wp-json\/wp\/v2\/posts"}],"about":[{"href":"https:\/\/edublog.educastur.es\/ixuxu\/wp-json\/wp\/v2\/types\/post"}],"author":[{"embeddable":true,"href":"https:\/\/edublog.educastur.es\/ixuxu\/wp-json\/wp\/v2\/users\/117"}],"replies":[{"embeddable":true,"href":"https:\/\/edublog.educastur.es\/ixuxu\/wp-json\/wp\/v2\/comments?post=61975"}],"version-history":[{"count":12,"href":"https:\/\/edublog.educastur.es\/ixuxu\/wp-json\/wp\/v2\/posts\/61975\/revisions"}],"predecessor-version":[{"id":61992,"href":"https:\/\/edublog.educastur.es\/ixuxu\/wp-json\/wp\/v2\/posts\/61975\/revisions\/61992"}],"wp:attachment":[{"href":"https:\/\/edublog.educastur.es\/ixuxu\/wp-json\/wp\/v2\/media?parent=61975"}],"wp:term":[{"taxonomy":"category","embeddable":true,"href":"https:\/\/edublog.educastur.es\/ixuxu\/wp-json\/wp\/v2\/categories?post=61975"},{"taxonomy":"post_tag","embeddable":true,"href":"https:\/\/edublog.educastur.es\/ixuxu\/wp-json\/wp\/v2\/tags?post=61975"}],"curies":[{"name":"wp","href":"https:\/\/api.w.org\/{rel}","templated":true}]}}