{"id":61996,"date":"2025-11-21T12:30:55","date_gmt":"2025-11-21T10:30:55","guid":{"rendered":"https:\/\/edublog.educastur.es\/ixuxu\/?p=61996"},"modified":"2025-11-22T14:43:24","modified_gmt":"2025-11-22T12:43:24","slug":"pregon-del-amaguestu-2025","status":"publish","type":"post","link":"https:\/\/edublog.educastur.es\/ixuxu\/2025\/11\/pregon-del-amaguestu-2025\/","title":{"rendered":"Preg\u00f3n del Amag\u00fcestu 2025"},"content":{"rendered":"<p style=\"text-align: center\">\n<p style=\"text-align: center\"><a href=\"http:\/\/edublog.educastur.es\/ixuxu\/files\/2020\/08\/imagenAST.png\"><img loading=\"lazy\" decoding=\"async\" class=\"aligncenter wp-image-776\" src=\"http:\/\/edublog.educastur.es\/ixuxu\/files\/2020\/08\/imagenAST.png\" alt=\"\" width=\"176\" height=\"159\" \/><\/a><\/p>\n<p><span style=\"font-size: 20px;color: #008080\">Bonos d\u00edes a toes y a toos:<\/span><\/p>\n<p><span style=\"font-size: 20px;color: #008080\">Un a\u00f1u m\u00e1s tamos equ\u00ed aconceyaos pa celebrar l\u2019amag\u00fcestu, <\/span><br \/>\n<span style=\"font-size: 20px;color: #008080\">la folixa m\u00e1s t\u00edpica de la seronda asturiana, del oto\u00f1o. <\/span><br \/>\n<span style=\"font-size: 20px;color: #008080\">Una estaci\u00f3n de transici\u00f3n marcada pol tresformamientu <\/span><br \/>\n<span style=\"font-size: 20px;color: #008080\">del paisaxe, el clima y la lluz. Una de les estaciones m\u00e1s guapes.<\/span><br \/>\n<span style=\"color: #008080\"><!--more--><\/span><\/p>\n<p><span style=\"font-size: 20px;color: #008080\">Los \u00e1rboles pierden les fueyes verde en favor<br \/>\nde vibrantes tonos mariellos, naranxes y acolorataos<br \/>\nenantes que les fueyes cayan. La naturaleza v\u00edstise de gala<br \/>\ncon una\u00a0 paleta de collores templaos y vibrantes.<br \/>\nLos montes c\u00fabrense d\u2019un mantu de fueyes<br \/>\nque crean un paisaxe impresionate<br \/>\nantes de ser barr\u00edes pol vientu y l\u2019agua.<\/span><\/p>\n<p><span style=\"font-size: 20px;color: #008080\">Angua\u00f1o&#8217;l tiempu nun mos acompa\u00f1a. Fai abondo fr\u00edo <\/span><br \/>\n<span style=\"font-size: 20px;color: #008080\">pero ello nun quita que nos axuntemos, <\/span><br \/>\n<span style=\"font-size: 20px;color: #008080\">sint\u00e1monos arropaos y podamos celebrar como se merez <\/span><br \/>\n<span style=\"font-size: 20px;color: #008080\">l\u2019amag\u00fcestu, la fiesta t\u00edpica asturiana serondiega.<\/span><\/p>\n<p><span style=\"font-size: 20px;color: #008080\">Antes del recr\u00e9u probamos y\u00e1 les casta\u00f1es y la sidra duce <\/span><br \/>\n<span style=\"font-size: 20px;color: #008080\">nel aula. Agora, equ\u00ed, toca esfrutar del actu m\u00e1s cultural. <\/span><\/p>\n<p><span style=\"font-size: 20px;color: #008080\">Esti cursu escolar el tema de trabayu de los proyectos, <\/span><br \/>\n<span style=\"color: #008080\"><span style=\"font-size: 20px\">a nivel de centru, ye: \u201c<strong>L&#8217;arte na tierrina<\/strong>\u201d. <\/span><span style=\"font-size: 20px\">Esti trimestre,<br \/>\nen concretu, estudiamos en tolos niveles y ciclos<br \/>\ncomo arte que y\u00e9 con may\u00fascules <strong>\u00abLa m\u00fasica\u00bb<\/strong>.<\/span><\/span><\/p>\n<p><span style=\"font-size: 20px;color: #008080\">Una tem\u00e1tica bien guapa onde ponemos en valor<\/span><br \/>\n<span style=\"font-size: 20px;color: #008080\">la nuesa cultura. Investigamos sobro compositores<\/span><br \/>\n<span style=\"font-size: 20px;color: #008080\">y cantantes asturianos de distintos estilos y ritmos.<\/span><\/p>\n<p><span style=\"font-size: 20px;color: #008080\">Recordamos a quienes llucharon porque instrumentos<\/span><br \/>\n<span style=\"font-size: 20px;color: #008080\">tradicionales mui nuesos como la gaita, por casu,<br \/>\nnun sumieren y siguieren sonando.<\/span><\/p>\n<p><span style=\"font-size: 20px;color: #008080\">Gaites, tambores, panderetes, panderos, curdiones,<\/span><br \/>\n<span style=\"font-size: 20px;color: #008080\">turullos, casta\u00f1ueles, \u2026 por nomar dalgunos.<\/span><\/p>\n<p><span style=\"font-size: 20px;color: #008080\">Una tem\u00e1tica perguapa pa cantar y celebrar,<br \/>\npa conocer meyor tami\u00e9n, am\u00e1s del castell\u00e1n,<br \/>\nles nueses lling\u00fces propies: l\u2019asturianu y l\u2019eonaviego,<br \/>\narrequex\u00e1es y denostaes n\u2019ocasiones.<\/span><\/p>\n<p><span style=\"font-size: 20px;color: #008080\">Sent\u00edmonos bien arguyosos de ser el centru educativu d\u2019Asturies<br \/>\ncon mayor matr\u00edcula n\u2019asturiano, con 372 ne\u00f1os y ne\u00f1es, un 57 %.<\/span><\/p>\n<p><span style=\"color: #008080\"><span style=\"font-size: 20px\"><br \/>\nVolviendo al tema, la m\u00fasica\u2026 Ye un arte qu\u2019ufi\u00e9rtanos<br \/>\nuna montonera de beneficios a les persones,<br \/>\nincluyendo un garrapieyu de coses bones<br \/>\ncomo m\u00e1s memoria, <\/span><span style=\"font-size: 20px\">concentraci\u00f3n <\/span><span style=\"font-size: 20px\">y meyora nel llinguaxe,<br \/>\nhabilidaes motores (equilibriu, motricid\u00e1 fina) y b<\/span><span style=\"font-size: 20px\">ientar emocional.<br \/>\nLa m\u00fasica ye una ferramienta bien \u00fatil <\/span><span style=\"font-size: 20px\">pal aprendizaxe de conceutos<br \/>\nacad\u00e9micos como por exemplu de matem\u00e1tiques y ciencies.<\/span><\/span><\/p>\n<p><span style=\"font-size: 20px;color: #008080\">Eso ye. Escuchar m\u00fasica aumenta la producci\u00f3n<br \/>\nd\u2019una sustancia llamada <strong>serotonina<\/strong> nel celebru,<br \/>\nlo que contrib\u00fai a ameyorar l&#8217;est\u00e1u d&#8217;\u00e1nimu,<br \/>\naumentar l\u2019autoestima y la sociabilid\u00e1,<br \/>\namenorgar el estr\u00e9s, promover una sensaci\u00f3n de bientar, <\/span><br \/>\n<span style=\"font-size: 20px;color: #008080\">de felicid\u00e1, relaxaci\u00f3n y equilibrio emocional.<\/span><\/p>\n<p><span style=\"font-size: 20px;color: #008080\">Asina que, por toos estos beneficios<br \/>\ny pa poder combatir el fr\u00edo que fai,<br \/>\nsolo nos queda esfrutar d\u2019esta folixa<br \/>\ncompartiendo unos cantares con Anabel Santiago,<br \/>\ninvitada d\u2019honor.<\/span><\/p>\n<p><span style=\"font-size: 20px;color: #008080\">Anabel, arxentina de nacimientu y de descendientes<br \/>\nasturianos, vive n&#8217;Asturies dende los 4 a\u00f1inos.<br \/>\nYe una de les voces m\u00e1s destacaes na m\u00fasica<br \/>\nasturiana d\u2019angua\u00f1o, sobremanera la tonada. <\/span><\/p>\n<p><span style=\"font-size: 20px;color: #008080\">Nel barriu de La Corredoria tenemos la cai Anabel Santiago, <\/span><br \/>\n<span style=\"font-size: 20px;color: #008080\">una calle col to nome, mui cerquina de la Plaza Xuan\u00edn de Mieres. \u00a0<\/span><\/p>\n<p><span style=\"font-size: 20px;color: #008080\">Anabel, esperamos que te preste la visita al nuesu colexu,<\/span><br \/>\n<span style=\"font-size: 20px;color: #008080\">qu\u2019esti alcuentru seya un momento perguapu pal recuerdu, <\/span><br \/>\n<span style=\"font-size: 20px;color: #008080\">pa la posterid\u00e1. <\/span><\/p>\n<p><span style=\"font-size: 20px;color: #008080\">De xuru pa estos ne\u00f1os y ne\u00f1es uvie\u00ednos<br \/>\nquedar\u00e1 grab\u00e1u na so memoria.<br \/>\nMilenta gracies por venir. Va prestanos muncho<br \/>\nacompa\u00f1ate y echar unos cantares contigo.<br \/>\nEsfruta tami\u00e9n d\u2019esta folixa con n\u00f3s. GRACIES!!!<\/span><\/p>\n<p><span style=\"font-size: 20px;color: #008080\">Sentimos muncho qu&#8217;otra artistaza, Vero Rubio,<br \/>\nnun pueda acompa\u00f1anos y deseamos qu\u2019ameyore.<\/p>\n<p><\/span><\/p>\n<p><span style=\"font-size: 20px;color: #008080\">Milenta gracies por acompa\u00f1anos y brindanos<br \/>\ntiempo de calid\u00e1, tami\u00e9n, a Jony y Arancha,<br \/>\nlos pas de Daniela, alumna de cuartu de Primaria.<br \/>\nGracies por apurrinos la vuesta m\u00fasica<br \/>\ncola gaita y curdi\u00f3n. Esperamos que tami\u00e9n vos preste,<br \/>\nuna vegada m\u00e1s\u2026<\/span><\/p>\n<p><span style=\"font-size: 20px;color: #008080\">Milenta gracies a Dany, p\u00e1 de Daniel de cuartu de Primaria,<\/span><br \/>\n<span style=\"font-size: 20px;color: #008080\">pol montaxe t\u00e9unicu pa que too esto seya posible. GRACIES!!<\/span><\/p>\n<p><span style=\"font-size: 20px;color: #008080\">Bono, pues ent\u00f3s\u2026. Qu\u2019entame la m\u00fasica y la folixa\u2026<\/span><br \/>\n<span style=\"color: #008080\"><strong><span style=\"font-size: 20px\">Viva l\u2019amag\u00fcestu,<br \/>\nPuxa\u2019l cole Carmen Ruiz-Tilve,<br \/>\nPuxa Asturies<\/span><\/strong><\/span><\/p>\n","protected":false},"excerpt":{"rendered":"<p>Bonos d\u00edes a toes y a toos: Un a\u00f1u m\u00e1s tamos equ\u00ed aconceyaos pa celebrar l\u2019amag\u00fcestu, la folixa m\u00e1s t\u00edpica de la seronda asturiana, del oto\u00f1o. Una estaci\u00f3n de transici\u00f3n marcada pol tresformamientu del paisaxe, el clima y la lluz. Una de les estaciones m\u00e1s guapes.<\/p>\n","protected":false},"author":117,"featured_media":0,"comment_status":"closed","ping_status":"closed","sticky":false,"template":"","format":"standard","meta":{"footnotes":""},"categories":[64,217],"tags":[],"class_list":["post-61996","post","type-post","status-publish","format-standard","hentry","category-carmen-ruiz-tilve","category-colexu"],"_links":{"self":[{"href":"https:\/\/edublog.educastur.es\/ixuxu\/wp-json\/wp\/v2\/posts\/61996","targetHints":{"allow":["GET"]}}],"collection":[{"href":"https:\/\/edublog.educastur.es\/ixuxu\/wp-json\/wp\/v2\/posts"}],"about":[{"href":"https:\/\/edublog.educastur.es\/ixuxu\/wp-json\/wp\/v2\/types\/post"}],"author":[{"embeddable":true,"href":"https:\/\/edublog.educastur.es\/ixuxu\/wp-json\/wp\/v2\/users\/117"}],"replies":[{"embeddable":true,"href":"https:\/\/edublog.educastur.es\/ixuxu\/wp-json\/wp\/v2\/comments?post=61996"}],"version-history":[{"count":4,"href":"https:\/\/edublog.educastur.es\/ixuxu\/wp-json\/wp\/v2\/posts\/61996\/revisions"}],"predecessor-version":[{"id":62006,"href":"https:\/\/edublog.educastur.es\/ixuxu\/wp-json\/wp\/v2\/posts\/61996\/revisions\/62006"}],"wp:attachment":[{"href":"https:\/\/edublog.educastur.es\/ixuxu\/wp-json\/wp\/v2\/media?parent=61996"}],"wp:term":[{"taxonomy":"category","embeddable":true,"href":"https:\/\/edublog.educastur.es\/ixuxu\/wp-json\/wp\/v2\/categories?post=61996"},{"taxonomy":"post_tag","embeddable":true,"href":"https:\/\/edublog.educastur.es\/ixuxu\/wp-json\/wp\/v2\/tags?post=61996"}],"curies":[{"name":"wp","href":"https:\/\/api.w.org\/{rel}","templated":true}]}}