{"id":61999,"date":"2025-11-21T08:19:05","date_gmt":"2025-11-21T06:19:05","guid":{"rendered":"https:\/\/edublog.educastur.es\/ixuxu\/?p=61999"},"modified":"2025-11-21T00:21:32","modified_gmt":"2025-11-20T22:21:32","slug":"el-tiempu-el-comercio-190","status":"publish","type":"post","link":"https:\/\/edublog.educastur.es\/ixuxu\/2025\/11\/el-tiempu-el-comercio-190\/","title":{"rendered":"El tiempu (El Comercio)"},"content":{"rendered":"<p style=\"text-align: center\"><a href=\"https:\/\/s3.ppllstatics.com\/elcomercio\/www\/multimedia\/2025\/11\/20\/tiempo-asturias-viernes-21-noviembre-kInD-U2302588077118HVD-1200x870@El%20Comercio.jpg\"><img loading=\"lazy\" decoding=\"async\" class=\"aligncenter size-large\" src=\"https:\/\/s3.ppllstatics.com\/elcomercio\/www\/multimedia\/2025\/11\/20\/tiempo-asturias-viernes-21-noviembre-kInD-U2302588077118HVD-1200x870@El%20Comercio.jpg\" width=\"1200\" height=\"870\" \/><\/a><\/p>\n<p>Prevense nuevamente cielos bien nublos con precipitaciones xeneralizaes que podr\u00eden ser localmente moderaes. Esta inestabilid\u00e1 <strong>va ser m\u00e1s abondosa pela ma\u00f1ana<\/strong>, pero pela tarde ent\u00e1 va siguir presente anque con encl\u00edn a unviar a la fin del d\u00eda. Nun se refuga inclusive que s&#8217;abran claros pela nueche.<strong> La cota de nieve<\/strong> va bazcuyar ente los 800 y los 1000 metros en funci\u00f3n d&#8217;onde atopemos, siendo l&#8217;oriente asturianu&#8217;l sector onde se va alcontrar la cota m\u00e1s baxa y l&#8217;occidente la m\u00e1s alta. L&#8217;avisu meteorol\u00f3xicu nel cordal, de nivel mariellu, va enllargase hasta les 18:00 hores de la tarde. <strong>Los vientos<\/strong> van soplar de componente norte moderaos, afloxando a la fin del d\u00eda. <strong>Les temperatures m\u00e1ximes<\/strong> van ser similares a les del xueves, ente que<strong> les m\u00ednimes<\/strong> van poder baxar un pocu siquier nel centru y nel oeste del Princip\u00e1u.<\/p>\n<p><!--more--><\/p>\n<p><strong>El s\u00e1badu<\/strong> vamos empezar el d\u00eda con poques nubes pero, mientres la tarde, va aumentar la nubosid\u00e1 y van llegar ag\u00fces que van entrar pol occidente y van movese por tola Comunid\u00e1 Aut\u00f3noma. Estes ag\u00fces van tar acomu\u00f1aes a un frente templ\u00e1u. Poro, non solo nun s&#8217;espera nieve sin\u00f3n que podr\u00e1 dilise la nieve cayida d&#8217;estos d\u00edes tras. Los vientos van soplar de suroeste moderaos. Asina tou, la ma\u00f1ana va ser bien fr\u00eda pero les m\u00e1ximes van xubir hasta 4 \u00baC m\u00e1s al respective de les qu&#8217;anotemos esti vienres.<\/p>\n","protected":false},"excerpt":{"rendered":"<p>Prevense nuevamente cielos bien nublos con precipitaciones xeneralizaes que podr\u00eden ser localmente moderaes. Esta inestabilid\u00e1 va ser m\u00e1s abondosa pela ma\u00f1ana, pero pela tarde ent\u00e1 va siguir presente anque con encl\u00edn a unviar a la fin del d\u00eda. Nun se refuga inclusive que s&#8217;abran claros pela nueche. La cota de nieve va bazcuyar ente los [&hellip;]<\/p>\n","protected":false},"author":117,"featured_media":0,"comment_status":"closed","ping_status":"closed","sticky":false,"template":"","format":"standard","meta":{"footnotes":""},"categories":[5],"tags":[],"class_list":["post-61999","post","type-post","status-publish","format-standard","hentry","category-tiempu"],"_links":{"self":[{"href":"https:\/\/edublog.educastur.es\/ixuxu\/wp-json\/wp\/v2\/posts\/61999","targetHints":{"allow":["GET"]}}],"collection":[{"href":"https:\/\/edublog.educastur.es\/ixuxu\/wp-json\/wp\/v2\/posts"}],"about":[{"href":"https:\/\/edublog.educastur.es\/ixuxu\/wp-json\/wp\/v2\/types\/post"}],"author":[{"embeddable":true,"href":"https:\/\/edublog.educastur.es\/ixuxu\/wp-json\/wp\/v2\/users\/117"}],"replies":[{"embeddable":true,"href":"https:\/\/edublog.educastur.es\/ixuxu\/wp-json\/wp\/v2\/comments?post=61999"}],"version-history":[{"count":1,"href":"https:\/\/edublog.educastur.es\/ixuxu\/wp-json\/wp\/v2\/posts\/61999\/revisions"}],"predecessor-version":[{"id":62000,"href":"https:\/\/edublog.educastur.es\/ixuxu\/wp-json\/wp\/v2\/posts\/61999\/revisions\/62000"}],"wp:attachment":[{"href":"https:\/\/edublog.educastur.es\/ixuxu\/wp-json\/wp\/v2\/media?parent=61999"}],"wp:term":[{"taxonomy":"category","embeddable":true,"href":"https:\/\/edublog.educastur.es\/ixuxu\/wp-json\/wp\/v2\/categories?post=61999"},{"taxonomy":"post_tag","embeddable":true,"href":"https:\/\/edublog.educastur.es\/ixuxu\/wp-json\/wp\/v2\/tags?post=61999"}],"curies":[{"name":"wp","href":"https:\/\/api.w.org\/{rel}","templated":true}]}}