{"id":62001,"date":"2025-11-21T00:23:04","date_gmt":"2025-11-20T22:23:04","guid":{"rendered":"https:\/\/edublog.educastur.es\/ixuxu\/?p=62001"},"modified":"2025-11-21T00:23:04","modified_gmt":"2025-11-20T22:23:04","slug":"el-puertu-de-payares-atopase-zarrau-a-la-circulacion-de-vehiculos-pesaos","status":"publish","type":"post","link":"https:\/\/edublog.educastur.es\/ixuxu\/2025\/11\/el-puertu-de-payares-atopase-zarrau-a-la-circulacion-de-vehiculos-pesaos\/","title":{"rendered":"El puertu de Payares at\u00f3pase zarr\u00e1u a la circulaci\u00f3n de veh\u00edculos pesaos"},"content":{"rendered":"<p>El puertu de Payares (N-630), ente Asturies y Lli\u00f3n, at\u00f3pase zarr\u00e1u a la circulaci\u00f3n de veh\u00edculos pesaos por causa de la nieve acumulao na carretera nes \u00faltimes hores, informa&#8217;l 112 Asturies. <a href=\"https:\/\/www.rtpa.es\/noticias-asturias\/2025-11-20\/El-puerto-de-Payares,-cerrado-a-camiones-por-la-nieve_111763626537.html?fbclid=IwY2xjawOMc_FleHRuA2FlbQIxMQBzcnRjBmFwcF9pZBAyMjIwMzkxNzg4MjAwODkyAAEehodB190H8c7na3WW7P9-MUe1cvwybEQkmXc9KLTVTNlTs3xqometSIpSrcA_aem_k7jLEDbJfS7ZhZ7RJlgr7w\">TPA<\/a><\/p>\n<p style=\"text-align: center\"><a href=\"https:\/\/www.rtpa.es\/fotos\/\/25\/11\/20251120132621_RTPA7374420.webp\"><img loading=\"lazy\" decoding=\"async\" class=\"aligncenter size-large\" src=\"https:\/\/www.rtpa.es\/fotos\/\/25\/11\/20251120132621_RTPA7374420.webp\" width=\"853\" height=\"480\" \/><\/a><\/p>\n","protected":false},"excerpt":{"rendered":"<p>El puertu de Payares (N-630), ente Asturies y Lli\u00f3n, at\u00f3pase zarr\u00e1u a la circulaci\u00f3n de veh\u00edculos pesaos por causa de la nieve acumulao na carretera nes \u00faltimes hores, informa&#8217;l 112 Asturies. TPA<\/p>\n","protected":false},"author":117,"featured_media":0,"comment_status":"closed","ping_status":"closed","sticky":false,"template":"","format":"standard","meta":{"footnotes":""},"categories":[1],"tags":[],"class_list":["post-62001","post","type-post","status-publish","format-standard","hentry","category-sin-categoria"],"_links":{"self":[{"href":"https:\/\/edublog.educastur.es\/ixuxu\/wp-json\/wp\/v2\/posts\/62001","targetHints":{"allow":["GET"]}}],"collection":[{"href":"https:\/\/edublog.educastur.es\/ixuxu\/wp-json\/wp\/v2\/posts"}],"about":[{"href":"https:\/\/edublog.educastur.es\/ixuxu\/wp-json\/wp\/v2\/types\/post"}],"author":[{"embeddable":true,"href":"https:\/\/edublog.educastur.es\/ixuxu\/wp-json\/wp\/v2\/users\/117"}],"replies":[{"embeddable":true,"href":"https:\/\/edublog.educastur.es\/ixuxu\/wp-json\/wp\/v2\/comments?post=62001"}],"version-history":[{"count":1,"href":"https:\/\/edublog.educastur.es\/ixuxu\/wp-json\/wp\/v2\/posts\/62001\/revisions"}],"predecessor-version":[{"id":62002,"href":"https:\/\/edublog.educastur.es\/ixuxu\/wp-json\/wp\/v2\/posts\/62001\/revisions\/62002"}],"wp:attachment":[{"href":"https:\/\/edublog.educastur.es\/ixuxu\/wp-json\/wp\/v2\/media?parent=62001"}],"wp:term":[{"taxonomy":"category","embeddable":true,"href":"https:\/\/edublog.educastur.es\/ixuxu\/wp-json\/wp\/v2\/categories?post=62001"},{"taxonomy":"post_tag","embeddable":true,"href":"https:\/\/edublog.educastur.es\/ixuxu\/wp-json\/wp\/v2\/tags?post=62001"}],"curies":[{"name":"wp","href":"https:\/\/api.w.org\/{rel}","templated":true}]}}