{"id":62007,"date":"2025-11-21T13:00:28","date_gmt":"2025-11-21T11:00:28","guid":{"rendered":"https:\/\/edublog.educastur.es\/ixuxu\/?p=62007"},"modified":"2025-11-22T18:06:55","modified_gmt":"2025-11-22T16:06:55","slug":"lamaguestu-2025-nel-colexu-carmen-ruiz-tilve","status":"publish","type":"post","link":"https:\/\/edublog.educastur.es\/ixuxu\/2025\/11\/lamaguestu-2025-nel-colexu-carmen-ruiz-tilve\/","title":{"rendered":"L&#8217;amag\u00fcestu 2025 nel colexu Carmen Ruiz-Tilve"},"content":{"rendered":"<p style=\"text-align: center\"><span class=\"x193iq5w xeuugli x13faqbe x1vvkbs xt0psk2 x1i0vuye xvs91rp xo1l8bm x5n08af x10wh9bi xpm28yp x8viiok x1o7cslx x126k92a\"><span class=\"html-span xexx8yu x4uap5 x18d9i69 xkhd6sd x1hl2dhg x16tdsg8 x1vvkbs x3nfvp2 x1j61x8r x1fcty0u xdj266r xat24cr xgzva0m xhhsvwb xxymvpz xlup9mm x1kky2od\">\n<!-- iframe plugin v.6.0 wordpress.org\/plugins\/iframe\/ -->\n<iframe loading=\"lazy\" src=\"https:\/\/www.instagram.com\/reel\/DRVoHDqiJqw\/embed\" width=\"640\" height=\"645\" 0=\"\/iframe\" scrolling=\"yes\" class=\"iframe-class\" frameborder=\"0\"><\/iframe>\n<\/span><\/span><\/p>\n<p><em>\ud83d\udcf7 de Resaca emocional \ud83d\udc9c Amag\u00fcestu \ud83d\udc4c\ud83c\udffb M\u00fasica: Anabel Santiago \ud83c\udfa4. Gaita: Jonathan, curdi\u00f3n: Arancha \ud83d\udc9b Cultura \ud83d\udc9b\ud83d\udc99 Llingua \ud83d\udc4f\ud83c\udffbAcompa\u00f1ando y agradeciendo, siempre \ud83d\udc4f\ud83c\udffb Gracies \ud83d\udcaf Videos y \ud83d\udcf7. Manu AMPA y Xilio. Son\u00edu: Dani. <\/em><span style=\"color: #008080\"><strong>Noticies na prensa<\/strong><\/span>: <a href=\"https:\/\/www.elcomercio.es\/oviedo\/colegio-carmen-ruiztilve-oviedo-rinde-cultura-asturiana-20251121200847-nt.html\">El Comercio<\/a> \/ <a href=\"https:\/\/www.lne.es\/oviedo\/la-corredoria\/2025\/11\/21\/tonada-80-kilos-castanas-celebrar-123985714.html\">LNE <\/a>\/<\/p>\n<p><!--more--><\/p>\n<p><span style=\"color: #008080\"><em>\u00abFaime muncha ilusi\u00f3n que cunten conmigo para participar nesti tipu d&#8217;eventos, el centru ta entorn\u00e1u cola llingua asturiana y con la nuesa cultura\u00bb.<\/em><\/span> Asina esplic\u00f3 Anabel Santiago, una de les cares visibles de la tonada nel Princip\u00e1u, les sensaciones tres la so collaboraci\u00f3n col colexu Carmen Ruiz Tilve de La Corredoria na celebraci\u00f3n del amag\u00fcestu.<\/p>\n<p>Los padres tami\u00e9n participen nel Carmen Ruiz Tilve. Arancha Ramos, acordionista, y Jonathan Garc\u00eda, profesor de gaita na <span style=\"text-decoration: underline\"><em>Escuela de M\u00fasica Municipal d&#8217;Uvi\u00e9u<\/em><\/span>, acompa\u00f1aron a Anabel Santiago nel zarru de la fiesta.<em><span style=\"color: #008080\"> \u00abLos nuesos f\u00edos vienen a esti colexu y ye bien c\u00f3modu. Pr\u00e1cticamente ye como tocar en casa<\/span><\/em>\u00ab, esplic\u00f3 la pareya antes d&#8217;actuar.<\/p>\n<p>El colexu de La Corredoria destaca pola implicaci\u00f3n de los sos alumnos col aprendizaxe del asturianu. Ye unu de los pocos centros educativos del Princip\u00e1u que tien a dos profesores de llingua con xornada completa y el 57% de los ne\u00f1os t\u00e1n matriculaos nesta materia, un 5% m\u00e1s que l&#8217;a\u00f1u pas\u00e1u.<\/p>\n<p><span style=\"color: #008080\"><em>\u00abEsti trimestre trabayamos la m\u00fasica, por eso ta Anabel Santiago g\u00fcei equ\u00ed. El segundu va dedicase a la pintura y el terceru a la lliteratura. Nun tien llibros, siempres-yos averamos la cultura con proyectos\u00bb<\/em><\/span>, esplic\u00f3 Isa Lobo, profesora d&#8217;asturianu.<\/p>\n<p style=\"text-align: center\"><a href=\"https:\/\/s1.ppllstatics.com\/elcomercio\/www\/multimedia\/2025\/11\/21\/anabel%20santiago-R4WyXP1K1rboAKG54g39J6H-1200x840@El%20Comercio.jpg\"><img loading=\"lazy\" decoding=\"async\" class=\"aligncenter size-large\" src=\"https:\/\/s1.ppllstatics.com\/elcomercio\/www\/multimedia\/2025\/11\/21\/anabel%20santiago-R4WyXP1K1rboAKG54g39J6H-1200x840@El%20Comercio.jpg\" width=\"1200\" height=\"840\" \/><\/a><\/p>\n<p><em><span style=\"color: #008080\"><strong>Una iniciativa enmarcada nel compromisu del centru cola cultura y la llingua asturiana.<\/strong> \u00abHai un 57% d&#8217;estudiantes n&#8217;asturianu y queremos rindir homenaxe a la cultura asturiana y a la llingua\u00bb, esplic\u00f3 Isa Lobo, profesora de Primaria. Una cifra, am\u00e1s, que nun para de crecer: \u00abCada a\u00f1u va n&#8217;aumentu, el pas\u00e1u t\u00e1bamos nel 52%\u00bb, a\u00f1edi\u00f3 Lobo quien achaca&#8217;l acrecimiento a la incorporaci\u00f3n d&#8217;alumnos del ciclu d&#8217;infantil qu&#8217;angua\u00f1o empezaron los sos estudios n&#8217;asturianu.<\/span><\/em><\/p>\n<p>La implicaci\u00f3n de los escolares foi clave para l&#8217;\u00e9situ de la xornada. Provistos de panderetes feches por ellos mesmos, el so entusiasmu viose compens\u00e1u cola presencia d&#8217;una d&#8217;Anabel Santiago, quien s&#8217;amos\u00f3 encantada de participar nel eventu del colexu Carmen Ruiz-Tilve. <span style=\"color: #008080\"><em>\u00abPara mi ye una ilusi\u00f3n tar equ\u00ed nesti centru porque t\u00e1n entornaos cola llingua y cola cultura asturiana\u00bb<\/em><\/span>, declar\u00f3.<\/p>\n<p>Santiago destac\u00f3 la importancia d&#8217;actividaes como esta para caltener viva la identid\u00e1 de la rex\u00f3n. <span style=\"color: #008080\"><em>\u00abEsti tipu d&#8217;iniciatives danos el mueyu de la vida a la xente que trabayamos na llingua asturiana, porque na base, nos ne\u00f1os, faise raiga\u00f1u de lo que somos y con\u00e9ctanos\u00bb<\/em><\/span>, afirm\u00f3. Nun mundu cada vez m\u00e1s globaliz\u00e1u, la cantante reivindic\u00f3&#8217;l valor de lo aut\u00f3ctono: \u00abN&#8217;Asturies somos un pocu &#8216;gallinitas&#8217; y nun tiramos polo nueso. La modernid\u00e1 vien afarando y la llingua ta apegada al raiga\u00f1u, a los ancestros, y dacuando, en ciertes edaes, pi\u00e9rdese, pero con esta aportaci\u00f3n faise lo posible para nun perdelo\u00bb.<\/p>\n<p>La xornada festiva tami\u00e9n tuvo ameniz\u00e1 pol curdi\u00f3n d&#8217;Arancha Ramos y por Jonathan Garc\u00eda, a la gaita. <span style=\"color: #008080\"><em>\u00abAgora mesmu m\u00e1s que nunca ta en puxanza la m\u00fasica asturiana\u00bb<\/em><\/span>, compartieron dambos. El d&#8217;ayeri foi un d\u00eda de celebraci\u00f3n de la tradici\u00f3n nel colexu de La Corredoria.<\/p>\n<ul>\n<li><a href=\"https:\/\/www.instagram.com\/p\/DRWpOaNCGUH\">Publicaci\u00f3n IG AMPA<\/a><\/li>\n<\/ul>\n<p style=\"text-align: center\"><span class=\"x193iq5w xeuugli x13faqbe x1vvkbs xt0psk2 x1i0vuye xvs91rp xo1l8bm x5n08af x10wh9bi xpm28yp x8viiok x1o7cslx x126k92a\"><span class=\"html-span xexx8yu x4uap5 x18d9i69 xkhd6sd x1hl2dhg x16tdsg8 x1vvkbs x3nfvp2 x1j61x8r x1fcty0u xdj266r xat24cr xgzva0m xhhsvwb xxymvpz xlup9mm x1kky2od\">\n<!-- iframe plugin v.6.0 wordpress.org\/plugins\/iframe\/ -->\n<iframe loading=\"lazy\" src=\"https:\/\/www.instagram.com\/reel\/DRWpOaNCGUH\/embed\" width=\"640\" height=\"665\" 0=\"\/iframe\" scrolling=\"yes\" class=\"iframe-class\" frameborder=\"0\"><\/iframe>\n<\/span><\/span><\/p>\n<p style=\"text-align: center\">\n<!-- iframe plugin v.6.0 wordpress.org\/plugins\/iframe\/ -->\n<iframe loading=\"lazy\" src=\"https:\/\/www.facebook.com\/plugins\/post.php?href=https%3A%2F%2Fwww.facebook.com%2FAMPARuizTilve%2Fposts%2Fpfbid0kWrsZZCGYsSmwgsbMhX2fgb57xq3J5hvUxYFqk23rxTjco7g9owP2SaFPmnKgRPxl&#038;show_text=true&#038;width=500\" width=\"500\" height=\"703\" style=\"border:none;overflow:hidden\" scrolling=\"no\" frameborder=\"0\" allowfullscreen=\"true\" allow=\"autoplay; clipboard-write; encrypted-media; picture-in-picture; web-share\" 0=\"\/iframe\" class=\"iframe-class\"><\/iframe>\n<\/p>\n<p style=\"text-align: center\">\n","protected":false},"excerpt":{"rendered":"<p>\ud83d\udcf7 de Resaca emocional \ud83d\udc9c Amag\u00fcestu \ud83d\udc4c\ud83c\udffb M\u00fasica: Anabel Santiago \ud83c\udfa4. Gaita: Jonathan, curdi\u00f3n: Arancha \ud83d\udc9b Cultura \ud83d\udc9b\ud83d\udc99 Llingua \ud83d\udc4f\ud83c\udffbAcompa\u00f1ando y agradeciendo, siempre \ud83d\udc4f\ud83c\udffb Gracies \ud83d\udcaf Videos y \ud83d\udcf7. Manu AMPA y Xilio. Son\u00edu: Dani. Noticies na prensa: El Comercio \/ LNE \/<\/p>\n","protected":false},"author":117,"featured_media":0,"comment_status":"closed","ping_status":"closed","sticky":false,"template":"","format":"standard","meta":{"footnotes":""},"categories":[64],"tags":[],"class_list":["post-62007","post","type-post","status-publish","format-standard","hentry","category-carmen-ruiz-tilve"],"_links":{"self":[{"href":"https:\/\/edublog.educastur.es\/ixuxu\/wp-json\/wp\/v2\/posts\/62007","targetHints":{"allow":["GET"]}}],"collection":[{"href":"https:\/\/edublog.educastur.es\/ixuxu\/wp-json\/wp\/v2\/posts"}],"about":[{"href":"https:\/\/edublog.educastur.es\/ixuxu\/wp-json\/wp\/v2\/types\/post"}],"author":[{"embeddable":true,"href":"https:\/\/edublog.educastur.es\/ixuxu\/wp-json\/wp\/v2\/users\/117"}],"replies":[{"embeddable":true,"href":"https:\/\/edublog.educastur.es\/ixuxu\/wp-json\/wp\/v2\/comments?post=62007"}],"version-history":[{"count":14,"href":"https:\/\/edublog.educastur.es\/ixuxu\/wp-json\/wp\/v2\/posts\/62007\/revisions"}],"predecessor-version":[{"id":62009,"href":"https:\/\/edublog.educastur.es\/ixuxu\/wp-json\/wp\/v2\/posts\/62007\/revisions\/62009"}],"wp:attachment":[{"href":"https:\/\/edublog.educastur.es\/ixuxu\/wp-json\/wp\/v2\/media?parent=62007"}],"wp:term":[{"taxonomy":"category","embeddable":true,"href":"https:\/\/edublog.educastur.es\/ixuxu\/wp-json\/wp\/v2\/categories?post=62007"},{"taxonomy":"post_tag","embeddable":true,"href":"https:\/\/edublog.educastur.es\/ixuxu\/wp-json\/wp\/v2\/tags?post=62007"}],"curies":[{"name":"wp","href":"https:\/\/api.w.org\/{rel}","templated":true}]}}