{"id":62011,"date":"2025-11-21T20:00:54","date_gmt":"2025-11-21T18:00:54","guid":{"rendered":"https:\/\/edublog.educastur.es\/ixuxu\/?p=62011"},"modified":"2025-11-22T17:20:50","modified_gmt":"2025-11-22T15:20:50","slug":"accidente-mortal-na-mina","status":"publish","type":"post","link":"https:\/\/edublog.educastur.es\/ixuxu\/2025\/11\/accidente-mortal-na-mina\/","title":{"rendered":"Muerren dos trabayadores nun nuevu accidente mineru n&#8217;Asturies"},"content":{"rendered":"<p style=\"text-align: center\"><span class=\"x193iq5w xeuugli x13faqbe x1vvkbs xt0psk2 x1i0vuye xvs91rp xo1l8bm x5n08af x10wh9bi xpm28yp x8viiok x1o7cslx x126k92a\"><span class=\"html-span xexx8yu x4uap5 x18d9i69 xkhd6sd x1hl2dhg x16tdsg8 x1vvkbs x3nfvp2 x1j61x8r x1fcty0u xdj266r xat24cr xgzva0m xhhsvwb xxymvpz xlup9mm x1kky2od\">\n<!-- iframe plugin v.6.0 wordpress.org\/plugins\/iframe\/ -->\n<iframe loading=\"lazy\" src=\"https:\/\/www.instagram.com\/reel\/DRVV4xHCDn4\/embed\" width=\"460\" height=\"695\" 0=\"\/iframe\" scrolling=\"yes\" class=\"iframe-class\" frameborder=\"0\"><\/iframe>\n<\/span><\/span><\/p>\n<p>Dos mineros perdieron la vida, el coraz\u00f3n d&#8217;esta tierra pesa un pocu m\u00e1s.<br \/>\nEl nuesu ci\u00f1u y respetu para les sos families y para tolos sos compa\u00f1eros.<br \/>\nTamos con v\u00f3s. \ud83d\udda4\ud83d\udd6f\ufe0f<\/p>\n<ul>\n<li><a href=\"https:\/\/www.rtpa.es\/noticias-sucesos-ast\/2025-11-21\/Muerren-dos-trabayadores-nun-nuevu-accidente-mineru-n'Asturies_111763745537.html\">RTPA: Muerren dos trabayadores nun nuevu accidente mineru n&#8217;Asturies<\/a><\/li>\n<li><a href=\"https:\/\/www.lne.es\/fotos\/cangas-del-narcea\/2025\/11\/21\/nuevo-accidente-minero-asturias-mineros-123993057.html#foto=1\">LNE<\/a> \/<\/li>\n<\/ul>\n<p><!--more--><\/p>\n<p style=\"text-align: center\"><a href=\"https:\/\/estaticos-cdn.prensaiberica.es\/clip\/380ab682-ec06-418b-9083-70e0f39b9a60_16-9-discover-aspect-ratio_default_0.jpg\"><img loading=\"lazy\" decoding=\"async\" class=\"aligncenter size-large\" src=\"https:\/\/estaticos-cdn.prensaiberica.es\/clip\/380ab682-ec06-418b-9083-70e0f39b9a60_16-9-discover-aspect-ratio_default_0.jpg\" width=\"1200\" height=\"675\" \/><\/a><\/p>\n<p class=\"font-size-m padding-b-20 font-weight-b margin-t-16\">Barb\u00f3n vuelve a Asturies pol accidente na mina de Veiga de Rengos.\u00a0Dos trabayadores morrieron esti vienres nun accidente dientro d\u2019una mina soterra\u00f1a de Cangas del Narcea, nel suroccidente asturianu, por un argayu de material, ocho meses dempu\u00e9s de qu\u2019otros cinco mineros morrieren en Zarr\u00e9u por un espa\u00f1\u00edu de gas gris\u00fa.<\/p>\n<p>L\u2019accidente, del que se dio avisu a les 16:58, foi nel nivel 2 d\u2019una esplotaci\u00f3n minera soterra\u00f1a asitiada na zona de Veiga de Rengos, a un kil\u00f3metru y mediu de la entrada y por \u00abun fundimientu del tarr\u00e9n\u00bb, seg\u00fan fueron detallando fontes del Gobiernu asturianu, del 112, de la Guardia Civil y de la Delegaci\u00f3n del Gobiernu.<\/p>\n<p>Al llugar del accidente, asiti\u00e1u a m\u00e1s de cien kil\u00f3metros d\u2019Uvi\u00e9u, nel suroccidente asturianu, fueron bien llueu los Bomberos del Serviciu d\u2019Emerxencies del Princip\u00e1u d\u2019Asturies (SEPA) nun helic\u00f3pteru medicaliz\u00e1u y la Brigada de Salvamentu Mineru d\u2019Hunosa n\u2019otru helic\u00f3pteru multifunci\u00f3n, asina como axentes de la Guardia Civil y personal m\u00e9dico.<\/p>\n<p>Los equipos d\u2019emerxencia qu\u2019entraron dientro de la esplotaci\u00f3n, xestionada pola empresa TYC Narcea, nun tardaron n\u2019alcontrar los cuerpos de los trabayadores, afitando la so muerte los servicios m\u00e9dicos.<\/p>\n<p style=\"text-align: center\"><a href=\"https:\/\/s3.ppllstatics.com\/elcomercio\/www\/multimedia\/2025\/11\/22\/mina-cangas-narcea-kouD--1200x672@El%20Comercio.jpg\"><img loading=\"lazy\" decoding=\"async\" class=\"aligncenter size-large\" src=\"https:\/\/s3.ppllstatics.com\/elcomercio\/www\/multimedia\/2025\/11\/22\/mina-cangas-narcea-kouD--1200x672@El%20Comercio.jpg\" width=\"1195\" height=\"672\" \/><\/a><\/p>\n<p>\u201cLa hestoria d\u2019Asturies nun esiste ensin la mina\u201d\ud83d\udda4\u2692\ufe0f<em> DEP los dos mineros fallec\u00edos en Cangas del Narcea. \u00a0Nun lo esisti\u00f3 nunca.<\/em><br \/>\n<em>Y tampocu podemos olvidar que hai quien sigue baxando cada d\u00eda, y quien espera fuera con esa mezcla de rutina y mieu que solo entiende quien vivi\u00f3 esto de cerca.<a href=\"https:\/\/www.instagram.com\/piedresnelcamin\"> https:\/\/www.instagram.com\/piedresnelcamin<\/a><\/em><\/p>\n<p style=\"text-align: center\"><span class=\"x193iq5w xeuugli x13faqbe x1vvkbs xt0psk2 x1i0vuye xvs91rp xo1l8bm x5n08af x10wh9bi xpm28yp x8viiok x1o7cslx x126k92a\"><span class=\"html-span xexx8yu x4uap5 x18d9i69 xkhd6sd x1hl2dhg x16tdsg8 x1vvkbs x3nfvp2 x1j61x8r x1fcty0u xdj266r xat24cr xgzva0m xhhsvwb xxymvpz xlup9mm x1kky2od\">\n<!-- iframe plugin v.6.0 wordpress.org\/plugins\/iframe\/ -->\n<iframe loading=\"lazy\" src=\"https:\/\/www.instagram.com\/reel\/DRVT5wgjOTw\/embed\" width=\"500\" height=\"665\" 0=\"\/iframe\" scrolling=\"yes\" class=\"iframe-class\" frameborder=\"0\"><\/iframe>\n<\/span><\/span><\/p>\n<p style=\"text-align: center\"><span class=\"x193iq5w xeuugli x13faqbe x1vvkbs xt0psk2 x1i0vuye xvs91rp xo1l8bm x5n08af x10wh9bi xpm28yp x8viiok x1o7cslx x126k92a\"><span class=\"html-span xexx8yu x4uap5 x18d9i69 xkhd6sd x1hl2dhg x16tdsg8 x1vvkbs x3nfvp2 x1j61x8r x1fcty0u xdj266r xat24cr xgzva0m xhhsvwb xxymvpz xlup9mm x1kky2od\">\n<!-- iframe plugin v.6.0 wordpress.org\/plugins\/iframe\/ -->\n<iframe loading=\"lazy\" src=\"https:\/\/www.instagram.com\/reel\/DRVV0AuDMV9\/embed\" width=\"500\" height=\"665\" 0=\"\/iframe\" scrolling=\"yes\" class=\"iframe-class\" frameborder=\"0\"><\/iframe>\n<\/span><\/span><\/p>\n","protected":false},"excerpt":{"rendered":"<p>Dos mineros perdieron la vida, el coraz\u00f3n d&#8217;esta tierra pesa un pocu m\u00e1s. El nuesu ci\u00f1u y respetu para les sos families y para tolos sos compa\u00f1eros. Tamos con v\u00f3s. \ud83d\udda4\ud83d\udd6f\ufe0f RTPA: Muerren dos trabayadores nun nuevu accidente mineru n&#8217;Asturies LNE \/<\/p>\n","protected":false},"author":117,"featured_media":0,"comment_status":"closed","ping_status":"closed","sticky":false,"template":"","format":"standard","meta":{"footnotes":""},"categories":[320],"tags":[],"class_list":["post-62011","post","type-post","status-publish","format-standard","hentry","category-mina"],"_links":{"self":[{"href":"https:\/\/edublog.educastur.es\/ixuxu\/wp-json\/wp\/v2\/posts\/62011","targetHints":{"allow":["GET"]}}],"collection":[{"href":"https:\/\/edublog.educastur.es\/ixuxu\/wp-json\/wp\/v2\/posts"}],"about":[{"href":"https:\/\/edublog.educastur.es\/ixuxu\/wp-json\/wp\/v2\/types\/post"}],"author":[{"embeddable":true,"href":"https:\/\/edublog.educastur.es\/ixuxu\/wp-json\/wp\/v2\/users\/117"}],"replies":[{"embeddable":true,"href":"https:\/\/edublog.educastur.es\/ixuxu\/wp-json\/wp\/v2\/comments?post=62011"}],"version-history":[{"count":8,"href":"https:\/\/edublog.educastur.es\/ixuxu\/wp-json\/wp\/v2\/posts\/62011\/revisions"}],"predecessor-version":[{"id":62105,"href":"https:\/\/edublog.educastur.es\/ixuxu\/wp-json\/wp\/v2\/posts\/62011\/revisions\/62105"}],"wp:attachment":[{"href":"https:\/\/edublog.educastur.es\/ixuxu\/wp-json\/wp\/v2\/media?parent=62011"}],"wp:term":[{"taxonomy":"category","embeddable":true,"href":"https:\/\/edublog.educastur.es\/ixuxu\/wp-json\/wp\/v2\/categories?post=62011"},{"taxonomy":"post_tag","embeddable":true,"href":"https:\/\/edublog.educastur.es\/ixuxu\/wp-json\/wp\/v2\/tags?post=62011"}],"curies":[{"name":"wp","href":"https:\/\/api.w.org\/{rel}","templated":true}]}}