{"id":62018,"date":"2025-11-22T08:50:49","date_gmt":"2025-11-22T06:50:49","guid":{"rendered":"https:\/\/edublog.educastur.es\/ixuxu\/?p=62018"},"modified":"2025-11-22T15:21:20","modified_gmt":"2025-11-22T13:21:20","slug":"tiempu-nespana-pa-la-selmana-viniente","status":"publish","type":"post","link":"https:\/\/edublog.educastur.es\/ixuxu\/2025\/11\/tiempu-nespana-pa-la-selmana-viniente\/","title":{"rendered":"Tiempu n&#8217;Espa\u00f1a pa la selmana viniente"},"content":{"rendered":"<div class=\"html-div xdj266r x14z9mp xat24cr x1lziwak xexx8yu x1a8lsjc xf7dkkf xv54qhq\">\n<div class=\"html-div xdj266r x14z9mp xat24cr x1lziwak xexx8yu xyri2b x18d9i69 x1c1uobl x1jx94hy x78zum5 x1q0g3np\">\n<div class=\"x78zum5 xdt5ytf xz62fqu x16ldp7u\">\n<div class=\"xu06os2 x1ok221b\">\n<div class=\"html-div xdj266r x14z9mp xat24cr x1lziwak xexx8yu xyri2b x18d9i69 x1c1uobl\" data-ad-rendering-role=\"profile_name\">\n<p class=\"html-h3 x14z9mp xat24cr x1lziwak xexx8yu xyri2b x18d9i69 x1c1uobl x1vvkbs x1heor9g x1qlqyl8 x1pd3egz x1a2a7pz x1gslohp x1yc453h\"><span class=\"x1lliihq x6ikm8r x10wlt62 x1n2onr6\"><span class=\"xt0psk2\"><a class=\"x1i10hfl xjbqb8w x1ejq31n x18oe1m7 x1sy0etr xstzfhl x972fbf x10w94by x1qhh985 x14e42zd x9f619 x1ypdohk xt0psk2 x3ct3a4 xdj266r x14z9mp xat24cr x1lziwak xexx8yu xyri2b x18d9i69 x1c1uobl x16tdsg8 x1hl2dhg xggy1nq x1a2a7pz xkrqix3 x1sur9pj xzsf02u x1s688f\" role=\"link\" href=\"https:\/\/www.facebook.com\/meteoredofficial?__cft__[0]=AZX0_qLIA9PPWHDEr6bqj2bwhpczm7aW8_aKNtS3PWXJViWiRM0pBMT0FSq4xCWtaf9AS6ah62XTavj3RUQmxuFg4xkRbcu9cfgN68jko-hm08qwDfK2YljMnigZmE-WeYpuUZfx0QJxuaIScRAD1wxtilnw15VfGZXdsmTMdoFS_eR3HQ53cvJBzq6_rL8j7SZ-z6csxirDIq8d07dwdm4g&amp;__tn__=-UC%2CP-y-R\"><b class=\"html-b xdj266r x14z9mp xat24cr x1lziwak xexx8yu xyri2b x18d9i69 x1c1uobl x1hl2dhg x16tdsg8 x1vvkbs x1s688f\"><span class=\"html-span xdj266r x14z9mp xat24cr x1lziwak xexx8yu xyri2b x18d9i69 x1c1uobl x1hl2dhg x16tdsg8 x1vvkbs\">Meteored<\/span><\/b><\/a><\/span><\/span><span class=\"html-span xexx8yu xyri2b x18d9i69 x1c1uobl x1hl2dhg x16tdsg8 x1vvkbs x3nfvp2 x1j61x8r x1fcty0u xdj266r xat24cr xm2jcoa x1mpyi22 xxymvpz xlup9mm x1kky2od\" style=\"font-size: 16px\"><img loading=\"lazy\" decoding=\"async\" class=\"xz74otr x15mokao x1ga7v0g x16uus16 xbiv7yw\" src=\"https:\/\/static.xx.fbcdn.net\/images\/emoji.php\/v9\/t10\/1\/16\/2614.png\" alt=\"\u2614\ufe0f\" width=\"16\" height=\"16\" \/><\/span><span style=\"font-size: 16px\"> Esti llunes un frente fr\u00edo barrer\u00e1 <\/span><span class=\"html-span xdj266r x14z9mp xat24cr x1lziwak xexx8yu xyri2b x18d9i69 x1c1uobl x1hl2dhg x16tdsg8 x1vvkbs\" style=\"font-size: 16px\"><a class=\"x1i10hfl xjbqb8w x1ejq31n x18oe1m7 x1sy0etr xstzfhl x972fbf x10w94by x1qhh985 x14e42zd x9f619 x1ypdohk xt0psk2 x3ct3a4 xdj266r x14z9mp xat24cr x1lziwak xexx8yu xyri2b x18d9i69 x1c1uobl x16tdsg8 x1hl2dhg xggy1nq x1a2a7pz xkrqix3 x1sur9pj x1fey0fg x1s688f\" role=\"link\" href=\"https:\/\/www.facebook.com\/hashtag\/espa%C3%B1a?__eep__=6&amp;__cft__[0]=AZX0_qLIA9PPWHDEr6bqj2bwhpczm7aW8_aKNtS3PWXJViWiRM0pBMT0FSq4xCWtaf9AS6ah62XTavj3RUQmxuFg4xkRbcu9cfgN68jko-hm08qwDfK2YljMnigZmE-WeYpuUZfx0QJxuaIScRAD1wxtilnw15VfGZXdsmTMdoFS_eR3HQ53cvJBzq6_rL8j7SZ-z6csxirDIq8d07dwdm4g&amp;__tn__=*NK-y-R\">#Espa\u00f1a<\/a><\/span><span style=\"font-size: 16px\"> y dexar\u00e1 ag\u00fces\/lluvias d&#8217;oeste a este, con vientos fuertes <\/span><span class=\"html-span xexx8yu xyri2b x18d9i69 x1c1uobl x1hl2dhg x16tdsg8 x1vvkbs x3nfvp2 x1j61x8r x1fcty0u xdj266r xat24cr xm2jcoa x1mpyi22 xxymvpz xlup9mm x1kky2od\" style=\"font-size: 16px\"><img loading=\"lazy\" decoding=\"async\" class=\"xz74otr x15mokao x1ga7v0g x16uus16 xbiv7yw\" src=\"https:\/\/static.xx.fbcdn.net\/images\/emoji.php\/v9\/tc3\/1\/16\/1f4a8.png\" alt=\"\ud83d\udca8\" width=\"16\" height=\"16\" \/><\/span><span style=\"font-size: 16px\"> en varias comunidaes. <\/span><span class=\"html-span xexx8yu xyri2b x18d9i69 x1c1uobl x1hl2dhg x16tdsg8 x1vvkbs x3nfvp2 x1j61x8r x1fcty0u xdj266r xat24cr xm2jcoa x1mpyi22 xxymvpz xlup9mm x1kky2od\" style=\"font-size: 16px\"><img loading=\"lazy\" decoding=\"async\" class=\"xz74otr x15mokao x1ga7v0g x16uus16 xbiv7yw\" src=\"https:\/\/static.xx.fbcdn.net\/images\/emoji.php\/v9\/t4f\/1\/16\/1f447.png\" alt=\"\ud83d\udc47\" width=\"16\" height=\"16\" \/><\/span><span style=\"font-size: 16px\"> Duncan Wingen analiza les hores clave: <\/span><span class=\"html-span xdj266r x14z9mp xat24cr x1lziwak xexx8yu xyri2b x18d9i69 x1c1uobl x1hl2dhg x16tdsg8 x1vvkbs\" style=\"font-size: 16px\"><a class=\"x1i10hfl xjbqb8w x1ejq31n x18oe1m7 x1sy0etr xstzfhl x972fbf x10w94by x1qhh985 x14e42zd x9f619 x1ypdohk xt0psk2 x3ct3a4 xdj266r x14z9mp xat24cr x1lziwak xexx8yu xyri2b x18d9i69 x1c1uobl x16tdsg8 x1hl2dhg xggy1nq x1a2a7pz xkrqix3 x1sur9pj x1fey0fg x1s688f\" role=\"link\" href=\"https:\/\/f.mtr.cool\/isvzdllyly?fbclid=IwZXh0bgNhZW0CMTAAYnJpZBExR29XTlFRRVBueERSSEJqQXNydGMGYXBwX2lkEDIyMjAzOTE3ODgyMDA4OTIAAR6e5_wQQciQ7Uf3ntmAZ67NUzVayQpFuPz76-KpTMljjO051YvndrkY7RzzCQ_aem_RmZBnXNklbJDf-9RcRmnrw\" target=\"_blank\" rel=\"nofollow noopener noreferrer\">https:\/\/f.mtr.cool\/isvzdllyly<\/a><\/span><\/p>\n<ul>\n<li>Uvi\u00e9u: <strong><a href=\"https:\/\/scontent-bcn1-1.xx.fbcdn.net\/v\/t39.30808-6\/586901138_1149435537382678_7987306575257327420_n.jpg?_nc_cat=106&amp;ccb=1-7&amp;_nc_sid=aa7b47&amp;_nc_ohc=qs6ahwe6lTwQ7kNvwHmgCsq&amp;_nc_oc=AdnKgxKp8BDwsXxuneT60-UknctPSk8-za18ouIIkWA5YO2FIvDJx9AWlfib_xG20ArcM_e3nlFjzfdd6G1gQc5D&amp;_nc_zt=23&amp;_nc_ht=scontent-bcn1-1.xx&amp;_nc_gid=5Wp4VbbgWCoLhteXJYmdjA&amp;oh=00_AfhmMuqy79Fl-k0agmXT3rma44izTjuCmpk29jIqvqjGoQ&amp;oe=6927868A\">Monte Naranco nev\u00e1u<\/a> <\/strong>\/ <a href=\"https:\/\/www.aemet.es\/es\/eltiempo\/prediccion\/avisos?k=ast\">AEMET Asturies<\/a> \/<\/li>\n<\/ul>\n<p style=\"text-align: center\"><a href=\"https:\/\/services.meteored.com\/img\/article\/este-lunes-un-frente-frio-barrera-espana-lluvias-de-oeste-a-este-y-vientos-fuertes-las-horas-clave-1763803260839_1024.png\"><img loading=\"lazy\" decoding=\"async\" class=\"aligncenter size-large\" src=\"https:\/\/services.meteored.com\/img\/article\/este-lunes-un-frente-frio-barrera-espana-lluvias-de-oeste-a-este-y-vientos-fuertes-las-horas-clave-1763803260839_1024.png\" width=\"1024\" height=\"714\" \/><\/a><\/p>\n<p><strong>La \u00faltima selmana de payares va ser m\u00e1s fr\u00eda de lo habitual<\/strong> para la d\u00f3mina del a\u00f1u na mayor parte de la Pen\u00ednsula y en Baleares.<\/p>\n<p><strong><!--more--><\/strong><\/p>\n<p><strong>A partir del martes<\/strong> ye posible que se produzan xelaes en zones del interior, especialmente del norte y este.<strong> Quiciabes a finales de selmana<\/strong> vaigan normaliz\u00e1ndose de nuevu les temperatures. Tocantes a les precipitaciones, la selmana va empezar con ag\u00fces n&#8217;amplies zones del territoriu&#8217;l llunes y el martes. Dempu\u00e9s, los vientos del norte van abasnar nubes hasta&#8217;l Cant\u00e1bricu, alto Ebro y Pirineos, con ag\u00fces y nevaes neses zones.<\/p>\n<p>&nbsp;<\/p>\n<p style=\"text-align: center\"><a href=\"https:\/\/pbs.twimg.com\/media\/G6WacYmXoAA77CS?format=jpg&amp;name=large\"><img loading=\"lazy\" decoding=\"async\" class=\"aligncenter size-large\" src=\"https:\/\/pbs.twimg.com\/media\/G6WacYmXoAA77CS?format=jpg&amp;name=large\" width=\"2048\" height=\"1536\" \/><\/a><\/p>\n<p>Sierra del Aramo<\/p>\n<p style=\"text-align: center\">\n<\/div>\n<\/div>\n<\/div>\n<\/div>\n<\/div>\n<p style=\"text-align: center\"><a href=\"https:\/\/pbs.twimg.com\/media\/G6WkJVDWkAA-yvw?format=jpg&amp;name=medium\"><img loading=\"lazy\" decoding=\"async\" class=\"aligncenter size-large\" src=\"https:\/\/pbs.twimg.com\/media\/G6WkJVDWkAA-yvw?format=jpg&amp;name=medium\" width=\"952\" height=\"581\" \/><\/a><\/p>\n<p style=\"text-align: center\"><em>Niv\u00e9l d&#8217;alerta mariello pa ma\u00f1ana domingu n&#8217;Asturies.<\/em><\/p>\n","protected":false},"excerpt":{"rendered":"<p>Meteored Esti llunes un frente fr\u00edo barrer\u00e1 #Espa\u00f1a y dexar\u00e1 ag\u00fces\/lluvias d&#8217;oeste a este, con vientos fuertes en varias comunidaes. Duncan Wingen analiza les hores clave: https:\/\/f.mtr.cool\/isvzdllyly Uvi\u00e9u: Monte Naranco nev\u00e1u \/ AEMET Asturies \/ La \u00faltima selmana de payares va ser m\u00e1s fr\u00eda de lo habitual para la d\u00f3mina del a\u00f1u na mayor parte [&hellip;]<\/p>\n","protected":false},"author":117,"featured_media":0,"comment_status":"closed","ping_status":"closed","sticky":false,"template":"","format":"standard","meta":{"footnotes":""},"categories":[5],"tags":[],"class_list":["post-62018","post","type-post","status-publish","format-standard","hentry","category-tiempu"],"_links":{"self":[{"href":"https:\/\/edublog.educastur.es\/ixuxu\/wp-json\/wp\/v2\/posts\/62018","targetHints":{"allow":["GET"]}}],"collection":[{"href":"https:\/\/edublog.educastur.es\/ixuxu\/wp-json\/wp\/v2\/posts"}],"about":[{"href":"https:\/\/edublog.educastur.es\/ixuxu\/wp-json\/wp\/v2\/types\/post"}],"author":[{"embeddable":true,"href":"https:\/\/edublog.educastur.es\/ixuxu\/wp-json\/wp\/v2\/users\/117"}],"replies":[{"embeddable":true,"href":"https:\/\/edublog.educastur.es\/ixuxu\/wp-json\/wp\/v2\/comments?post=62018"}],"version-history":[{"count":7,"href":"https:\/\/edublog.educastur.es\/ixuxu\/wp-json\/wp\/v2\/posts\/62018\/revisions"}],"predecessor-version":[{"id":62028,"href":"https:\/\/edublog.educastur.es\/ixuxu\/wp-json\/wp\/v2\/posts\/62018\/revisions\/62028"}],"wp:attachment":[{"href":"https:\/\/edublog.educastur.es\/ixuxu\/wp-json\/wp\/v2\/media?parent=62018"}],"wp:term":[{"taxonomy":"category","embeddable":true,"href":"https:\/\/edublog.educastur.es\/ixuxu\/wp-json\/wp\/v2\/categories?post=62018"},{"taxonomy":"post_tag","embeddable":true,"href":"https:\/\/edublog.educastur.es\/ixuxu\/wp-json\/wp\/v2\/tags?post=62018"}],"curies":[{"name":"wp","href":"https:\/\/api.w.org\/{rel}","templated":true}]}}