{"id":62064,"date":"2025-11-21T08:45:07","date_gmt":"2025-11-21T06:45:07","guid":{"rendered":"https:\/\/edublog.educastur.es\/ixuxu\/?p=62064"},"modified":"2025-11-22T16:18:47","modified_gmt":"2025-11-22T14:18:47","slug":"estau-del-tiempu-vienres-21-de-payares","status":"publish","type":"post","link":"https:\/\/edublog.educastur.es\/ixuxu\/2025\/11\/estau-del-tiempu-vienres-21-de-payares\/","title":{"rendered":"Est\u00e1u del tiempu: vienres 21 de payares"},"content":{"rendered":"<div class=\"x1cy8zhl x2bj2ny x78zum5 x1q0g3np\">\n<div class=\"x1iyjqo2\">\n<div class=\"x78zum5 xdt5ytf xz62fqu x16ldp7u\">\n<div class=\"xu06os2 x1ok221b\">\n<div class=\"x1gslohp\">\n<ul>\n<li class=\"html-h2 x14z9mp xat24cr x1lziwak xexx8yu xyri2b x18d9i69 x1c1uobl x1vvkbs x1heor9g x1qlqyl8 x1pd3egz x1a2a7pz x1gslohp\"><span class=\"x193iq5w xeuugli x13faqbe x1vvkbs x1xmvt09 x1f6kntn xvq8zen xo1l8bm xi81zsa\"><span class=\"xt0psk2\"><a class=\"x1i10hfl xjbqb8w x1ejq31n x18oe1m7 x1sy0etr xstzfhl x972fbf x10w94by x1qhh985 x14e42zd x9f619 x1ypdohk xt0psk2 x3ct3a4 xdj266r x14z9mp xat24cr x1lziwak xexx8yu xyri2b x18d9i69 x1c1uobl x16tdsg8 x1hl2dhg xggy1nq x1a2a7pz xkrqix3 x1sur9pj xzsf02u x1s688f\" role=\"link\" href=\"https:\/\/www.facebook.com\/eltiempuenasturies?__cft__[0]=AZUBSWIya0gFAcYWGGHs0-R9sRGWtFXxBLaCcm_-QOrBB0KHsTOhL-_P2kK08jOd0k0E7l_aRGKcYu1UlN-0CVZ1tS0bhN-UoSwJSenJsGQ5A7qA8YVzAUxqzBUrCF0rJsnBp5iXyA-s-MN9GPLpV7MlZywj9UUPidyUqqZ_Ooar0qE1fARn_WyexDdLAiFte7nfLAVY49ehgG50jLavg1bc&amp;__tn__=-UC*F\">El Tiempu n&#8217;Asturies.<\/a><\/span><\/span><\/li>\n<\/ul>\n<\/div>\n<\/div>\n<\/div>\n<\/div>\n<\/div>\n<ul>\n<li class=\"xyinxu5 xyri2b x1g2khh7 x1c1uobl\"><span class=\"x193iq5w xeuugli x13faqbe x1vvkbs x1xmvt09 x1lliihq x1s928wv xhkezso x1gmr53x x1cpjm7i x1fgarty x1943h6x xudqn12 x3x7a5m x1f6kntn xvq8zen xo1l8bm xzsf02u\" dir=\"auto\"><span style=\"color: #008080\"><strong>Alborecemos<\/strong><\/span> col cielu nuboso y xarabatos intermitentes que son en forma de nieve perriba de los 700m con unes temperatures que tan alrodiu de los 6\u00baC, rexistr\u00e1ndose nel puirtu Payares -2,9\u00baC onde ta nevando y se fae l&#8217;usu obligatoriu de neum\u00e1ticos d&#8217;iviernu o cadenes.<\/span><\/li>\n<li class=\"xyinxu5 xyri2b x1g2khh7 x1c1uobl\"><span class=\"x193iq5w xeuugli x13faqbe x1vvkbs x1xmvt09 x1lliihq x1s928wv xhkezso x1gmr53x x1cpjm7i x1fgarty x1943h6x xudqn12 x3x7a5m x1f6kntn xvq8zen xo1l8bm xzsf02u\" dir=\"auto\"><strong><span style=\"color: #008080\">G\u00fcei<\/span> <\/strong>vamos seguir con esti tiempu ivernal con xarabatos y precipitaciones intermitentes que dir\u00e1n espaci\u00e1ndose ya perdiendo intensid\u00e1 a partir del mediud\u00eda con unes temperatures que camudar\u00e1n poco, calteni\u00e9ndose un ambiente fr\u00edu ya ivernal. La nieve surdir\u00e1 perriba de los 700-800m y l&#8217;aire tender\u00e1 amenorgar pa quedar sele ya variable.<\/span><\/li>\n<\/ul>\n<p><span class=\"x193iq5w xeuugli x13faqbe x1vvkbs x1xmvt09 x1lliihq x1s928wv xhkezso x1gmr53x x1cpjm7i x1fgarty x1943h6x xudqn12 x3x7a5m x1f6kntn xvq8zen xo1l8bm xzsf02u\" dir=\"auto\"><!--more--><\/span><\/p>\n<p style=\"text-align: center\"><span class=\"x193iq5w xeuugli x13faqbe x1vvkbs x1xmvt09 x1lliihq x1s928wv xhkezso x1gmr53x x1cpjm7i x1fgarty x1943h6x xudqn12 x3x7a5m x1f6kntn xvq8zen xo1l8bm xzsf02u\" dir=\"auto\">\n<!-- iframe plugin v.6.0 wordpress.org\/plugins\/iframe\/ -->\n<iframe loading=\"lazy\" src=\"https:\/\/www.facebook.com\/plugins\/post.php?href=https%3A%2F%2Fwww.facebook.com%2Feltiempuenasturies%2Fposts%2Fpfbid02xXBarYV8QNnJpYSWkbumeM5SLAAzmPRDeQSKZRSLMibipSk8uBjzQrr9h5RByw79l&#038;show_text=false&#038;width=500\" width=\"500\" height=\"497\" style=\"border:none;overflow:hidden\" scrolling=\"no\" frameborder=\"0\" allowfullscreen=\"true\" allow=\"autoplay; clipboard-write; encrypted-media; picture-in-picture; web-share\" 0=\"\/iframe\" class=\"iframe-class\"><\/iframe>\n<br class=\"html-br\" \/><br class=\"html-br\" \/><strong><span style=\"color: #008080\">Ma\u00f1ana s\u00e1badu<\/span><\/strong> alboreceremos con nubes ya claros o abancios y xelando nel interior asturianu, durante la ma\u00f1ana dir\u00e1 entrando l&#8217;aire gallegu pero sobre too pela tarde cuando templar\u00e1 dalgo l&#8217;ambiente, am\u00e1s mos apurrir\u00e1 nubosid\u00e1 y la posibilid\u00e1 de precipitaciones febles ocasionales.<br class=\"html-br\" \/><br class=\"html-br\" \/><strong><span style=\"color: #008080\">El domingu<\/span><\/strong> seguiremos col vientu gallegu, am\u00e1s dir\u00e1 coyendo fuelle pa soplar con raches fuertes nel llitoral y zones altes faciendo que suban nidiamente les temperatures. El cielu va tar nuboso pero sin malpenes precipitaciones, sicas\u00ed na fastera surocidental sedr\u00e1n probables y la nubosid\u00e1 sedr\u00e1 m\u00e1s abondosa.<br class=\"html-br\" \/><br class=\"html-br\" \/><strong><span style=\"color: #008080\">El llunes<\/span> <\/strong>un nuevu frente mos dexar\u00e1 precipitaciones abondoses y un descensu de les temperatures, surdiendo de nuevu la nieve na cordelera, sobre too de cara al martes cuando la cota baxar\u00e1 a los 1000m. pero esto y\u00e1 lu diremos viendo.<\/span><\/p>\n","protected":false},"excerpt":{"rendered":"<p>El Tiempu n&#8217;Asturies. Alborecemos col cielu nuboso y xarabatos intermitentes que son en forma de nieve perriba de los 700m con unes temperatures que tan alrodiu de los 6\u00baC, rexistr\u00e1ndose nel puirtu Payares -2,9\u00baC onde ta nevando y se fae l&#8217;usu obligatoriu de neum\u00e1ticos d&#8217;iviernu o cadenes. G\u00fcei vamos seguir con esti tiempu ivernal con [&hellip;]<\/p>\n","protected":false},"author":117,"featured_media":0,"comment_status":"closed","ping_status":"closed","sticky":false,"template":"","format":"standard","meta":{"footnotes":""},"categories":[5],"tags":[],"class_list":["post-62064","post","type-post","status-publish","format-standard","hentry","category-tiempu"],"_links":{"self":[{"href":"https:\/\/edublog.educastur.es\/ixuxu\/wp-json\/wp\/v2\/posts\/62064","targetHints":{"allow":["GET"]}}],"collection":[{"href":"https:\/\/edublog.educastur.es\/ixuxu\/wp-json\/wp\/v2\/posts"}],"about":[{"href":"https:\/\/edublog.educastur.es\/ixuxu\/wp-json\/wp\/v2\/types\/post"}],"author":[{"embeddable":true,"href":"https:\/\/edublog.educastur.es\/ixuxu\/wp-json\/wp\/v2\/users\/117"}],"replies":[{"embeddable":true,"href":"https:\/\/edublog.educastur.es\/ixuxu\/wp-json\/wp\/v2\/comments?post=62064"}],"version-history":[{"count":3,"href":"https:\/\/edublog.educastur.es\/ixuxu\/wp-json\/wp\/v2\/posts\/62064\/revisions"}],"predecessor-version":[{"id":62074,"href":"https:\/\/edublog.educastur.es\/ixuxu\/wp-json\/wp\/v2\/posts\/62064\/revisions\/62074"}],"wp:attachment":[{"href":"https:\/\/edublog.educastur.es\/ixuxu\/wp-json\/wp\/v2\/media?parent=62064"}],"wp:term":[{"taxonomy":"category","embeddable":true,"href":"https:\/\/edublog.educastur.es\/ixuxu\/wp-json\/wp\/v2\/categories?post=62064"},{"taxonomy":"post_tag","embeddable":true,"href":"https:\/\/edublog.educastur.es\/ixuxu\/wp-json\/wp\/v2\/tags?post=62064"}],"curies":[{"name":"wp","href":"https:\/\/api.w.org\/{rel}","templated":true}]}}