{"id":62095,"date":"2025-11-22T09:00:52","date_gmt":"2025-11-22T07:00:52","guid":{"rendered":"https:\/\/edublog.educastur.es\/ixuxu\/?p=62095"},"modified":"2025-11-22T17:14:31","modified_gmt":"2025-11-22T15:14:31","slug":"dia-mundial-de-la-musica","status":"publish","type":"post","link":"https:\/\/edublog.educastur.es\/ixuxu\/2025\/11\/dia-mundial-de-la-musica\/","title":{"rendered":"D\u00eda Mundial de la M\u00fasica y de los m\u00fasicos"},"content":{"rendered":"<p style=\"text-align: center\"><a href=\"https:\/\/ceipmariazambrano.catedu.es\/wp-content\/uploads\/sites\/72\/2023\/11\/WhatsApp-Image-2020-11-22-at-10.34.58-1.jpeg\"><img loading=\"lazy\" decoding=\"async\" class=\"aligncenter \" src=\"https:\/\/ceipmariazambrano.catedu.es\/wp-content\/uploads\/sites\/72\/2023\/11\/WhatsApp-Image-2020-11-22-at-10.34.58-1.jpeg\" width=\"578\" height=\"482\" \/><\/a><\/p>\n<p>Esti d\u00eda especial, proclam\u00e1u pola UNESCO en 1982, <strong>busca destacar la importancia de la m\u00fasica como forma d&#8217;espresi\u00f3n art\u00edstica<\/strong>, seg\u00fan el so papel fundamental na promoci\u00f3n del entendimientu y la tolerancia ente les diverses comunidaes alredor del globu.<\/p>\n<p><!--more--><\/p>\n<p>Ye una xornada que se celebra a\u00f1almente&#8217;l 1 d&#8217;ochobre dende 1975, establec\u00edu pol Conseyu Internacional de la M\u00fasica (IMC) n&#8217;ese mesmu a\u00f1u. Foi proclam\u00e1u oficialmente pol Conseyu Internacional de la M\u00fasica (IMC)\u200b el 1 d&#8217;ochobre de 1975. Esta iniciativa, liderada por Yehudi Menuhin y Boris Yarustowski, adoptose mientres la 15.\u00aa Asamblea Xeneral del IMC celebrada en Lausana en 1973.<\/p>\n<p style=\"text-align: center\"><a href=\"https:\/\/fotografias.lasexta.com\/clipping\/cmsimages02\/2024\/06\/20\/5EAA804D-F32C-42E4-99F9-B6C0E122CC74\/partitura-musica-piano_69.jpg?crop=5472,3078,x0,y289&amp;width=1280&amp;height=720&amp;optimize=low&amp;format=jpg\"><img loading=\"lazy\" decoding=\"async\" class=\"aligncenter \" src=\"https:\/\/fotografias.lasexta.com\/clipping\/cmsimages02\/2024\/06\/20\/5EAA804D-F32C-42E4-99F9-B6C0E122CC74\/partitura-musica-piano_69.jpg?crop=5472,3078,x0,y289&amp;width=1280&amp;height=720&amp;optimize=low&amp;format=jpg\" width=\"750\" height=\"422\" \/><\/a><\/p>\n<p>Fund\u00e1u en 1949 pola UNESCO, l&#8217;IMC busca busca promover l&#8217;arte musical en toles secciones de la socied\u00e1, aplicar los ideales de paz y amist\u00e1 ente los pueblos y destacar la evoluci\u00f3n y l&#8217;intercambiu cultural, seg\u00fan l&#8217;apreciaci\u00f3n mutua de los valores est\u00e9ticos. Am\u00e1s, el D\u00eda Internacional de la M\u00fasica tien como oxetivu promover les actividaes del\u00a0IMC, les sos organizaciones miembros internacionales y comit\u00e9s nacionales, seg\u00fan la so pol\u00edtica de programes polo xeneral.<\/p>\n<p style=\"text-align: center\">\n<!-- iframe plugin v.6.0 wordpress.org\/plugins\/iframe\/ -->\n<iframe loading=\"lazy\" width=\"100%\" height=\"487\" src=\"https:\/\/www.youtube.com\/embed\/lx9uZYXtXoA\" title=\"22 de noviembre - #D\u00eda de la #M\u00fasica - Santa Cecila patrona de la M\u00fasica.-\" frameborder=\"0\" allow=\"accelerometer; autoplay; clipboard-write; encrypted-media; gyroscope; picture-in-picture; web-share\" referrerpolicy=\"strict-origin-when-cross-origin\" 0=\"allowfullscreen\" 1=\"\/iframe\" scrolling=\"yes\" class=\"iframe-class\"><\/iframe>\n<\/p>\n<p style=\"text-align: center\"><a href=\"https:\/\/frasesdelavida.com\/wp-content\/uploads\/2017\/02\/Frases-sobre-mu%CC%81sica-frases-de-6.jpg\"><img loading=\"lazy\" decoding=\"async\" class=\"aligncenter size-large\" src=\"https:\/\/frasesdelavida.com\/wp-content\/uploads\/2017\/02\/Frases-sobre-mu%CC%81sica-frases-de-6.jpg\" width=\"600\" height=\"600\" \/><\/a><\/p>\n","protected":false},"excerpt":{"rendered":"<p>Esti d\u00eda especial, proclam\u00e1u pola UNESCO en 1982, busca destacar la importancia de la m\u00fasica como forma d&#8217;espresi\u00f3n art\u00edstica, seg\u00fan el so papel fundamental na promoci\u00f3n del entendimientu y la tolerancia ente les diverses comunidaes alredor del globu.<\/p>\n","protected":false},"author":117,"featured_media":0,"comment_status":"closed","ping_status":"closed","sticky":false,"template":"","format":"standard","meta":{"footnotes":""},"categories":[6,35],"tags":[],"class_list":["post-62095","post","type-post","status-publish","format-standard","hentry","category-dia-de","category-musica"],"_links":{"self":[{"href":"https:\/\/edublog.educastur.es\/ixuxu\/wp-json\/wp\/v2\/posts\/62095","targetHints":{"allow":["GET"]}}],"collection":[{"href":"https:\/\/edublog.educastur.es\/ixuxu\/wp-json\/wp\/v2\/posts"}],"about":[{"href":"https:\/\/edublog.educastur.es\/ixuxu\/wp-json\/wp\/v2\/types\/post"}],"author":[{"embeddable":true,"href":"https:\/\/edublog.educastur.es\/ixuxu\/wp-json\/wp\/v2\/users\/117"}],"replies":[{"embeddable":true,"href":"https:\/\/edublog.educastur.es\/ixuxu\/wp-json\/wp\/v2\/comments?post=62095"}],"version-history":[{"count":7,"href":"https:\/\/edublog.educastur.es\/ixuxu\/wp-json\/wp\/v2\/posts\/62095\/revisions"}],"predecessor-version":[{"id":62102,"href":"https:\/\/edublog.educastur.es\/ixuxu\/wp-json\/wp\/v2\/posts\/62095\/revisions\/62102"}],"wp:attachment":[{"href":"https:\/\/edublog.educastur.es\/ixuxu\/wp-json\/wp\/v2\/media?parent=62095"}],"wp:term":[{"taxonomy":"category","embeddable":true,"href":"https:\/\/edublog.educastur.es\/ixuxu\/wp-json\/wp\/v2\/categories?post=62095"},{"taxonomy":"post_tag","embeddable":true,"href":"https:\/\/edublog.educastur.es\/ixuxu\/wp-json\/wp\/v2\/tags?post=62095"}],"curies":[{"name":"wp","href":"https:\/\/api.w.org\/{rel}","templated":true}]}}