{"id":62106,"date":"2025-11-22T08:30:16","date_gmt":"2025-11-22T06:30:16","guid":{"rendered":"https:\/\/edublog.educastur.es\/ixuxu\/?p=62106"},"modified":"2025-11-22T17:23:26","modified_gmt":"2025-11-22T15:23:26","slug":"el-tiempu-el-comercio-191","status":"publish","type":"post","link":"https:\/\/edublog.educastur.es\/ixuxu\/2025\/11\/el-tiempu-el-comercio-191\/","title":{"rendered":"El tiempu (El Comercio)"},"content":{"rendered":"<p style=\"text-align: center\"><a href=\"https:\/\/s3.ppllstatics.com\/elcomercio\/www\/multimedia\/2025\/11\/21\/tiempo-asturias-sabado-22-noviembre-kfNE-U2302588077118HVD-1200x870@El%20Comercio.jpg\"><img loading=\"lazy\" decoding=\"async\" class=\"aligncenter size-large\" src=\"https:\/\/s3.ppllstatics.com\/elcomercio\/www\/multimedia\/2025\/11\/21\/tiempo-asturias-sabado-22-noviembre-kfNE-U2302588077118HVD-1200x870@El%20Comercio.jpg\" width=\"1200\" height=\"868\" \/><\/a><\/p>\n<p>Tres unos d\u00edes fr\u00edos n&#8217;Asturies, esti s\u00e1badu vamos notar un ascensu significativu de les m\u00e1ximes gracies a un predominiu de vientos de suroeste. Con \u00e9ses <strong>vamos amanecer<\/strong> con intervalos de nubes altes ensin posibilid\u00e1 dalguna de precipitaciones. <strong>Conforme meyora&#8217;l d\u00eda<\/strong> ye posible que y\u00e1 vaigamos viendo nubes tami\u00e9n de tipu medio entrando pel oeste.<strong> Mientres la tarde<\/strong> se preven precipitaciones d\u00e9biles que van poder afectar a cualquier puntu pero, asina tou, van ser menos probables y frecuentes cuanto m\u00e1s movamos escontra l&#8217;oriente y norte de la rex\u00f3n. Van ser unes ag\u00fces acomu\u00f1aes a un frente templ\u00e1u y ye por ello polo que van xubir<strong> les temperatures m\u00e1ximes<\/strong> g\u00fcei s\u00e1badu. Van xubir hasta 6 \u00baC nel oriente, hasta 4 o 5 \u00baC nel centru y hasta 2 o 3 \u00baC nel occidente respecto al vienres. <strong>Les m\u00ednime<\/strong>s, que van tener llugar a primer hora de la ma\u00f1ana, van ser daqu\u00e9 m\u00e1s baxes que les d&#8217;esti vienres.<\/p>\n<p><!--more--><\/p>\n<p>Concretamente, prevese que baxen hasta 2 \u00baC y, inclusive, hasta 3 o 4 \u00baC nel terciu sur. <strong>Los vientos<\/strong>, como ment\u00e1bamos antes, van predominar de suroeste especialmente a partir del mediud\u00eda con posibilid\u00e1 de raches moderaes mientres la tarde.<\/p>\n<p><strong>El domingu<\/strong> vamos siguir con vientos de suroeste y mayor *nubosidad escontra&#8217;l cordal y l&#8217;occidente onde nun se refuguen precipitaciones. Tiempu m\u00e1s estable nel restu d&#8217;Asturies. Les temperatures m\u00e1ximes van xubir 3 o 4 \u00baC m\u00e1s, ente que les m\u00ednimes van xubir espectacularmente hasta 10 \u00baC m\u00e1s que g\u00fcei s\u00e1badu.<\/p>\n","protected":false},"excerpt":{"rendered":"<p>Tres unos d\u00edes fr\u00edos n&#8217;Asturies, esti s\u00e1badu vamos notar un ascensu significativu de les m\u00e1ximes gracies a un predominiu de vientos de suroeste. Con \u00e9ses vamos amanecer con intervalos de nubes altes ensin posibilid\u00e1 dalguna de precipitaciones. Conforme meyora&#8217;l d\u00eda ye posible que y\u00e1 vaigamos viendo nubes tami\u00e9n de tipu medio entrando pel oeste. Mientres [&hellip;]<\/p>\n","protected":false},"author":117,"featured_media":0,"comment_status":"closed","ping_status":"closed","sticky":false,"template":"","format":"standard","meta":{"footnotes":""},"categories":[5],"tags":[],"class_list":["post-62106","post","type-post","status-publish","format-standard","hentry","category-tiempu"],"_links":{"self":[{"href":"https:\/\/edublog.educastur.es\/ixuxu\/wp-json\/wp\/v2\/posts\/62106","targetHints":{"allow":["GET"]}}],"collection":[{"href":"https:\/\/edublog.educastur.es\/ixuxu\/wp-json\/wp\/v2\/posts"}],"about":[{"href":"https:\/\/edublog.educastur.es\/ixuxu\/wp-json\/wp\/v2\/types\/post"}],"author":[{"embeddable":true,"href":"https:\/\/edublog.educastur.es\/ixuxu\/wp-json\/wp\/v2\/users\/117"}],"replies":[{"embeddable":true,"href":"https:\/\/edublog.educastur.es\/ixuxu\/wp-json\/wp\/v2\/comments?post=62106"}],"version-history":[{"count":1,"href":"https:\/\/edublog.educastur.es\/ixuxu\/wp-json\/wp\/v2\/posts\/62106\/revisions"}],"predecessor-version":[{"id":62107,"href":"https:\/\/edublog.educastur.es\/ixuxu\/wp-json\/wp\/v2\/posts\/62106\/revisions\/62107"}],"wp:attachment":[{"href":"https:\/\/edublog.educastur.es\/ixuxu\/wp-json\/wp\/v2\/media?parent=62106"}],"wp:term":[{"taxonomy":"category","embeddable":true,"href":"https:\/\/edublog.educastur.es\/ixuxu\/wp-json\/wp\/v2\/categories?post=62106"},{"taxonomy":"post_tag","embeddable":true,"href":"https:\/\/edublog.educastur.es\/ixuxu\/wp-json\/wp\/v2\/tags?post=62106"}],"curies":[{"name":"wp","href":"https:\/\/api.w.org\/{rel}","templated":true}]}}