{"id":62112,"date":"2025-11-22T12:35:12","date_gmt":"2025-11-22T10:35:12","guid":{"rendered":"https:\/\/edublog.educastur.es\/ixuxu\/?p=62112"},"modified":"2025-11-22T17:35:29","modified_gmt":"2025-11-22T15:35:29","slug":"pola-universida-publica-nasturies","status":"publish","type":"post","link":"https:\/\/edublog.educastur.es\/ixuxu\/2025\/11\/pola-universida-publica-nasturies\/","title":{"rendered":"Pola Universid\u00e1 p\u00fablica n&#8217;Asturies"},"content":{"rendered":"<div class=\"html-div xdj266r x14z9mp xat24cr x1lziwak xexx8yu xyri2b x18d9i69 x1c1uobl x9f619 xjbqb8w x78zum5 x15mokao x1ga7v0g x16uus16 xbiv7yw x1uhb9sk x1plvlek xryxfnj x1c4vz4f x2lah0s x1q0g3np xqjyukv x1qjc9v5 x1oa3qoh x1nhvcw1\" style=\"text-align: center\"><span class=\"x193iq5w xeuugli x13faqbe x1vvkbs xt0psk2 x1i0vuye xvs91rp xo1l8bm x5n08af x10wh9bi xpm28yp x8viiok x1o7cslx x126k92a\"><span class=\"html-span xexx8yu x4uap5 x18d9i69 xkhd6sd x1hl2dhg x16tdsg8 x1vvkbs x3nfvp2 x1j61x8r x1fcty0u xdj266r xat24cr xgzva0m xhhsvwb xxymvpz xlup9mm x1kky2od\">\n<!-- iframe plugin v.6.0 wordpress.org\/plugins\/iframe\/ -->\n<iframe loading=\"lazy\" src=\"https:\/\/www.instagram.com\/p\/DRUcdLqCLl8\/embed\" width=\"500\" height=\"645\" 0=\"\/iframe\" scrolling=\"yes\" class=\"iframe-class\" frameborder=\"0\"><\/iframe>\n<\/span><\/span><\/div>\n<p><span class=\"x193iq5w xeuugli x13faqbe x1vvkbs xt0psk2 x1i0vuye xvs91rp xo1l8bm x5n08af x10wh9bi xpm28yp x8viiok x1o7cslx x126k92a\">La llegada d\u2019universidaes privaes a Asturies significa m\u00e1s desiguald\u00e1, menos drechos y una educaci\u00f3n convert\u00eda nun negociu. \ud83d\udcb6 La universid\u00e1 privada prioriza\u2019l beneficiu, rebaxa niveles, limita drechos estudiantiles, crea competencia y desiguald\u00e1, pon a la universid\u00e1 y la xente que tamos nella al serviciu d\u2019empresarios xenocides, empobrez la investigaci\u00f3n y el futuru del pa\u00eds. La educaci\u00f3n nun ye un productu: ye un drechu qu\u2019hai que defender. Por toes, por n\u00f3s y pol avance de la socied\u00e1. \u270a\ud83d\udcd6\ud83d\udd4a\ufe0f\ud83d\udd2c. <a href=\"https:\/\/www.instagram.com\/ainaasturies_moceda\">https:\/\/www.instagram.com\/ainaasturies_moceda<\/a><\/span><\/p>\n","protected":false},"excerpt":{"rendered":"<p>La llegada d\u2019universidaes privaes a Asturies significa m\u00e1s desiguald\u00e1, menos drechos y una educaci\u00f3n convert\u00eda nun negociu. \ud83d\udcb6 La universid\u00e1 privada prioriza\u2019l beneficiu, rebaxa niveles, limita drechos estudiantiles, crea competencia y desiguald\u00e1, pon a la universid\u00e1 y la xente que tamos nella al serviciu d\u2019empresarios xenocides, empobrez la investigaci\u00f3n y el futuru del pa\u00eds. La [&hellip;]<\/p>\n","protected":false},"author":117,"featured_media":0,"comment_status":"closed","ping_status":"closed","sticky":false,"template":"","format":"standard","meta":{"footnotes":""},"categories":[212],"tags":[],"class_list":["post-62112","post","type-post","status-publish","format-standard","hentry","category-universida-duvieu"],"_links":{"self":[{"href":"https:\/\/edublog.educastur.es\/ixuxu\/wp-json\/wp\/v2\/posts\/62112","targetHints":{"allow":["GET"]}}],"collection":[{"href":"https:\/\/edublog.educastur.es\/ixuxu\/wp-json\/wp\/v2\/posts"}],"about":[{"href":"https:\/\/edublog.educastur.es\/ixuxu\/wp-json\/wp\/v2\/types\/post"}],"author":[{"embeddable":true,"href":"https:\/\/edublog.educastur.es\/ixuxu\/wp-json\/wp\/v2\/users\/117"}],"replies":[{"embeddable":true,"href":"https:\/\/edublog.educastur.es\/ixuxu\/wp-json\/wp\/v2\/comments?post=62112"}],"version-history":[{"count":2,"href":"https:\/\/edublog.educastur.es\/ixuxu\/wp-json\/wp\/v2\/posts\/62112\/revisions"}],"predecessor-version":[{"id":62114,"href":"https:\/\/edublog.educastur.es\/ixuxu\/wp-json\/wp\/v2\/posts\/62112\/revisions\/62114"}],"wp:attachment":[{"href":"https:\/\/edublog.educastur.es\/ixuxu\/wp-json\/wp\/v2\/media?parent=62112"}],"wp:term":[{"taxonomy":"category","embeddable":true,"href":"https:\/\/edublog.educastur.es\/ixuxu\/wp-json\/wp\/v2\/categories?post=62112"},{"taxonomy":"post_tag","embeddable":true,"href":"https:\/\/edublog.educastur.es\/ixuxu\/wp-json\/wp\/v2\/tags?post=62112"}],"curies":[{"name":"wp","href":"https:\/\/api.w.org\/{rel}","templated":true}]}}