{"id":62155,"date":"2025-11-22T21:00:20","date_gmt":"2025-11-22T19:00:20","guid":{"rendered":"https:\/\/edublog.educastur.es\/ixuxu\/?p=62155"},"modified":"2025-11-22T21:29:26","modified_gmt":"2025-11-22T19:29:26","slug":"oseya-de-sayambre-llion","status":"publish","type":"post","link":"https:\/\/edublog.educastur.es\/ixuxu\/2025\/11\/oseya-de-sayambre-llion\/","title":{"rendered":"Oseya de Sayambre (Lli\u00f3n)"},"content":{"rendered":"<p style=\"text-align: center\"><span class=\"x193iq5w xeuugli x13faqbe x1vvkbs xt0psk2 x1i0vuye xvs91rp xo1l8bm x5n08af x10wh9bi xpm28yp x8viiok x1o7cslx x126k92a\"><span class=\"html-span xexx8yu x4uap5 x18d9i69 xkhd6sd x1hl2dhg x16tdsg8 x1vvkbs x3nfvp2 x1j61x8r x1fcty0u xdj266r xat24cr xgzva0m xhhsvwb xxymvpz xlup9mm x1kky2od\">\n<!-- iframe plugin v.6.0 wordpress.org\/plugins\/iframe\/ -->\n<iframe loading=\"lazy\" src=\"https:\/\/www.instagram.com\/reel\/C81YNmGs2hy\/embed\" width=\"580\" height=\"625\" 0=\"\/iframe\" scrolling=\"yes\" class=\"iframe-class\" frameborder=\"0\"><\/iframe>\n<\/span><\/span><\/p>\n<p style=\"text-align: center\">Semeya d&#8217;Oseya de Sayambre (Lli\u00f3n), un conceyu que, am\u00e1s d&#8217;horros,<br \/>\nsigue conservando&#8217;l dialectu oriental del asturllion\u00e9s.<br \/>\n\ud83d\udcf8 Francisco Ruiz Tilve (1973)<\/p>\n","protected":false},"excerpt":{"rendered":"<p>Semeya d&#8217;Oseya de Sayambre (Lli\u00f3n), un conceyu que, am\u00e1s d&#8217;horros, sigue conservando&#8217;l dialectu oriental del asturllion\u00e9s. \ud83d\udcf8 Francisco Ruiz Tilve (1973)<\/p>\n","protected":false},"author":117,"featured_media":0,"comment_status":"closed","ping_status":"closed","sticky":false,"template":"","format":"standard","meta":{"footnotes":""},"categories":[17,147],"tags":[],"class_list":["post-62155","post","type-post","status-publish","format-standard","hentry","category-semeyes","category-ser-asturianu"],"_links":{"self":[{"href":"https:\/\/edublog.educastur.es\/ixuxu\/wp-json\/wp\/v2\/posts\/62155","targetHints":{"allow":["GET"]}}],"collection":[{"href":"https:\/\/edublog.educastur.es\/ixuxu\/wp-json\/wp\/v2\/posts"}],"about":[{"href":"https:\/\/edublog.educastur.es\/ixuxu\/wp-json\/wp\/v2\/types\/post"}],"author":[{"embeddable":true,"href":"https:\/\/edublog.educastur.es\/ixuxu\/wp-json\/wp\/v2\/users\/117"}],"replies":[{"embeddable":true,"href":"https:\/\/edublog.educastur.es\/ixuxu\/wp-json\/wp\/v2\/comments?post=62155"}],"version-history":[{"count":1,"href":"https:\/\/edublog.educastur.es\/ixuxu\/wp-json\/wp\/v2\/posts\/62155\/revisions"}],"predecessor-version":[{"id":62156,"href":"https:\/\/edublog.educastur.es\/ixuxu\/wp-json\/wp\/v2\/posts\/62155\/revisions\/62156"}],"wp:attachment":[{"href":"https:\/\/edublog.educastur.es\/ixuxu\/wp-json\/wp\/v2\/media?parent=62155"}],"wp:term":[{"taxonomy":"category","embeddable":true,"href":"https:\/\/edublog.educastur.es\/ixuxu\/wp-json\/wp\/v2\/categories?post=62155"},{"taxonomy":"post_tag","embeddable":true,"href":"https:\/\/edublog.educastur.es\/ixuxu\/wp-json\/wp\/v2\/tags?post=62155"}],"curies":[{"name":"wp","href":"https:\/\/api.w.org\/{rel}","templated":true}]}}