{"id":62179,"date":"2025-12-04T09:10:05","date_gmt":"2025-12-04T07:10:05","guid":{"rendered":"https:\/\/edublog.educastur.es\/ixuxu\/?p=62179"},"modified":"2025-11-24T10:02:40","modified_gmt":"2025-11-24T08:02:40","slug":"nenu-trabayando-nuna-teyera-al-llau-del-pozu-villar-sotrondio","status":"publish","type":"post","link":"https:\/\/edublog.educastur.es\/ixuxu\/2025\/12\/nenu-trabayando-nuna-teyera-al-llau-del-pozu-villar-sotrondio\/","title":{"rendered":"Ne\u00f1u trabayando nuna teyera al llau del Pozu Villar, Sotrondio"},"content":{"rendered":"<div class=\"css-175oi2r r-zl2h9q\">\n<div class=\"css-175oi2r r-k4xj1c r-18u37iz r-1wtj0ep\">\n<div class=\"css-175oi2r r-1d09ksm r-18u37iz r-1wbh5a2\">\n<div class=\"css-175oi2r r-1wbh5a2 r-dnmrzs r-1ny4l3l\">\n<div id=\"id__sydcskx6apm\" class=\"css-175oi2r r-1wbh5a2 r-dnmrzs r-1ny4l3l r-1awozwy r-18u37iz\" data-testid=\"User-Name\">\n<div class=\"css-175oi2r r-1awozwy r-18u37iz r-1wbh5a2 r-dnmrzs\">\n<div class=\"css-175oi2r r-1wbh5a2 r-dnmrzs\">\n<div class=\"css-175oi2r r-1awozwy r-18u37iz r-1wbh5a2 r-dnmrzs\">\n<div class=\"css-146c3p1 r-bcqeeo r-1ttztb7 r-qvutc0 r-37j5jr r-a023e6 r-rjixqe r-16dba41 r-xoduu5 r-18u37iz r-1q142lx\" dir=\"ltr\" style=\"text-align: center\"><a href=\"https:\/\/pbs.twimg.com\/media\/G53bIREWIAABkFK?format=jpg&amp;name=large\"><img loading=\"lazy\" decoding=\"async\" class=\"aligncenter \" src=\"https:\/\/pbs.twimg.com\/media\/G53bIREWIAABkFK?format=jpg&amp;name=large\" width=\"632\" height=\"843\" \/><\/a><\/div>\n<\/div>\n<\/div>\n<\/div>\n<div class=\"css-175oi2r r-18u37iz r-1wbh5a2 r-1ez5h0i\">\n<div class=\"css-175oi2r r-1d09ksm r-18u37iz r-1wbh5a2\">\n<div dir=\"ltr\" aria-hidden=\"true\"><\/div>\n<div class=\"css-146c3p1 r-bcqeeo r-1ttztb7 r-qvutc0 r-37j5jr r-a023e6 r-rjixqe r-16dba41 r-1q142lx r-n7gxbd\" dir=\"ltr\" style=\"text-align: center\" aria-hidden=\"true\"><span class=\"css-1jxf684 r-bcqeeo r-1ttztb7 r-qvutc0 r-poiln3\">Ne\u00f1u trabayando nuna teyera al llau del Pozu Villar, <\/span><span class=\"r-18u37iz\"><a class=\"css-1jxf684 r-bcqeeo r-1ttztb7 r-qvutc0 r-poiln3 r-1loqt21\" dir=\"ltr\" role=\"link\" href=\"https:\/\/x.com\/hashtag\/Sotrondio?src=hashtag_click\">#Sotrondio<\/a><\/span><span class=\"css-1jxf684 r-bcqeeo r-1ttztb7 r-qvutc0 r-poiln3\"><br \/>\n(Samart\u00edn del Rei Aurelio). <\/span><span class=\"css-1jxf684 r-bcqeeo r-1ttztb7 r-qvutc0 r-poiln3\"><br \/>\nValent\u00edn Vega (1945) | Mus\u00e9u del Pueblu d\u2019Asturies <\/span><span class=\"r-18u37iz\"><a class=\"css-1jxf684 r-bcqeeo r-1ttztb7 r-qvutc0 r-poiln3 r-1loqt21\" dir=\"ltr\" role=\"link\" href=\"https:\/\/x.com\/hashtag\/MemoriaAsturiana?src=hashtag_click\">#MemoriaAsturiana<\/a><\/span><\/div>\n<\/div>\n<\/div>\n<\/div>\n<\/div>\n<\/div>\n<\/div>\n<\/div>\n","protected":false},"excerpt":{"rendered":"<p>Ne\u00f1u trabayando nuna teyera al llau del Pozu Villar, #Sotrondio (Samart\u00edn del Rei Aurelio). Valent\u00edn Vega (1945) | Mus\u00e9u del Pueblu d\u2019Asturies #MemoriaAsturiana<\/p>\n","protected":false},"author":117,"featured_media":0,"comment_status":"closed","ping_status":"closed","sticky":false,"template":"","format":"standard","meta":{"footnotes":""},"categories":[17,147],"tags":[],"class_list":["post-62179","post","type-post","status-publish","format-standard","hentry","category-semeyes","category-ser-asturianu"],"_links":{"self":[{"href":"https:\/\/edublog.educastur.es\/ixuxu\/wp-json\/wp\/v2\/posts\/62179","targetHints":{"allow":["GET"]}}],"collection":[{"href":"https:\/\/edublog.educastur.es\/ixuxu\/wp-json\/wp\/v2\/posts"}],"about":[{"href":"https:\/\/edublog.educastur.es\/ixuxu\/wp-json\/wp\/v2\/types\/post"}],"author":[{"embeddable":true,"href":"https:\/\/edublog.educastur.es\/ixuxu\/wp-json\/wp\/v2\/users\/117"}],"replies":[{"embeddable":true,"href":"https:\/\/edublog.educastur.es\/ixuxu\/wp-json\/wp\/v2\/comments?post=62179"}],"version-history":[{"count":3,"href":"https:\/\/edublog.educastur.es\/ixuxu\/wp-json\/wp\/v2\/posts\/62179\/revisions"}],"predecessor-version":[{"id":62281,"href":"https:\/\/edublog.educastur.es\/ixuxu\/wp-json\/wp\/v2\/posts\/62179\/revisions\/62281"}],"wp:attachment":[{"href":"https:\/\/edublog.educastur.es\/ixuxu\/wp-json\/wp\/v2\/media?parent=62179"}],"wp:term":[{"taxonomy":"category","embeddable":true,"href":"https:\/\/edublog.educastur.es\/ixuxu\/wp-json\/wp\/v2\/categories?post=62179"},{"taxonomy":"post_tag","embeddable":true,"href":"https:\/\/edublog.educastur.es\/ixuxu\/wp-json\/wp\/v2\/tags?post=62179"}],"curies":[{"name":"wp","href":"https:\/\/api.w.org\/{rel}","templated":true}]}}