{"id":62182,"date":"2025-11-24T09:00:20","date_gmt":"2025-11-24T07:00:20","guid":{"rendered":"https:\/\/edublog.educastur.es\/ixuxu\/?p=62182"},"modified":"2025-11-22T21:57:34","modified_gmt":"2025-11-22T19:57:34","slug":"candidatures-viii-premiu-pola-paz-carmen-ruiz-tilve","status":"publish","type":"post","link":"https:\/\/edublog.educastur.es\/ixuxu\/2025\/11\/candidatures-viii-premiu-pola-paz-carmen-ruiz-tilve\/","title":{"rendered":"Candidatures VIII Premiu pola Paz \u00abCarmen Ruiz-Tilve\u00bb"},"content":{"rendered":"<p style=\"text-align: center\"><a href=\"https:\/\/alojaweb.educastur.es\/documents\/1928318\/10832236\/VIII_PREMIOS+POR+LA+PAZ+1\/7d22fb2e-d6f1-4d2a-b819-10da04f881dd?t=1759910797463\"><img loading=\"lazy\" decoding=\"async\" class=\"aligncenter size-large\" src=\"https:\/\/alojaweb.educastur.es\/documents\/1928318\/10832236\/VIII_PREMIOS+POR+LA+PAZ+1\/7d22fb2e-d6f1-4d2a-b819-10da04f881dd?t=1759910797463\" width=\"1024\" height=\"724\" \/><\/a><\/p>\n<p>Una vegada remat\u00e1u&#8217;l plazu d&#8217;almisi\u00f3n de candidatures, los candidatos nesta octava edici\u00f3n son:<\/p>\n<p><!--more--><\/p>\n<p><span style=\"color: #008080;font-size: 20px\"><strong>CATEGOR\u00cdA PERSONES:<\/strong><\/span><\/p>\n<p>\u2022 Marisa Valle Roso: Una de les voces mas singulares y compromet\u00edes del panorama musical actual.<br \/>\n\u2022 Jald\u00eda Abubakra: *Cofundadora del movimientu feminista anticolonial ALKARAMA (dignid\u00e1).<br \/>\n\u2022 Wenceslao Fern\u00e1ndez Iglesias: Voluntariu na Unid\u00e1 Canina de Rescate del Princip\u00e1u d&#8217;Asturies.<br \/>\n\u2022 Santiago Jim\u00e9nez Trevi\u00f1o: Conoc\u00edu pediatra del HUCA qu&#8217;anima a los ne\u00f1os enfermos coles sos visites amarut\u00e1u de Spiderman.<br \/>\n\u2022 Mar\u00eda Teresa P\u00e9rez Fern\u00e1ndez: Muyer de Jos\u00e9 Luis Capit\u00e1n (Capi).Referente de la llucha contra la ELA.<br \/>\n\u2022 Mercedes Gonz\u00e1lez Men\u00e9ndez: Finada&#8217;l pas\u00e1u mes d&#8217;ochobre de 2025. Amplia trayectoria nel tex\u00edu asociativo asturianu.<\/p>\n<p style=\"text-align: left\"><span style=\"color: #008080;font-size: 20px\"><strong>CATEGOR\u00cdA INSTITUCIONES:<\/strong><\/span><\/p>\n<p style=\"text-align: left\">\u2022 ASICAS (Asoc. Ictus d&#8217;Asturies y otres mancadures cerebrales adquir\u00edes).<br \/>\n\u2022 Asociaci\u00f3n BUBISHER: Rede de biblioteques y bibliobuses que lleven llibros y cultura a los campamentos de refuxaos saharag\u00fcis nel desiertu.<br \/>\n\u2022 PLAN DIRECTOR CNP Uvi\u00e9u: trabayen para la convivencia y meyora de la segurid\u00e1 nos centros educativos y les sos redolaes.<br \/>\n\u2022 CLUB DEPORTIVU B\u00c1SICU CEACTIVO: Club d&#8217;atletismu que pretende visibilizar la condici\u00f3n del Espectru Autista por aciu la pr\u00e1ctica deportiva.<br \/>\n\u2022 L&#8217;\u00c1NXEL DE JAVI: Comunid\u00e1 que se xune para sofitar a Javi, ne\u00f1u afect\u00e1u por una enfermed\u00e1 ultra rara (NEDAMSS)<br \/>\n\u2022 ABRAZOS VERDES ASTURIES: Trabayen viviegamente na prevenci\u00f3n del suicidiu<br \/>\n\u2022 ASTURIES FEMINISTA 8M:Pol so impactu social y capacid\u00e1 de texer redes feministes n&#8217;Asturies.<br \/>\n\u2022 AULES HOSPITALARIES HUCA<br \/>\n\u2022 UNIOVI POR PALESTINA: Plataforma que contribuy\u00f3 a visibilizar el xenocidiu en Gaza<\/p>\n<p style=\"text-align: center\"><a href=\"https:\/\/alojaweb.educastur.es\/documents\/1928318\/10832236\/VIII_PREMIOS+POR+LA+PAZ_1\/1a695856-8582-40bd-b61b-031f6080df83?t=1759910816394\"><img loading=\"lazy\" decoding=\"async\" class=\"aligncenter size-large\" src=\"https:\/\/alojaweb.educastur.es\/documents\/1928318\/10832236\/VIII_PREMIOS+POR+LA+PAZ_1\/1a695856-8582-40bd-b61b-031f6080df83?t=1759910816394\" width=\"1024\" height=\"719\" \/><\/a><\/p>\n","protected":false},"excerpt":{"rendered":"<p>Una vegada remat\u00e1u&#8217;l plazu d&#8217;almisi\u00f3n de candidatures, los candidatos nesta octava edici\u00f3n son:<\/p>\n","protected":false},"author":117,"featured_media":0,"comment_status":"closed","ping_status":"closed","sticky":false,"template":"","format":"standard","meta":{"footnotes":""},"categories":[64],"tags":[],"class_list":["post-62182","post","type-post","status-publish","format-standard","hentry","category-carmen-ruiz-tilve"],"_links":{"self":[{"href":"https:\/\/edublog.educastur.es\/ixuxu\/wp-json\/wp\/v2\/posts\/62182","targetHints":{"allow":["GET"]}}],"collection":[{"href":"https:\/\/edublog.educastur.es\/ixuxu\/wp-json\/wp\/v2\/posts"}],"about":[{"href":"https:\/\/edublog.educastur.es\/ixuxu\/wp-json\/wp\/v2\/types\/post"}],"author":[{"embeddable":true,"href":"https:\/\/edublog.educastur.es\/ixuxu\/wp-json\/wp\/v2\/users\/117"}],"replies":[{"embeddable":true,"href":"https:\/\/edublog.educastur.es\/ixuxu\/wp-json\/wp\/v2\/comments?post=62182"}],"version-history":[{"count":3,"href":"https:\/\/edublog.educastur.es\/ixuxu\/wp-json\/wp\/v2\/posts\/62182\/revisions"}],"predecessor-version":[{"id":62185,"href":"https:\/\/edublog.educastur.es\/ixuxu\/wp-json\/wp\/v2\/posts\/62182\/revisions\/62185"}],"wp:attachment":[{"href":"https:\/\/edublog.educastur.es\/ixuxu\/wp-json\/wp\/v2\/media?parent=62182"}],"wp:term":[{"taxonomy":"category","embeddable":true,"href":"https:\/\/edublog.educastur.es\/ixuxu\/wp-json\/wp\/v2\/categories?post=62182"},{"taxonomy":"post_tag","embeddable":true,"href":"https:\/\/edublog.educastur.es\/ixuxu\/wp-json\/wp\/v2\/tags?post=62182"}],"curies":[{"name":"wp","href":"https:\/\/api.w.org\/{rel}","templated":true}]}}