{"id":62187,"date":"2025-11-23T08:45:02","date_gmt":"2025-11-23T06:45:02","guid":{"rendered":"https:\/\/edublog.educastur.es\/ixuxu\/?p=62187"},"modified":"2025-11-23T20:07:55","modified_gmt":"2025-11-23T18:07:55","slug":"el-tiempu-el-comercio-192","status":"publish","type":"post","link":"https:\/\/edublog.educastur.es\/ixuxu\/2025\/11\/el-tiempu-el-comercio-192\/","title":{"rendered":"El tiempu (El Comercio)"},"content":{"rendered":"<p style=\"text-align: center\"><a href=\"https:\/\/s1.ppllstatics.com\/elcomercio\/www\/multimedia\/2025\/11\/22\/tiempo-asturias-domingo-23-noviembre-kYEI-U2302588077118HVD-1200x870@El%20Comercio.jpg\"><img loading=\"lazy\" decoding=\"async\" class=\"aligncenter size-large\" src=\"https:\/\/s1.ppllstatics.com\/elcomercio\/www\/multimedia\/2025\/11\/22\/tiempo-asturias-domingo-23-noviembre-kYEI-U2302588077118HVD-1200x870@El%20Comercio.jpg\" width=\"1200\" height=\"870\" \/><\/a><\/p>\n<p>Esperamos intervalos de nubes medies y altes <strong>pela ma\u00f1ana<\/strong> con una probabilid\u00e1 de precipitaciones bien baxa o pr\u00e1cticamente inesistente. <strong>Mientres la segunda met\u00e1 del d\u00eda<\/strong> nun se refuguen precipitaciones nel cordal y tami\u00e9n nel suroeste. <strong>A la fin de la tarde<\/strong> tami\u00e9n s&#8217;esperen delles ag\u00fces nel restu del occidente y, antes de concluyir el d\u00eda, ye posible que puedan escapase bien sele n&#8217;otros puntos del Princip\u00e1u. <strong>Los vientos<\/strong> van soplar de suroeste moderaos mientres casi tol d\u00eda. Estos vientos van consiguir que xuban les temperatures tanto nel casu de <strong>les m\u00e1ximes<\/strong> como nel de les m\u00ednimes. Les diurnes van xubir hasta 2 o 3 \u00baC, inclusive hasta 4 \u00baC en puntos del centru ya interior oriental. <strong>Les m\u00ednimes<\/strong> van xubir de forma estraordinaria ente 8 y 10 \u00baC respectu al s\u00e1badu polo que vamos amanecer con un ambiente t\u00e9rmico bastante m\u00e1s prestosu.<\/p>\n<p><!--more--><\/p>\n<p><strong>El llunes<\/strong> ent\u00e1 vamos siguir con vientos de suroeste mientres les primeres hores de la ma\u00f1ana pero, antes del mediud\u00eda, los vientos van afitase de noroeste coincidiendo col pasu d&#8217;un frente fr\u00edu que va dexar precipitaciones xeneralizaes y abondoses.<strong> La cota de nieve<\/strong> va dir baxando a lo llargo del llunes dende los 1800\/2000 metros col entamu de les precipitaciones hasta acabar sobre los 1300 metros a \u00faltima hora.<\/p>\n","protected":false},"excerpt":{"rendered":"<p>Esperamos intervalos de nubes medies y altes pela ma\u00f1ana con una probabilid\u00e1 de precipitaciones bien baxa o pr\u00e1cticamente inesistente. Mientres la segunda met\u00e1 del d\u00eda nun se refuguen precipitaciones nel cordal y tami\u00e9n nel suroeste. A la fin de la tarde tami\u00e9n s&#8217;esperen delles ag\u00fces nel restu del occidente y, antes de concluyir el d\u00eda, [&hellip;]<\/p>\n","protected":false},"author":117,"featured_media":0,"comment_status":"closed","ping_status":"closed","sticky":false,"template":"","format":"standard","meta":{"footnotes":""},"categories":[5],"tags":[],"class_list":["post-62187","post","type-post","status-publish","format-standard","hentry","category-tiempu"],"_links":{"self":[{"href":"https:\/\/edublog.educastur.es\/ixuxu\/wp-json\/wp\/v2\/posts\/62187","targetHints":{"allow":["GET"]}}],"collection":[{"href":"https:\/\/edublog.educastur.es\/ixuxu\/wp-json\/wp\/v2\/posts"}],"about":[{"href":"https:\/\/edublog.educastur.es\/ixuxu\/wp-json\/wp\/v2\/types\/post"}],"author":[{"embeddable":true,"href":"https:\/\/edublog.educastur.es\/ixuxu\/wp-json\/wp\/v2\/users\/117"}],"replies":[{"embeddable":true,"href":"https:\/\/edublog.educastur.es\/ixuxu\/wp-json\/wp\/v2\/comments?post=62187"}],"version-history":[{"count":2,"href":"https:\/\/edublog.educastur.es\/ixuxu\/wp-json\/wp\/v2\/posts\/62187\/revisions"}],"predecessor-version":[{"id":62193,"href":"https:\/\/edublog.educastur.es\/ixuxu\/wp-json\/wp\/v2\/posts\/62187\/revisions\/62193"}],"wp:attachment":[{"href":"https:\/\/edublog.educastur.es\/ixuxu\/wp-json\/wp\/v2\/media?parent=62187"}],"wp:term":[{"taxonomy":"category","embeddable":true,"href":"https:\/\/edublog.educastur.es\/ixuxu\/wp-json\/wp\/v2\/categories?post=62187"},{"taxonomy":"post_tag","embeddable":true,"href":"https:\/\/edublog.educastur.es\/ixuxu\/wp-json\/wp\/v2\/tags?post=62187"}],"curies":[{"name":"wp","href":"https:\/\/api.w.org\/{rel}","templated":true}]}}