{"id":62207,"date":"2025-11-23T11:00:38","date_gmt":"2025-11-23T09:00:38","guid":{"rendered":"https:\/\/edublog.educastur.es\/ixuxu\/?p=62207"},"modified":"2025-11-23T20:32:44","modified_gmt":"2025-11-23T18:32:44","slug":"la-unesco-axunta-a-ministros-deducacion-para-definir-les-competencies-del-futuru","status":"publish","type":"post","link":"https:\/\/edublog.educastur.es\/ixuxu\/2025\/11\/la-unesco-axunta-a-ministros-deducacion-para-definir-les-competencies-del-futuru\/","title":{"rendered":"La UNESCO axunta a ministros d&#8217;Educaci\u00f3n para definir les competencies del futuru"},"content":{"rendered":"<p>El mundu de g\u00fcei fai frente a grandes desaf\u00edos, dende los conflictos armaos y el camb\u00e9u clim\u00e1ticu hasta les r\u00e1pides meyores tecnol\u00f3xiques. Mientres el so 43\u00aa xunta de la Conferencia Xeneral, la <strong><a href=\"https:\/\/www.unesco.org\/es\/articles\/la-unesco-reune-ministros-de-educacion-para-definir-las-competencias-del-futuro\">UNESCO<\/a> <\/strong>entam\u00f3, como parte integrante de la Comisi\u00f3n d&#8217;Educaci\u00f3n, un di\u00e1logu ministerial titul\u00e1u <span style=\"text-decoration: underline\"><strong><em><span style=\"color: #008080;text-decoration: underline\">\u201cAprender g\u00fcei, liderar ma\u00f1ana\u201d.<\/span><\/em><\/strong><\/span><\/p>\n<p style=\"text-align: center\"><a href=\"https:\/\/media.licdn.com\/dms\/image\/v2\/D4E10AQFV9wFgsqVWcQ\/image-shrink_1280\/B4EZp95dycIUAM-\/0\/1763048808043?e=2147483647&amp;v=beta&amp;t=hP18FeN7rp3q3AqJCOAemnrPzU1eZhMHJCd8rjNP_LQ\"><img loading=\"lazy\" decoding=\"async\" class=\"aligncenter \" src=\"https:\/\/media.licdn.com\/dms\/image\/v2\/D4E10AQFV9wFgsqVWcQ\/image-shrink_1280\/B4EZp95dycIUAM-\/0\/1763048808043?e=2147483647&amp;v=beta&amp;t=hP18FeN7rp3q3AqJCOAemnrPzU1eZhMHJCd8rjNP_LQ\" width=\"658\" height=\"823\" \/><\/a><\/p>\n<p>La UNESCO convoc\u00f3 a ministros d&#8217;Educaci\u00f3n <strong>para definir les competencies del futuru, enfoc\u00e1ndose n&#8217;habilidaes dixitales, competencies verdes, pensamientu cr\u00edticu, resolvimientu de problemes y desenvolvimientu socioemocional<\/strong> para preparar a los estudiantes nun mundu de r\u00e1pidos cambeos tecnol\u00f3xicos y sociales.<\/p>\n<p><!--more--><\/p>\n<p>L&#8217;oxetivu ye asegurar que los mozos tengan les ferramientes necesaries para encarar los desaf\u00edos actuales y futuros, incluyendo la integraci\u00f3n de la intelixencia artificial na educaci\u00f3n.<\/p>\n<p><span style=\"color: #008080\"><em>Los mozos tienen d&#8217;afaese a redolaes que camuden con rapidez. Para 2030, l&#8217;automatizaci\u00f3n podr\u00eda sustituyir 90 millones de puestos de trabayu, pero tami\u00e9n xenerar otros 170 millones nuevos. Para caltenese al d\u00eda, los sistemes educativos tienen de centrase nes competencies verdes y dixitales, el resolvimientu de problemes y el pensamientu cr\u00edticu. Stefania Giannini, Subdireutora Xeneral de la UNESCO, fixo fincapi\u00e9 na necesid\u00e1 d&#8217;actuar con urxencia.<\/em><\/span><\/p>\n<p><span style=\"color: #000000\">La educaci\u00f3n tien de caltener el ritmu. Tien de antemanase a los cambeos y preparar a los alumnos non solo para l&#8217;\u00e1mbitu llaboral, sin\u00f3n tami\u00e9n para un futuru caracteriz\u00e1u pola transici\u00f3n.<\/span><\/p>\n<p><strong>M\u00e1s de 730 millones d&#8217;adultos en tol mundu siguen ensin saber lleer nin escribir<\/strong>. Munchos de los ministros d&#8217;Educaci\u00f3n remembraron la grave fienda qu&#8217;esiste en materia d&#8217;habilidaes b\u00e1siques en lectoescritura y matem\u00e1tiques, y fixeron fincapi\u00e9 nel fechu de qu&#8217;estes competencies enllanc\u00e1ronse o menguaron en diversos pa\u00edses.<\/p>\n<p>La Sra. Kari Nessa Nordtun, ministra d&#8217;Educaci\u00f3n de Noruega, remembr\u00f3 la necesid\u00e1 de permediar l&#8217;usu de la tecnolox\u00eda nos centros educativos. <span style=\"color: #008080\"><em>Considero que&#8217;l problema ye que, cuando s&#8217;introducieron les nueves tecnolox\u00edes nes aules, nun empezamos por planteganos abondes preguntes clave&#8230; Quiero dexar bien claro que la competencia dixital ye esencial, especialmente na era de la intelixencia artificial, pero la capacid\u00e1 de pensamientu cr\u00edticu y de criteriu dixital ye fundamental.<\/em><\/span><\/p>\n<p style=\"text-align: center\"><a href=\"https:\/\/www.unesco.org\/sites\/default\/files\/styles\/paragraph_medium_desktop\/article\/2025-10\/54892729649_c96e26301e_o.jpg.webp?itok=5z7OoZzQ\"><img loading=\"lazy\" decoding=\"async\" class=\"aligncenter size-large\" src=\"https:\/\/www.unesco.org\/sites\/default\/files\/styles\/paragraph_medium_desktop\/article\/2025-10\/54892729649_c96e26301e_o.jpg.webp?itok=5z7OoZzQ\" width=\"610\" height=\"407\" \/><\/a><\/p>\n","protected":false},"excerpt":{"rendered":"<p>El mundu de g\u00fcei fai frente a grandes desaf\u00edos, dende los conflictos armaos y el camb\u00e9u clim\u00e1ticu hasta les r\u00e1pides meyores tecnol\u00f3xiques. Mientres el so 43\u00aa xunta de la Conferencia Xeneral, la UNESCO entam\u00f3, como parte integrante de la Comisi\u00f3n d&#8217;Educaci\u00f3n, un di\u00e1logu ministerial titul\u00e1u \u201cAprender g\u00fcei, liderar ma\u00f1ana\u201d. La UNESCO convoc\u00f3 a ministros d&#8217;Educaci\u00f3n [&hellip;]<\/p>\n","protected":false},"author":117,"featured_media":0,"comment_status":"closed","ping_status":"closed","sticky":false,"template":"","format":"standard","meta":{"footnotes":""},"categories":[439],"tags":[],"class_list":["post-62207","post","type-post","status-publish","format-standard","hentry","category-competencies"],"_links":{"self":[{"href":"https:\/\/edublog.educastur.es\/ixuxu\/wp-json\/wp\/v2\/posts\/62207","targetHints":{"allow":["GET"]}}],"collection":[{"href":"https:\/\/edublog.educastur.es\/ixuxu\/wp-json\/wp\/v2\/posts"}],"about":[{"href":"https:\/\/edublog.educastur.es\/ixuxu\/wp-json\/wp\/v2\/types\/post"}],"author":[{"embeddable":true,"href":"https:\/\/edublog.educastur.es\/ixuxu\/wp-json\/wp\/v2\/users\/117"}],"replies":[{"embeddable":true,"href":"https:\/\/edublog.educastur.es\/ixuxu\/wp-json\/wp\/v2\/comments?post=62207"}],"version-history":[{"count":6,"href":"https:\/\/edublog.educastur.es\/ixuxu\/wp-json\/wp\/v2\/posts\/62207\/revisions"}],"predecessor-version":[{"id":62213,"href":"https:\/\/edublog.educastur.es\/ixuxu\/wp-json\/wp\/v2\/posts\/62207\/revisions\/62213"}],"wp:attachment":[{"href":"https:\/\/edublog.educastur.es\/ixuxu\/wp-json\/wp\/v2\/media?parent=62207"}],"wp:term":[{"taxonomy":"category","embeddable":true,"href":"https:\/\/edublog.educastur.es\/ixuxu\/wp-json\/wp\/v2\/categories?post=62207"},{"taxonomy":"post_tag","embeddable":true,"href":"https:\/\/edublog.educastur.es\/ixuxu\/wp-json\/wp\/v2\/tags?post=62207"}],"curies":[{"name":"wp","href":"https:\/\/api.w.org\/{rel}","templated":true}]}}