{"id":62214,"date":"2025-11-21T09:00:50","date_gmt":"2025-11-21T07:00:50","guid":{"rendered":"https:\/\/edublog.educastur.es\/ixuxu\/?p=62214"},"modified":"2025-11-23T20:36:00","modified_gmt":"2025-11-23T18:36:00","slug":"62214","status":"publish","type":"post","link":"https:\/\/edublog.educastur.es\/ixuxu\/2025\/11\/62214\/","title":{"rendered":"D\u00eda Mundial de la Pesca"},"content":{"rendered":"<p style=\"text-align: center\"><a href=\"https:\/\/www.instagram.com\/fundacionbiodiversidad\/\">https:\/\/www.instagram.com\/fundacionbiodiversidad\/<\/a><\/p>\n<p style=\"text-align: center\"><span class=\"x193iq5w xeuugli x13faqbe x1vvkbs xt0psk2 x1i0vuye xvs91rp xo1l8bm x5n08af x10wh9bi xpm28yp x8viiok x1o7cslx x126k92a\"><span class=\"html-span xexx8yu x4uap5 x18d9i69 xkhd6sd x1hl2dhg x16tdsg8 x1vvkbs x3nfvp2 x1j61x8r x1fcty0u xdj266r xat24cr xgzva0m xhhsvwb xxymvpz xlup9mm x1kky2od\">\n<!-- iframe plugin v.6.0 wordpress.org\/plugins\/iframe\/ -->\n<iframe loading=\"lazy\" src=\"https:\/\/www.instagram.com\/reel\/DRUH76PjVpT\/embed\" width=\"460\" height=\"645\" 0=\"\/iframe\" scrolling=\"yes\" class=\"iframe-class\" frameborder=\"0\"><\/iframe>\n<\/span><\/span><\/p>\n<div class=\"xt0psk2\">\n<p class=\"_ap3a _aaco _aacu _aacx _aad7 _aade\" dir=\"auto\">La pesca \ud83d\udc20\ud83d\udc1f\ud83e\udd90\u00a0ye&#8217;l sustentu d&#8217;ente 600 y 800 millones de persones, alredor del 12% de la poblaci\u00f3n mundial. Curiar l&#8217;oc\u00e9anu ye protexer el so alimentu, el so empl\u00e9u y el futuru de quien dependen d&#8217;un mar sanu.<a class=\"x1i10hfl xjbqb8w x1ejq31n x18oe1m7 x1sy0etr xstzfhl x972fbf x10w94by x1qhh985 x14e42zd x9f619 x1ypdohk xt0psk2 x3ct3a4 xdj266r x14z9mp xat24cr x1lziwak xexx8yu xyri2b x18d9i69 x1c1uobl x16tdsg8 x1hl2dhg xggy1nq x1a2a7pz _aa9_ _a6hd\" role=\"link\" href=\"https:\/\/www.instagram.com\/explore\/tags\/d%C3%ADamundialdelapesca\/\">#D\u00edaMundialdelaPesca<\/a><\/p>\n<\/div>\n","protected":false},"excerpt":{"rendered":"<p>https:\/\/www.instagram.com\/fundacionbiodiversidad\/ La pesca \ud83d\udc20\ud83d\udc1f\ud83e\udd90\u00a0ye&#8217;l sustentu d&#8217;ente 600 y 800 millones de persones, alredor del 12% de la poblaci\u00f3n mundial. Curiar l&#8217;oc\u00e9anu ye protexer el so alimentu, el so empl\u00e9u y el futuru de quien dependen d&#8217;un mar sanu.#D\u00edaMundialdelaPesca<\/p>\n","protected":false},"author":117,"featured_media":0,"comment_status":"closed","ping_status":"closed","sticky":false,"template":"","format":"standard","meta":{"footnotes":""},"categories":[6,339],"tags":[],"class_list":["post-62214","post","type-post","status-publish","format-standard","hentry","category-dia-de","category-pesca"],"_links":{"self":[{"href":"https:\/\/edublog.educastur.es\/ixuxu\/wp-json\/wp\/v2\/posts\/62214","targetHints":{"allow":["GET"]}}],"collection":[{"href":"https:\/\/edublog.educastur.es\/ixuxu\/wp-json\/wp\/v2\/posts"}],"about":[{"href":"https:\/\/edublog.educastur.es\/ixuxu\/wp-json\/wp\/v2\/types\/post"}],"author":[{"embeddable":true,"href":"https:\/\/edublog.educastur.es\/ixuxu\/wp-json\/wp\/v2\/users\/117"}],"replies":[{"embeddable":true,"href":"https:\/\/edublog.educastur.es\/ixuxu\/wp-json\/wp\/v2\/comments?post=62214"}],"version-history":[{"count":3,"href":"https:\/\/edublog.educastur.es\/ixuxu\/wp-json\/wp\/v2\/posts\/62214\/revisions"}],"predecessor-version":[{"id":62218,"href":"https:\/\/edublog.educastur.es\/ixuxu\/wp-json\/wp\/v2\/posts\/62214\/revisions\/62218"}],"wp:attachment":[{"href":"https:\/\/edublog.educastur.es\/ixuxu\/wp-json\/wp\/v2\/media?parent=62214"}],"wp:term":[{"taxonomy":"category","embeddable":true,"href":"https:\/\/edublog.educastur.es\/ixuxu\/wp-json\/wp\/v2\/categories?post=62214"},{"taxonomy":"post_tag","embeddable":true,"href":"https:\/\/edublog.educastur.es\/ixuxu\/wp-json\/wp\/v2\/tags?post=62214"}],"curies":[{"name":"wp","href":"https:\/\/api.w.org\/{rel}","templated":true}]}}