{"id":62219,"date":"2025-11-25T09:05:11","date_gmt":"2025-11-25T07:05:11","guid":{"rendered":"https:\/\/edublog.educastur.es\/ixuxu\/?p=62219"},"modified":"2025-11-25T13:17:43","modified_gmt":"2025-11-25T11:17:43","slug":"vanesa-fernandez-la-nueva-directora-xeneral-digualda-dasturies","status":"publish","type":"post","link":"https:\/\/edublog.educastur.es\/ixuxu\/2025\/11\/vanesa-fernandez-la-nueva-directora-xeneral-digualda-dasturies\/","title":{"rendered":"Vanesa Fern\u00e1ndez, la nueva directora xeneral d&#8217;Iguald\u00e1 d&#8217;Asturies"},"content":{"rendered":"<p>Vanesa Fern\u00e1ndez, la nueva directora xeneral d&#8217;Iguald\u00e1 d&#8217;Asturies, analiza los principales retos qu&#8217;enfrenta la rex\u00f3n y les meyores llograes hasta la fecha para algamar una equid\u00e1 real.\u2060 <em><span style=\"color: #800080\">\u00abVivimos n&#8217;una socied\u00e1 patriarcal na que cuesta enforma qu&#8217;esos cambeos producwnse de manera r\u00e1pida; avancen bien adulces\u00bb.\u2060 <span class=\"x1lliihq x1plvlek xryxfnj x1n2onr6 xyejjpt x15dsfln x193iq5w xeuugli x1fj9vlw x13faqbe x1vvkbs x1s928wv xhkezso x1gmr53x x1cpjm7i x1fgarty x1943h6x x1i0vuye xvs91rp xo1l8bm x5n08af x10wh9bi xpm28yp x8viiok x1o7cslx\" dir=\"auto\"><span class=\"x193iq5w xeuugli x13faqbe x1vvkbs xt0psk2 x1i0vuye xvs91rp xo1l8bm x5n08af x10wh9bi xpm28yp x8viiok x1o7cslx x126k92a\">\u2712\ufe0f<\/span><\/span><\/span><\/em><span style=\"color: #800080\"><span class=\"x1lliihq x1plvlek xryxfnj x1n2onr6 xyejjpt x15dsfln x193iq5w xeuugli x1fj9vlw x13faqbe x1vvkbs x1s928wv xhkezso x1gmr53x x1cpjm7i x1fgarty x1943h6x x1i0vuye xvs91rp xo1l8bm x5n08af x10wh9bi xpm28yp x8viiok x1o7cslx\" dir=\"auto\"><span class=\"x193iq5w xeuugli x13faqbe x1vvkbs xt0psk2 x1i0vuye xvs91rp xo1l8bm x5n08af x10wh9bi xpm28yp x8viiok x1o7cslx x126k92a\"><span style=\"color: #000000\"> Esther Rodr\u00edguez\u2060\/\ud83d\udcf8 H\u00e9ctor Herrer\u00eda\u2060 \/ <a href=\"https:\/\/www.lavozdeasturias.es\/noticia\/asturias\/2025\/11\/19\/vanesa-fernandez-haya-victimas-violencia-genero-refleja-mujeres-siguen-pagando-vida-desigualdades\/00031763555328805750572.htm?utm_campaign=feed&amp;utm_medium=referral&amp;utm_source=later-linkinbio\">La Voz<\/a><\/span><\/span><\/span><\/span><\/p>\n<p style=\"text-align: center\"><span class=\"x193iq5w xeuugli x13faqbe x1vvkbs xt0psk2 x1i0vuye xvs91rp xo1l8bm x5n08af x10wh9bi xpm28yp x8viiok x1o7cslx x126k92a\"><span class=\"html-span xexx8yu x4uap5 x18d9i69 xkhd6sd x1hl2dhg x16tdsg8 x1vvkbs x3nfvp2 x1j61x8r x1fcty0u xdj266r xat24cr xgzva0m xhhsvwb xxymvpz xlup9mm x1kky2od\">\n<!-- iframe plugin v.6.0 wordpress.org\/plugins\/iframe\/ -->\n<iframe loading=\"lazy\" src=\"https:\/\/www.instagram.com\/reel\/DRT_v_CEkA_\/embed\" width=\"460\" height=\"625\" 0=\"\/iframe\" scrolling=\"yes\" class=\"iframe-class\" frameborder=\"0\"><\/iframe>\n<\/span><\/span><\/p>\n<p><!--more--><\/p>\n<p style=\"text-align: center\"><span style=\"color: #800080\"><em>\u00abQu&#8217;haya v\u00edctimes de violencia de x\u00e9neru reflexa<br \/>\nque les muyeres siguen pagando cola so vida les desigualdaes\u00bb<\/em><\/span><\/p>\n<p>La psic\u00f3loga Vanesa Fern\u00e1ndez Garc\u00eda (Nava, 1981) ocupa dende va mes y mediu la<strong> direcci\u00f3n xeneral d&#8217;Iguald\u00e1 del Princip\u00e1u d&#8217;Asturies<\/strong>, n&#8217;asumiendo Mar\u00eda Jes\u00fas \u00c1lvarez el cargu como senadora. Quien foi secretaria d&#8217;Iguald\u00e1 y yera angua\u00f1o de Bienestar Emocional na Federaci\u00f3n Socialista Asturiana, cuenta con una amplia esperiencia na atenci\u00f3n a muyeres v\u00edctimes de violencia de x\u00e9neru y na promoci\u00f3n de la iguald\u00e1, sofitada por una s\u00f3lida formaci\u00f3n especializada en malos tratos y sal\u00fa mental.<\/p>\n<p>Con motivu del <strong>25N, D\u00eda Internacional pa la Eliminaci\u00f3n de la Violencia contra la Muyer<\/strong>, cavilga sobro los finxos consigu\u00edos y los derechos qu&#8217;inda queden por conquistar p&#8217;avanzar escontra una socied\u00e1 verdaderamente equitativa en tolos \u00e1mbitos, dende la educaci\u00f3n y el trabayu hasta la participaci\u00f3n pol\u00edtica y la vida cotidiana.<\/p>\n<p>\u2014\u00bfQu\u00e9 significa pa ust\u00e9 ser la directora d&#8217;Iguald\u00e1 d&#8217;Asturies? \u00bfQu\u00e9 significa na so carrera profesional dar esti pasu?<\/p>\n<p><em>\u2014Enfrento&#8217;l cargu con responsabilid\u00e1, porque, quieras o non, tou rellacion\u00e1u coles pol\u00edtiques d&#8217;iguald\u00e1 implica, n&#8217;\u00faltima instancia, salvar vides. Cuando desenvuelves pol\u00edtiques d&#8217;iguald\u00e1, tas potenciando l&#8217;atenci\u00f3n a les v\u00edctimes, los recursos y tolo dem\u00e1s. Por eso ye xuna enorme responsabilid\u00e1.<\/em><\/p>\n<p>\u2014\u00bfCu\u00e1los dir\u00eda que son los principales desaf\u00edos d&#8217;implementar pol\u00edtiques d&#8217;iguald\u00e1?<\/p>\n<p><em>\u2014Qu&#8217;eses pol\u00edtiques d&#8217;iguald\u00e1 se caltengan nel tiempu y que llogremos con elles cambeos estructurales. Vivimos nuna socied\u00e1 patriarcal na que cuesta enforma qu&#8217;esos cambeos se produzcan de manera r\u00e1pida; avancen bien adulces. Por eso, el mayor retu ye consiguir tresformamientos estructurales que xeneren un verdaderu camb\u00e9u, esi \u00abclic\u00bb na socied\u00e1, y que nos dexen convertila nuna socied\u00e1 feminista.<\/em><\/p>\n<p>\u2014\u00bfC\u00f3mo valora&#8217;l movimientu feminista n&#8217;Asturies?<\/p>\n<p><em>\u2014El movimientu feminista n&#8217;Asturies ye bien fuerte; tienen una gran conocencia, t\u00e1n bien cohesionaes y, al mio pensar, realicen un trabayu escelente na rex\u00f3n.<\/em><\/p>\n<p>\u00abQueremos modificar la Llei d&#8217;Iguald\u00e1 del Princip\u00e1u por qu&#8217;am\u00e1s vuelva asitiar a Asturies como referente en lleis y pol\u00edtiques d&#8217;iguald\u00e1\u00bb<\/p>\n<p>\u2014Este ye&#8217;l so primera 25N como Directora Xeneral d&#8217;Iguald\u00e1. Teniendo en cuenta que&#8217;l primer asesinatu machista del a\u00f1u tuvo llugar equ\u00ed ,n&#8217;Asturies, \u00bfC\u00f3mo encara esti d\u00eda tan especial?<\/p>\n<p><em>\u2014Angua\u00f1o n&#8217;Asturies ta siendo bien duru, y\u00e1 que llevamos tr\u00e9s v\u00edctimes de violencia de x\u00e9neru. Que, a la fin, haya v\u00edctimes reflexa que les muyeres siguen pagando cola so vida les desigualdaes estructurales. Por eso, ye un gran retu poder llegar a toles v\u00edctimes, ufierta-yos los recursos necesarios y llograr el nuesu oxetivu: que nun haya m\u00e1s v\u00edctimes.<\/em><\/p>\n<p>\u2014\u00bfQu\u00e9 mid\u00edes concretes tien entamaes para erradicar la violencia de x\u00e9neru n&#8217;Asturies?<\/p>\n<p><em>\u2014Pos se tratar\u00eda de siguir con tolo que se vieno desenvolviendo nel Princip\u00e1u d&#8217;Asturies. Llevamos a\u00f1os implementando pol\u00edtiques d&#8217;iguald\u00e1 y potenciando recursos, polo que tenemos de siguir nesa ll\u00ednea. Tenemos que siguir ameyorando tou lo rellacionao cola detecci\u00f3n y la prevenci\u00f3n, seg\u00fan cola educaci\u00f3n, reforzando programes como <strong>COEducastur<\/strong>, que considero bien bonu y potente, y\u00e1 que lleva la iguald\u00e1 a les aules en tolos niveles educativos. <\/em><\/p>\n<p><em>Tami\u00e9n tenemos de siguir fortaleciendo la formaci\u00f3n de tolos profesionales que tienen contactu con v\u00edctimes de violencia de x\u00e9neru, asegurando que tengan xuna preparaci\u00f3n especializada y una conocencia fonda de los procesos, les situaciones y les necesidaes de les v\u00edctimes, pa poder ufiertar la meyor respuesta posible. <\/em><\/p>\n<p><em>Am\u00e1s, ye necesariu siguir potenciando los recursos y ampliando la rede de cases d&#8217;acoyida. Otru retu importante ye&#8217;l camb\u00e9u de la Llei d&#8217;Iguald\u00e1 d&#8217;Asturies, que y\u00e1 tien munchos a\u00f1os. El nuesu oxetivu ye que la nueva llei, frutu de los estudios y cambeos que tamos realizando, vuelva asitiar al Princip\u00e1u d&#8217;Asturies como referente en lleis y pol\u00edtiques d&#8217;iguald\u00e1. Ente los aspeutos que tamos evaluando at\u00f3pase la inclusi\u00f3n de toles formes de violencia na llei.<\/em><\/p>\n<p><em>\u00abYe esencial ufiertar informaci\u00f3n veraz sobro los recursos disponibles y nun utilizar cuestiones puntuales con fines partidistes, una y bones eso xenera rocea ente les v\u00edctimes, lo cual ye perxudicial\u00bb<\/em><\/p>\n<p>\u2014\u00bfC\u00f3mo van siguir sofitando a les v\u00edctimes de violencia de x\u00e9neru? \u00bfQu\u00e9 mid\u00edes entam\u00e1is tomar pa garantizar la so segurid\u00e1 y bienestar, especialmente considerando los problemes reci\u00e9n que surdieron coles pulseres electr\u00f3niques?<\/p>\n<p><em>\u2014Lo que s\u00ed tenemos claro ye que tenemos de siguir potenciando toles mid\u00edes y recursos. Nesti sent\u00edu, dende&#8217;l Gobiernu del Princip\u00e1u d&#8217;Asturies tamos fortaleciendo los centros asesores de la muyer, ampliando la plantiya de psic\u00f3logues en dichos centros. Tami\u00e9n tamos reforzando la rede de cases del Princip\u00e1u; angua\u00f1o incorporemos dos pisos m\u00e1s, unu n&#8217;Uvi\u00e9u y otru en Xix\u00f3n. Am\u00e1s, aumentemos significativamente les ayudes a les v\u00edctimes de violencia de x\u00e9neru, incluyendo l&#8217;ampliaci\u00f3n de la ed\u00e1 hasta los 26 a\u00f1os por que los g\u00fc\u00e9rfanos y g\u00fc\u00e9rfanes puedan recibir sofitu.<\/em><\/p>\n<p><em> Considero fundamental siguir reforzando estos recursos. Al respective de les pulseres electr\u00f3niques, creo que ye esencial ufiertar informaci\u00f3n veraz sobro los recursos disponibles y nun utilizar cuestiones puntuales con fines partidistes, una y bones eso xenera rocea ente les v\u00edctimes, lo cual ye perxudicial. Lo que tenemos de garantizar a les v\u00edctimes ye la respuesta que precisen, y que tami\u00e9n sepan qu&#8217;esa respuesta ye la correcta.<\/em><\/p>\n<p>\u2014\u00bfC\u00f3mo valora&#8217;l trabayu que se realiza dende&#8217;l Centru de Crisis?<\/p>\n<p><em>\u2014Bien positivamente. Realicen xuna llabor fant\u00e1sticu; tanto les abogaes como les psic\u00f3logues son profesionales bien compromet\u00edes, con gran formaci\u00f3n y amplia esperiencia, y considero que desempe\u00f1en un trabayu absolutamente necesariu.<\/em><\/p>\n<p><em>\u00abQueremos que&#8217;l feminismu tea presente en tolos \u00e1mbitos: nes instituciones, nos recursos y en toles pol\u00edtiques\u00bb<\/em><\/p>\n<p>\u2014\u00bfQu\u00e9 estratexes tien previstu poner en marcha pa promover la iguald\u00e1 n&#8217;Asturies?<\/p>\n<p><em>\u2014A la fin, les pol\u00edtiques d&#8217;iguald\u00e1 son un conxuntu integral. Creo que la estratexa principal que podemos poner en marcha ye llograr que&#8217;l feminismu tea presente en tolos \u00e1mbitos: nes instituciones, nos recursos y en toles pol\u00edtiques. Les pol\u00edtiques d&#8217;iguald\u00e1 nun se llinden a lo que se fai dende la Direcci\u00f3n Xeneral; tienen de ser tresversales y reflexase en tolo que desenvuelve&#8217;l Gobiernu del Princip\u00e1u. Por eso, considero que la ll\u00ednea a siguir ye que la iguald\u00e1 tea presente en tolo que faemos.<\/em><\/p>\n<p>\u2014\u00bfC\u00f3mo entama trabayar con otres instituciones y entidaes pa garantizar que la iguald\u00e1 tea presente en tolo que se fai?<\/p>\n<p>\u2014Con tola coordinaci\u00f3n interinstitucional que realizamos de cutio, y como mentaba antes, la formaci\u00f3n ye fundamental en toles instituciones. Tolos profesionales tienen de conocer qu\u00e9 ye la violencia de x\u00e9neru y qu\u00e9 recursos t\u00e1n disponibles.<\/p>\n<p><em>Tami\u00e9n ye importante saber c\u00f3mo actuar: c\u00f3mo atender a una v\u00edctima, c\u00f3mo detectala y c\u00f3mo identificar los nicios de que xuna muyer puede tar sufriendo violencia de x\u00e9neru. Por eso ye crucial coordinase con otres instituciones y garantizar que reciban formaci\u00f3n fayadiza: colos estamentos xudiciales, col Serviciu de Sal\u00fa, especialmente n&#8217;atenci\u00f3n primaria, onde los profesionales tienen de poder detectar estos nicios. Lo mesmo asocede en Derechos Sociales. Cuando xuna muyer s&#8217;avera a los servicios sociales pa solicitar ayuda, ye necesariu que na entrevista pueda valorase la situaci\u00f3n con sensibilid\u00e1 y det\u00e9ctense posibles casos de violencia de x\u00e9neru.<\/em><\/p>\n<p><em>\u00abLa socied\u00e1 tien d&#8217;arreyase nesta llucha y faer ver a les v\u00edctimes de violencia que nun t\u00e1n soles, que cunten con sofitu\u00bb<\/em><\/p>\n<p>\u2014Pa llograr la iguald\u00e1, non solo tienen de tar implicaes les instituciones y les entidaes p\u00fabliques o privaes, sin\u00f3n tami\u00e9n la socied\u00e1 nel so conxuntu. \u00bfC\u00f3mo entama concenciar a la ciudadan\u00eda, especialmente a la xente nuevo, sobro la importancia de construyir una socied\u00e1 igualitaria y de lluchar contra la violencia de x\u00e9neru?<\/p>\n<p><em>\u2014Dende les instituciones podemos poner en marcha munches lleis, recursos y mid\u00edes, pero si nun cuntamos cola implicaci\u00f3n de la socied\u00e1, nun vamos llograr tolo que precisamos. La socied\u00e1 tien d&#8217;arreyase y faer ver a les v\u00edctimes de violencia que nun t\u00e1n soles, que cunten con sofitu. Creo que la meyor forma de concenciar a la socied\u00e1 ye al travi\u00e9s del feminismu y l&#8217;educaci\u00f3n n&#8217;iguald\u00e1: educar dende peque\u00f1os en relaciones respetuoses ya igualitaries.<\/em><\/p>\n<p>&nbsp;<\/p>\n<p>\u2014\u00bfQu\u00e9 mensaxe-y gustar\u00eda treslladar a les muyeres asturianes esti 25N, nesti d\u00eda tan importante?<\/p>\n<p><em>\u2014Nun s\u00e9 si&#8217;l mensaxe que quiero tresmitir va nam\u00e1 dirix\u00edu a les muyeres, porque munches vegaes enfocamos principalmente nelles. Creo que ye fundamental que les muyeres cunten colos recursos necesarios y sepan que tamos ende pa sofitales. Pero tami\u00e9n me gustar\u00eda unviar un mensaxe a los agresores: ellos siempres nos van a tener enfrente. Como socied\u00e1, el mensaxe ye doble: per un sitiu, que les v\u00edctimes nun t\u00e1n soles y van recibir tol sofitu que precisen; y por otru, que los agresores van enfrentase a n\u00f3s y vamos utilizar toles ferramientes disponibles p&#8217;actuar contra ellos.<\/em><\/p>\n<p>&nbsp;<\/p>\n","protected":false},"excerpt":{"rendered":"<p>Vanesa Fern\u00e1ndez, la nueva directora xeneral d&#8217;Iguald\u00e1 d&#8217;Asturies, analiza los principales retos qu&#8217;enfrenta la rex\u00f3n y les meyores llograes hasta la fecha para algamar una equid\u00e1 real.\u2060 \u00abVivimos n&#8217;una socied\u00e1 patriarcal na que cuesta enforma qu&#8217;esos cambeos producwnse de manera r\u00e1pida; avancen bien adulces\u00bb.\u2060 \u2712\ufe0f Esther Rodr\u00edguez\u2060\/\ud83d\udcf8 H\u00e9ctor Herrer\u00eda\u2060 \/ La Voz<\/p>\n","protected":false},"author":117,"featured_media":0,"comment_status":"closed","ping_status":"closed","sticky":false,"template":"","format":"standard","meta":{"footnotes":""},"categories":[137],"tags":[],"class_list":["post-62219","post","type-post","status-publish","format-standard","hentry","category-igualda"],"_links":{"self":[{"href":"https:\/\/edublog.educastur.es\/ixuxu\/wp-json\/wp\/v2\/posts\/62219","targetHints":{"allow":["GET"]}}],"collection":[{"href":"https:\/\/edublog.educastur.es\/ixuxu\/wp-json\/wp\/v2\/posts"}],"about":[{"href":"https:\/\/edublog.educastur.es\/ixuxu\/wp-json\/wp\/v2\/types\/post"}],"author":[{"embeddable":true,"href":"https:\/\/edublog.educastur.es\/ixuxu\/wp-json\/wp\/v2\/users\/117"}],"replies":[{"embeddable":true,"href":"https:\/\/edublog.educastur.es\/ixuxu\/wp-json\/wp\/v2\/comments?post=62219"}],"version-history":[{"count":4,"href":"https:\/\/edublog.educastur.es\/ixuxu\/wp-json\/wp\/v2\/posts\/62219\/revisions"}],"predecessor-version":[{"id":62237,"href":"https:\/\/edublog.educastur.es\/ixuxu\/wp-json\/wp\/v2\/posts\/62219\/revisions\/62237"}],"wp:attachment":[{"href":"https:\/\/edublog.educastur.es\/ixuxu\/wp-json\/wp\/v2\/media?parent=62219"}],"wp:term":[{"taxonomy":"category","embeddable":true,"href":"https:\/\/edublog.educastur.es\/ixuxu\/wp-json\/wp\/v2\/categories?post=62219"},{"taxonomy":"post_tag","embeddable":true,"href":"https:\/\/edublog.educastur.es\/ixuxu\/wp-json\/wp\/v2\/tags?post=62219"}],"curies":[{"name":"wp","href":"https:\/\/api.w.org\/{rel}","templated":true}]}}