{"id":62222,"date":"2025-11-21T14:00:01","date_gmt":"2025-11-21T12:00:01","guid":{"rendered":"https:\/\/edublog.educastur.es\/ixuxu\/?p=62222"},"modified":"2025-11-23T20:45:15","modified_gmt":"2025-11-23T18:45:15","slug":"lamaguestu-nel-colexu-carmen-ruiz-tilve-de-la-corredoria","status":"publish","type":"post","link":"https:\/\/edublog.educastur.es\/ixuxu\/2025\/11\/lamaguestu-nel-colexu-carmen-ruiz-tilve-de-la-corredoria\/","title":{"rendered":"L&#8217;amag\u00fcestu nel colexu Carmen Ruiz-Tilve de La Corredoria"},"content":{"rendered":"<p>LNE.es \/ <strong><span style=\"color: #008080\"><em>&#8216;Faime muncha ilusi\u00f3n que cunten conmigo para participar nesti tipu d&#8217;eventos, el centru ta entorn\u00e1u cola llingua asturiana y con la nuesa cultura&#8217;,<\/em><\/span><\/strong> esplic\u00f3 Anabel Santiago. <a href=\"https:\/\/www.lne.es\/oviedo\/la-corredoria\/2025\/11\/21\/tonada-80-kilos-castanas-celebrar-123985714.html?utm_content=imagen&amp;utm_medium=social&amp;utm_campaign=echobox&amp;utm_source=Facebook&amp;fbclid=IwY2xjawOQNRtleHRuA2FlbQIxMABicmlkETAwQ1JTV1NVUnZLT09LSlJCc3J0YwZhcHBfaWQQMjIyMDM5MTc4ODIwMDg5MgABHjEqGCi7xVYhZDFo7GRj4C6aCEgEbocao_sCeRItXOnS0VWDf4V16zuCPj-D_aem_3hrQ9rEhLB8E3JcAMT_q8Q#Echobox=1763809021\">Enllaz noticia LNE<\/a> \/<\/p>\n<p style=\"text-align: center\"><a href=\"https:\/\/estaticos-cdn.prensaiberica.es\/clip\/5db161dd-bf3c-4e84-a403-51ffc3163e42_16-9-discover-aspect-ratio_default_0.webp\"><img loading=\"lazy\" decoding=\"async\" class=\"aligncenter size-large\" src=\"https:\/\/estaticos-cdn.prensaiberica.es\/clip\/5db161dd-bf3c-4e84-a403-51ffc3163e42_16-9-discover-aspect-ratio_default_0.webp\" width=\"1200\" height=\"675\" \/><\/a><\/p>\n<p style=\"text-align: center\"><em>Tonada y 80 quilos de casta\u00f1es para celebrar l&#8217;amag\u00fcestu nel colexu Carmen Ruiz Tilve de La Corredoria.<\/em><\/p>\n<p><!--more--><\/p>\n<p style=\"text-align: center\">\n<!-- iframe plugin v.6.0 wordpress.org\/plugins\/iframe\/ -->\n<iframe loading=\"lazy\" src=\"https:\/\/www.facebook.com\/plugins\/post.php?href=https%3A%2F%2Fwww.facebook.com%2Fnuevaespana%2Fposts%2Fpfbid02mHJsmHkaeQMWMwCZG1tbJ9jv8vR6oAi4Ukg8Ptgq2uVKrgXiEnbAwKdvvpu8R93el&#038;show_text=false&#038;width=500\" width=\"500\" height=\"498\" style=\"border:none;overflow:hidden\" scrolling=\"no\" frameborder=\"0\" allowfullscreen=\"true\" allow=\"autoplay; clipboard-write; encrypted-media; picture-in-picture; web-share\" 0=\"\/iframe\" class=\"iframe-class\"><\/iframe>\n<\/p>\n","protected":false},"excerpt":{"rendered":"<p>LNE.es \/ &#8216;Faime muncha ilusi\u00f3n que cunten conmigo para participar nesti tipu d&#8217;eventos, el centru ta entorn\u00e1u cola llingua asturiana y con la nuesa cultura&#8217;, esplic\u00f3 Anabel Santiago. Enllaz noticia LNE \/ Tonada y 80 quilos de casta\u00f1es para celebrar l&#8217;amag\u00fcestu nel colexu Carmen Ruiz Tilve de La Corredoria.<\/p>\n","protected":false},"author":117,"featured_media":0,"comment_status":"closed","ping_status":"closed","sticky":false,"template":"","format":"standard","meta":{"footnotes":""},"categories":[64],"tags":[],"class_list":["post-62222","post","type-post","status-publish","format-standard","hentry","category-carmen-ruiz-tilve"],"_links":{"self":[{"href":"https:\/\/edublog.educastur.es\/ixuxu\/wp-json\/wp\/v2\/posts\/62222","targetHints":{"allow":["GET"]}}],"collection":[{"href":"https:\/\/edublog.educastur.es\/ixuxu\/wp-json\/wp\/v2\/posts"}],"about":[{"href":"https:\/\/edublog.educastur.es\/ixuxu\/wp-json\/wp\/v2\/types\/post"}],"author":[{"embeddable":true,"href":"https:\/\/edublog.educastur.es\/ixuxu\/wp-json\/wp\/v2\/users\/117"}],"replies":[{"embeddable":true,"href":"https:\/\/edublog.educastur.es\/ixuxu\/wp-json\/wp\/v2\/comments?post=62222"}],"version-history":[{"count":1,"href":"https:\/\/edublog.educastur.es\/ixuxu\/wp-json\/wp\/v2\/posts\/62222\/revisions"}],"predecessor-version":[{"id":62223,"href":"https:\/\/edublog.educastur.es\/ixuxu\/wp-json\/wp\/v2\/posts\/62222\/revisions\/62223"}],"wp:attachment":[{"href":"https:\/\/edublog.educastur.es\/ixuxu\/wp-json\/wp\/v2\/media?parent=62222"}],"wp:term":[{"taxonomy":"category","embeddable":true,"href":"https:\/\/edublog.educastur.es\/ixuxu\/wp-json\/wp\/v2\/categories?post=62222"},{"taxonomy":"post_tag","embeddable":true,"href":"https:\/\/edublog.educastur.es\/ixuxu\/wp-json\/wp\/v2\/tags?post=62222"}],"curies":[{"name":"wp","href":"https:\/\/api.w.org\/{rel}","templated":true}]}}