{"id":62264,"date":"2025-11-20T22:45:32","date_gmt":"2025-11-20T20:45:32","guid":{"rendered":"https:\/\/edublog.educastur.es\/ixuxu\/?p=62264"},"modified":"2025-11-23T22:09:47","modified_gmt":"2025-11-23T20:09:47","slug":"sotres-cubiertu-de-blancu","status":"publish","type":"post","link":"https:\/\/edublog.educastur.es\/ixuxu\/2025\/11\/sotres-cubiertu-de-blancu\/","title":{"rendered":"Sotres cubiertu de blancu"},"content":{"rendered":"<p>L&#8217;anochar de cuentu navidiegu\u00bb nun Pueblu Exemplar d&#8217;Asturies: Sotres cubiertu de blancu \u27a1\ufe0f El fot\u00f3grafu asturianu <strong>Alfonso Tom\u00e1s<\/strong> capta un momentu m\u00e1xicu n&#8217;una de les zones d&#8217;Asturies qu&#8217;ayeri se cubri\u00f3 de nieve tres el pasu de la primer envernada de la seronda.<\/p>\n<p style=\"text-align: center\">\n<!-- iframe plugin v.6.0 wordpress.org\/plugins\/iframe\/ -->\n<iframe loading=\"lazy\" src=\"https:\/\/www.facebook.com\/plugins\/video.php?height=476&#038;href=https%3A%2F%2Fwww.facebook.com%2Freel%2F813129004943153%2F&#038;show_text=false&#038;width=267&#038;t=0\" width=\"267\" height=\"476\" style=\"border:none;overflow:hidden\" scrolling=\"no\" frameborder=\"0\" allowfullscreen=\"true\" allow=\"autoplay; clipboard-write; encrypted-media; picture-in-picture; web-share\" 0=\"\/iframe\" class=\"iframe-class\"><\/iframe>\n<\/p>\n<p>&nbsp;<\/p>\n<p>&nbsp;<\/p>\n","protected":false},"excerpt":{"rendered":"<p>L&#8217;anochar de cuentu navidiegu\u00bb nun Pueblu Exemplar d&#8217;Asturies: Sotres cubiertu de blancu \u27a1\ufe0f El fot\u00f3grafu asturianu Alfonso Tom\u00e1s capta un momentu m\u00e1xicu n&#8217;una de les zones d&#8217;Asturies qu&#8217;ayeri se cubri\u00f3 de nieve tres el pasu de la primer envernada de la seronda. &nbsp; &nbsp;<\/p>\n","protected":false},"author":117,"featured_media":0,"comment_status":"closed","ping_status":"closed","sticky":false,"template":"","format":"standard","meta":{"footnotes":""},"categories":[17],"tags":[],"class_list":["post-62264","post","type-post","status-publish","format-standard","hentry","category-semeyes"],"_links":{"self":[{"href":"https:\/\/edublog.educastur.es\/ixuxu\/wp-json\/wp\/v2\/posts\/62264","targetHints":{"allow":["GET"]}}],"collection":[{"href":"https:\/\/edublog.educastur.es\/ixuxu\/wp-json\/wp\/v2\/posts"}],"about":[{"href":"https:\/\/edublog.educastur.es\/ixuxu\/wp-json\/wp\/v2\/types\/post"}],"author":[{"embeddable":true,"href":"https:\/\/edublog.educastur.es\/ixuxu\/wp-json\/wp\/v2\/users\/117"}],"replies":[{"embeddable":true,"href":"https:\/\/edublog.educastur.es\/ixuxu\/wp-json\/wp\/v2\/comments?post=62264"}],"version-history":[{"count":2,"href":"https:\/\/edublog.educastur.es\/ixuxu\/wp-json\/wp\/v2\/posts\/62264\/revisions"}],"predecessor-version":[{"id":62266,"href":"https:\/\/edublog.educastur.es\/ixuxu\/wp-json\/wp\/v2\/posts\/62264\/revisions\/62266"}],"wp:attachment":[{"href":"https:\/\/edublog.educastur.es\/ixuxu\/wp-json\/wp\/v2\/media?parent=62264"}],"wp:term":[{"taxonomy":"category","embeddable":true,"href":"https:\/\/edublog.educastur.es\/ixuxu\/wp-json\/wp\/v2\/categories?post=62264"},{"taxonomy":"post_tag","embeddable":true,"href":"https:\/\/edublog.educastur.es\/ixuxu\/wp-json\/wp\/v2\/tags?post=62264"}],"curies":[{"name":"wp","href":"https:\/\/api.w.org\/{rel}","templated":true}]}}