{"id":62268,"date":"2025-11-23T15:27:59","date_gmt":"2025-11-23T13:27:59","guid":{"rendered":"https:\/\/edublog.educastur.es\/ixuxu\/?p=62268"},"modified":"2025-11-23T22:28:56","modified_gmt":"2025-11-23T20:28:56","slug":"los-cubos-de-la-memoria-recuperen-color-en-llanes","status":"publish","type":"post","link":"https:\/\/edublog.educastur.es\/ixuxu\/2025\/11\/los-cubos-de-la-memoria-recuperen-color-en-llanes\/","title":{"rendered":"Los Cubos de la Memoria recuperen color en Llanes"},"content":{"rendered":"<p style=\"text-align: center\"><a href=\"https:\/\/www.rtpa.es\/fotos\/\/25\/11\/20251123131831_RTPA7383740.webp\"><img loading=\"lazy\" decoding=\"async\" class=\"aligncenter size-large\" src=\"https:\/\/www.rtpa.es\/fotos\/\/25\/11\/20251123131831_RTPA7383740.webp\" width=\"853\" height=\"480\" \/><\/a><\/p>\n<p><a href=\"https:\/\/www.rtpa.es\/noticias-asturias-ast\/2025-11-23\/Los-Cubos-de-la-Memoria-recuperen-color-en-Llanes_111763901130.html\">TPA<\/a> \/\u00a0Los trabayos t\u00e1n financiaos polos fondos Next Generation. Una docena de Cubos de la Memoria y\u00e1 t\u00e1n restauraos. Esta selmana, una empresa especializada entam\u00f3 a repintar la obra d\u2019Ibarrola y el camb\u00e9u n\u00f3tase. Actuar\u00e1n sobre les 300 cares de los 130 bloques de formig\u00f3n que formen la primer fase. Los trabayos fueron axudicaos por m\u00e1s de 150.000 euros y t\u00e1n financiaos polos fondos Next Generation.<\/p>\n","protected":false},"excerpt":{"rendered":"<p>TPA \/\u00a0Los trabayos t\u00e1n financiaos polos fondos Next Generation. Una docena de Cubos de la Memoria y\u00e1 t\u00e1n restauraos. Esta selmana, una empresa especializada entam\u00f3 a repintar la obra d\u2019Ibarrola y el camb\u00e9u n\u00f3tase. Actuar\u00e1n sobre les 300 cares de los 130 bloques de formig\u00f3n que formen la primer fase. Los trabayos fueron axudicaos por [&hellip;]<\/p>\n","protected":false},"author":117,"featured_media":0,"comment_status":"closed","ping_status":"closed","sticky":false,"template":"","format":"standard","meta":{"footnotes":""},"categories":[89],"tags":[],"class_list":["post-62268","post","type-post","status-publish","format-standard","hentry","category-arte"],"_links":{"self":[{"href":"https:\/\/edublog.educastur.es\/ixuxu\/wp-json\/wp\/v2\/posts\/62268","targetHints":{"allow":["GET"]}}],"collection":[{"href":"https:\/\/edublog.educastur.es\/ixuxu\/wp-json\/wp\/v2\/posts"}],"about":[{"href":"https:\/\/edublog.educastur.es\/ixuxu\/wp-json\/wp\/v2\/types\/post"}],"author":[{"embeddable":true,"href":"https:\/\/edublog.educastur.es\/ixuxu\/wp-json\/wp\/v2\/users\/117"}],"replies":[{"embeddable":true,"href":"https:\/\/edublog.educastur.es\/ixuxu\/wp-json\/wp\/v2\/comments?post=62268"}],"version-history":[{"count":1,"href":"https:\/\/edublog.educastur.es\/ixuxu\/wp-json\/wp\/v2\/posts\/62268\/revisions"}],"predecessor-version":[{"id":62269,"href":"https:\/\/edublog.educastur.es\/ixuxu\/wp-json\/wp\/v2\/posts\/62268\/revisions\/62269"}],"wp:attachment":[{"href":"https:\/\/edublog.educastur.es\/ixuxu\/wp-json\/wp\/v2\/media?parent=62268"}],"wp:term":[{"taxonomy":"category","embeddable":true,"href":"https:\/\/edublog.educastur.es\/ixuxu\/wp-json\/wp\/v2\/categories?post=62268"},{"taxonomy":"post_tag","embeddable":true,"href":"https:\/\/edublog.educastur.es\/ixuxu\/wp-json\/wp\/v2\/tags?post=62268"}],"curies":[{"name":"wp","href":"https:\/\/api.w.org\/{rel}","templated":true}]}}