{"id":62270,"date":"2025-11-23T15:20:51","date_gmt":"2025-11-23T13:20:51","guid":{"rendered":"https:\/\/edublog.educastur.es\/ixuxu\/?p=62270"},"modified":"2025-11-23T22:31:16","modified_gmt":"2025-11-23T20:31:16","slug":"el-confinamientu-xubel-costu-de-la-cria-de-pitos-de-caleya","status":"publish","type":"post","link":"https:\/\/edublog.educastur.es\/ixuxu\/2025\/11\/el-confinamientu-xubel-costu-de-la-cria-de-pitos-de-caleya\/","title":{"rendered":"El confinamientu xube&#8217;l costu de la cr\u00eda de pitos de caleya"},"content":{"rendered":"<p><a href=\"https:\/\/www.rtpa.es\/noticias-nacional-ast\/2025-11-22\/El-confinamientu-xube'l-costu-de-la-cria-de-pitos-de-caleya_111763816780.html\">TPA<\/a> \/ El gripe aviar va acabar n&#8217;Espa\u00f1a en dos o tres selmanes.<\/p>\n<p style=\"text-align: center\"><a href=\"https:\/\/www.rtpa.es\/fotos\/\/25\/11\/20251122130802_RTPA7381483.webp\"><img loading=\"lazy\" decoding=\"async\" class=\"aligncenter size-large\" src=\"https:\/\/www.rtpa.es\/fotos\/\/25\/11\/20251122130802_RTPA7381483.webp\" width=\"853\" height=\"480\" \/><\/a><\/p>\n<p><!--more--><\/p>\n<p><em>El repique de biltos de gripe aviar n&#8217;Europa va acabar n&#8217;Espa\u00f1a en dos o tres selmanes. Ye lo qu\u2019afita Juan Jos\u00e9 Badiola, unu de los mayores espertos en sal\u00fa animal. Afita que&#8217;l riesgu alimentariu ye m\u00ednimu. Sorraya tami\u00e9n qu&#8217;hai que tar alerta pa que siga ensin producise la tresmisi\u00f3n del virus ente humanos.<\/em><\/p>\n<p>Gr\u00faes, cor\u00edos monteses y cig\u00fce\u00f1es, que na seronda tornen dende&#8217;l norte d&#8217;Europa a \u00c1frica, y paren en r\u00edes, llagunes o banzaos p&#8217;alimentase y folgar. Son les aves tresmisores del virus H5N1, causante de la pandemia actual.<\/p>\n<p>Badiola fala del fin pr\u00f3ximu del biltu n&#8217;Espa\u00f1a. Se\u00f1ala que la muerte reci\u00e9n d&#8217;un raposu infest\u00e1u nuna llaguna ente Teruel y Zaragoza, nun ye daqu\u00e9 novedoso, pero s\u00ed accidental.<\/p>\n<section class=\"contenido \">\n<div class=\"container\">\n<div class=\"row\">\n<div class=\"col-lg-8 col-md-12 col-xs-12\" role=\"main\" aria-label=\"Bloque del titular, texto imagen o v\u00eddeo de la noticia\">\n<div id=\"noticiacompleta\" class=\"parragraph-padding font-c-conent\">\n<p>La esmolici\u00f3n cimera ye evitar la contaminaci\u00f3n de les aves monteses a les dom\u00e9stiques, qu&#8217;entre nes granxes. Y por eso&#8217;l confinamientu.<\/p>\n<p>Nestos tres a\u00f1os de pandemia animal, la mayor parte de les andaes en persones di\u00e9ronse en xente del sector.<\/p>\n<p>Nun hai evidencia cient\u00edfica, se\u00f1ala Badiola, de que&#8217;l virus tresm\u00edtese de persona a persona.<\/p>\n<p>Afita que nun hai riesgu alimentariu, inclusive nel casu improbable de consumir carne o g\u00fcevos contaminaos pol virus, siempres que tean bien cocinaos.<\/p>\n<p>Badiola llama, en cualquier casu, a tener muncha vixilancia.<\/p>\n<p><strong>Criadores de pitu de caleya conf\u00eden en poder salvar la campa\u00f1a de Navid\u00e1<\/strong><\/p>\n<p>Los pitos de caleya d&#8217;una esplotaci\u00f3n de Morc\u00edn lleven zarraos dende empiezos del mes, anque solo dende fai 10 d\u00edes ye obligatorio faelo en tol pa\u00eds. El so propietariu, Amador Garc\u00eda tom\u00f3 esta decisi\u00f3n por prudencia. Espera que nenguna de les sos aves se contaxe de gripe aviar, lo que supondr\u00eda sacrificar a tola esplotaci\u00f3n de m\u00e1s d&#8217;un millar d&#8217;exemplares. Sobre manera agora, tan cerca de les navidaes.<\/p>\n<p>Pel momentu, asegura que los sos veceros calti\u00e9nense y y\u00e1 hai encargos pa les fiestes.<\/p>\n<p>Otru problema ye que zarraos los sos pitos, comen m\u00e1s, lo que va suponer, si la situaci\u00f3n s\u2019allarga, un mayor costu en piensu.<\/p>\n<p>Y espera que de cara a los pr\u00f3ximos meses tampoco arraleza&#8217;l pitu pa criar, lo que-y obligar\u00eda a xubir el preciu.<\/p>\n<\/div>\n<\/div>\n<\/div>\n<\/div>\n<\/section>\n","protected":false},"excerpt":{"rendered":"<p>TPA \/ El gripe aviar va acabar n&#8217;Espa\u00f1a en dos o tres selmanes.<\/p>\n","protected":false},"author":117,"featured_media":0,"comment_status":"closed","ping_status":"closed","sticky":false,"template":"","format":"standard","meta":{"footnotes":""},"categories":[138],"tags":[],"class_list":["post-62270","post","type-post","status-publish","format-standard","hentry","category-alimentos"],"_links":{"self":[{"href":"https:\/\/edublog.educastur.es\/ixuxu\/wp-json\/wp\/v2\/posts\/62270","targetHints":{"allow":["GET"]}}],"collection":[{"href":"https:\/\/edublog.educastur.es\/ixuxu\/wp-json\/wp\/v2\/posts"}],"about":[{"href":"https:\/\/edublog.educastur.es\/ixuxu\/wp-json\/wp\/v2\/types\/post"}],"author":[{"embeddable":true,"href":"https:\/\/edublog.educastur.es\/ixuxu\/wp-json\/wp\/v2\/users\/117"}],"replies":[{"embeddable":true,"href":"https:\/\/edublog.educastur.es\/ixuxu\/wp-json\/wp\/v2\/comments?post=62270"}],"version-history":[{"count":1,"href":"https:\/\/edublog.educastur.es\/ixuxu\/wp-json\/wp\/v2\/posts\/62270\/revisions"}],"predecessor-version":[{"id":62271,"href":"https:\/\/edublog.educastur.es\/ixuxu\/wp-json\/wp\/v2\/posts\/62270\/revisions\/62271"}],"wp:attachment":[{"href":"https:\/\/edublog.educastur.es\/ixuxu\/wp-json\/wp\/v2\/media?parent=62270"}],"wp:term":[{"taxonomy":"category","embeddable":true,"href":"https:\/\/edublog.educastur.es\/ixuxu\/wp-json\/wp\/v2\/categories?post=62270"},{"taxonomy":"post_tag","embeddable":true,"href":"https:\/\/edublog.educastur.es\/ixuxu\/wp-json\/wp\/v2\/tags?post=62270"}],"curies":[{"name":"wp","href":"https:\/\/api.w.org\/{rel}","templated":true}]}}