{"id":62274,"date":"2025-11-23T20:00:59","date_gmt":"2025-11-23T18:00:59","guid":{"rendered":"https:\/\/edublog.educastur.es\/ixuxu\/?p=62274"},"modified":"2025-11-24T13:04:33","modified_gmt":"2025-11-24T11:04:33","slug":"anima-voices-gana-presencia-nel-panorama-internacional","status":"publish","type":"post","link":"https:\/\/edublog.educastur.es\/ixuxu\/2025\/11\/anima-voices-gana-presencia-nel-panorama-internacional\/","title":{"rendered":"\u00c1nima Voices gana presencia nel panorama internacional"},"content":{"rendered":"<div class=\"padding-t-35\">\n<p class=\"font-size-xxl margin-b-5 font-weight-b color-b-050 letter-spacing--1 fuente-corporativa\"><a href=\"https:\/\/www.animavoices.com\">https:\/\/www.animavoices.com<\/a>\/ El coru de ne\u00f1os y mozos <span style=\"color: #008080\"><strong>\u00c1nima Voices<\/strong><\/span> gana presencia nel panorama internacional.<a href=\"https:\/\/www.rtpa.es\/noticias-sociedad-ast\/2025-11-22\/El-coru-de-ne%C3%B1os-y-mozos-Anima-Voices-gana-presencia-nel-panorama-internacional_111763819225.html\"> TPA<\/a><\/p>\n<\/div>\n<div class=\"padding-t-0 padding-b-20\"><\/div>\n<div id=\"multimedia\" class=\"capa_imagen_player img-det-not\">\n<div id=\"mediaplayer\">\n<div id=\"video-a-reproducir2838697806\" class=\"video-js vjs-default-skin vjs-16-9 vjs-big-play-centered vjs-paused vjs-fluid video-a-reproducir2838697806-dimensions vjs-controls-enabled vjs-workinghover vjs-v8 vjs-user-active vjs-layout-medium vjs-hls-quality-selector\" lang=\"es\" role=\"region\" aria-label=\"Reproductor de Video\">\n<div class=\"vjs-poster\"><img decoding=\"async\" class=\"aligncenter\" src=\"https:\/\/www.rtpa.es\/fotos\/\/25\/11\/20251122135603_RTPA7381831.webp\" alt=\"\" \/><\/div>\n<div class=\"vjs-text-track-display\" aria-live=\"off\">\n<div><\/div>\n<\/div>\n<\/div>\n<\/div>\n<\/div>\n<div id=\"multimedia\" class=\"capa_imagen_player img-det-not\">\n<div id=\"mediaplayer\">\n<div id=\"video-a-reproducir2838697806\" class=\"video-js vjs-default-skin vjs-16-9 vjs-big-play-centered vjs-paused vjs-fluid video-a-reproducir2838697806-dimensions vjs-controls-enabled vjs-workinghover vjs-v8 vjs-user-active vjs-layout-medium vjs-hls-quality-selector\" lang=\"es\" role=\"region\" aria-label=\"Reproductor de Video\"><\/div>\n<\/div>\n<\/div>\n<div id=\"noticiacompleta\" class=\"parragraph-padding font-c-conent\">\n<p class=\"font-size-m padding-b-20 font-weight-b margin-t-16\">Los menores participar\u00e1n en Manchester nel mayor coru del mundu, con 10.000 miembros.<\/p>\n<p><!--more--><\/p>\n<p>Una trentena d\u2019artistes mozos lleven dos a\u00f1os y mediu siendo protagonistes d\u2019un coru \u00fanicu n\u2019Asturies. &#8216;\u00c1nima Voices&#8217; cunta con miembros de toa Asturies, d\u2019ente ocho y 14 a\u00f1os. Un proyectu multidisciplinar de voces blanques qu\u2019amiesta la m\u00fasica y la danza, pero tami\u00e9n el componente audiovisual.<\/p>\n<p>Un coru qu\u2019afrontar\u00e1 otra vuelta en febreru ser l\u2019\u00fanicu d\u2019Espa\u00f1a en participar nel eventu internacional &#8216;Young Voices&#8217;. El coru infantil m\u00e1s grande del mundu, onde 10.000 ne\u00f1os dar\u00e1nse cita en M\u00e1nchester nun macroconciertu \u00fanicu.<\/p>\n<p>L\u2019a\u00f1u pas\u00e1u y\u00e1 tuvieron la oportunid\u00e1 de participar nel eventu de Londres.<\/p>\n<p>Un eventu internacional de grandes dimensiones pero equ\u00ed, en casa, lleven meses enllenando escenarios. Conciertos solidarios, eventos festivos. Ap\u00fantense a too. Ye la pasi\u00f3n d\u2019un grupu d\u2019artistes mui din\u00e1micu. Un coru qu\u2019evoluciona col pasu de los meses al qu\u2019entren nuevos miembros constantemente.<\/p>\n<p>Artistes nun coru que cada vegada ye m\u00e1s internacional.<\/p>\n<p style=\"text-align: center\">\n<!-- iframe plugin v.6.0 wordpress.org\/plugins\/iframe\/ -->\n<iframe loading=\"lazy\" src=\"https:\/\/www.facebook.com\/plugins\/video.php?height=316&#038;href=https%3A%2F%2Fwww.facebook.com%2Freel%2F847741947635252%2F&#038;show_text=false&#038;width=560&#038;t=0\" width=\"560\" height=\"316\" style=\"border:none;overflow:hidden\" scrolling=\"no\" frameborder=\"0\" allowfullscreen=\"true\" allow=\"autoplay; clipboard-write; encrypted-media; picture-in-picture; web-share\" 0=\"\/iframe\" class=\"iframe-class\"><\/iframe>\n<\/p>\n<p style=\"text-align: center\"><a href=\"https:\/\/www.animavoices.com\/images\/3072_3628x1397_0_321\/11084111\/Luchafondonegro.jpg\"><img loading=\"lazy\" decoding=\"async\" class=\"aligncenter size-large\" src=\"https:\/\/www.animavoices.com\/images\/3072_3628x1397_0_321\/11084111\/Luchafondonegro.jpg\" width=\"2048\" height=\"789\" \/><\/a><a class=\"fr-deletable\" href=\"mailto:info@animavoices.com\" data-bind=\"customer.email\">info@animavoices.com <\/a><span class=\"fr-deletable\" data-bind=\"customer.phone\">+34<strong>684717278<\/strong><\/span><\/p>\n<\/div>\n<p><span style=\"color: #008080\"><em>Somos un coru de voces blanques, qu&#8217;axunta a ne\u00f1os y ne\u00f1es d&#8217;especial talentu. Nacemos coles mires de fomentar y desenvolver el talentu musical y art\u00edstico de los nuesos integrantes so par\u00e1metros profesionales. <strong>animAVoices<\/strong> pretende ser una formaci\u00f3n conectada a los nuesos tiempos y un proyectu art\u00edsticu multidisciplinar (interpretaci\u00f3n esc\u00e9nica, desenvolvimientu audiovisual, fotograf\u00eda, imaxe, dise\u00f1u y comunicaci\u00f3n, son aspeutos qu&#8217;angua\u00f1o van amestaos al fechu art\u00edsticu y conformen l&#8217;activid\u00e1 cotidiana del coru). Am\u00e1s, el fomentu de valores positivos y solidarios faen d&#8217;animAVoices muncho m\u00e1s qu&#8217;una simple agrupaci\u00f3n musical.<\/em><\/span><\/p>\n<p><span style=\"color: #008080\"><em>Nel coraz\u00f3n d&#8217;animAVoices, cada nota ye un reflexu de l&#8217;amist\u00e1 que nos xune. Los nuesos valores son les pilastres d&#8217;esta comunid\u00e1: l&#8217;amist\u00e1 que nos fai m\u00e1s fuertes, la creativid\u00e1 que nos impulsa a esquizar nuevos horizontes y la busca incesante de la excelencia que nos motiva a superanos costantemente. N&#8217;animAVoices, cada ensayu ye un viaxe onde los sua\u00f1os y les pasiones enxar\u00e9yense, creando un espaciu seguru y arriquecedor.<\/em><\/span><\/p>\n<p><span style=\"color: #008080\"><em>Non y\u00e1 formamos parte d&#8217;un coru, sin\u00f3n tami\u00e9n d&#8217;una familia na que cada voz tien el so llugar. Con n\u00f3s, vas afayar que la m\u00fasica non solo esc\u00fachase, sin\u00f3n que se siente, tresforma y xune. \u00a1Ye maraviyosu ser parte d&#8217;esta formosa esperiencia!<\/em><\/span><\/p>\n","protected":false},"excerpt":{"rendered":"<p>https:\/\/www.animavoices.com\/ El coru de ne\u00f1os y mozos \u00c1nima Voices gana presencia nel panorama internacional. TPA Los menores participar\u00e1n en Manchester nel mayor coru del mundu, con 10.000 miembros.<\/p>\n","protected":false},"author":117,"featured_media":0,"comment_status":"closed","ping_status":"closed","sticky":false,"template":"","format":"standard","meta":{"footnotes":""},"categories":[35],"tags":[],"class_list":["post-62274","post","type-post","status-publish","format-standard","hentry","category-musica"],"_links":{"self":[{"href":"https:\/\/edublog.educastur.es\/ixuxu\/wp-json\/wp\/v2\/posts\/62274","targetHints":{"allow":["GET"]}}],"collection":[{"href":"https:\/\/edublog.educastur.es\/ixuxu\/wp-json\/wp\/v2\/posts"}],"about":[{"href":"https:\/\/edublog.educastur.es\/ixuxu\/wp-json\/wp\/v2\/types\/post"}],"author":[{"embeddable":true,"href":"https:\/\/edublog.educastur.es\/ixuxu\/wp-json\/wp\/v2\/users\/117"}],"replies":[{"embeddable":true,"href":"https:\/\/edublog.educastur.es\/ixuxu\/wp-json\/wp\/v2\/comments?post=62274"}],"version-history":[{"count":2,"href":"https:\/\/edublog.educastur.es\/ixuxu\/wp-json\/wp\/v2\/posts\/62274\/revisions"}],"predecessor-version":[{"id":62287,"href":"https:\/\/edublog.educastur.es\/ixuxu\/wp-json\/wp\/v2\/posts\/62274\/revisions\/62287"}],"wp:attachment":[{"href":"https:\/\/edublog.educastur.es\/ixuxu\/wp-json\/wp\/v2\/media?parent=62274"}],"wp:term":[{"taxonomy":"category","embeddable":true,"href":"https:\/\/edublog.educastur.es\/ixuxu\/wp-json\/wp\/v2\/categories?post=62274"},{"taxonomy":"post_tag","embeddable":true,"href":"https:\/\/edublog.educastur.es\/ixuxu\/wp-json\/wp\/v2\/tags?post=62274"}],"curies":[{"name":"wp","href":"https:\/\/api.w.org\/{rel}","templated":true}]}}