{"id":62278,"date":"2025-11-24T08:40:22","date_gmt":"2025-11-24T06:40:22","guid":{"rendered":"https:\/\/edublog.educastur.es\/ixuxu\/?p=62278"},"modified":"2025-11-24T10:00:47","modified_gmt":"2025-11-24T08:00:47","slug":"estau-del-tiempu-llunes-24-de-payares","status":"publish","type":"post","link":"https:\/\/edublog.educastur.es\/ixuxu\/2025\/11\/estau-del-tiempu-llunes-24-de-payares\/","title":{"rendered":"Est\u00e1u del tiempu: llunes 24 de payares"},"content":{"rendered":"<div class=\"xu06os2 x1ok221b\">\n<div class=\"html-div xdj266r x14z9mp xat24cr x1lziwak xexx8yu xyri2b x18d9i69 x1c1uobl\" data-ad-rendering-role=\"profile_name\">\n<ul>\n<li id=\"_r_bt_\" class=\"html-h2 x14z9mp xat24cr x1lziwak xexx8yu xyri2b x18d9i69 x1c1uobl x1vvkbs x1heor9g x1qlqyl8 x1pd3egz x1a2a7pz x1gslohp x1yc453h\"><span class=\"x78zum5 x1q0g3np\"><span class=\"x1lliihq x6ikm8r x10wlt62 x1n2onr6 xlyipyv xuxw1ft\"><span class=\"xt0psk2\"><span class=\"xjp7ctv\"><a class=\"x1i10hfl xjbqb8w x1ejq31n x18oe1m7 x1sy0etr xstzfhl x972fbf x10w94by x1qhh985 x14e42zd x9f619 x1ypdohk xt0psk2 x3ct3a4 xdj266r x14z9mp xat24cr x1lziwak xexx8yu xyri2b x18d9i69 x1c1uobl x16tdsg8 x1hl2dhg xggy1nq x1a2a7pz xkrqix3 x1sur9pj xzsf02u x1s688f\" role=\"link\" href=\"https:\/\/www.facebook.com\/eltiempuenasturies?__cft__[0]=AZUchTSUz9gYZwmPw8SWCUMArgRlXpi1MSPlbWrpyBjwa0CyUCPW6iOoN-UtUQjFbXIM2YHK0R7_GMA_wflnfOKlt1cFYjV1OKMRox-f_MotLojJn2GYZkeJdV_H_BuesMcNas5STsXvZDDHlkWeQmyXnySF2fhjcbVW9ZRyeW7Q_VY7_pizYIIea5haGc39ivc&amp;__tn__=-UC%2CP-R\"><b class=\"html-b xdj266r x14z9mp xat24cr x1lziwak xexx8yu xyri2b x18d9i69 x1c1uobl x1hl2dhg x16tdsg8 x1vvkbs x1s688f\"><span class=\"html-span xdj266r x14z9mp xat24cr x1lziwak xexx8yu xyri2b x18d9i69 x1c1uobl x1hl2dhg x16tdsg8 x1vvkbs\">El Tiempu n&#8217;Asturies.<\/span><\/b><\/a><\/span><\/span><\/span><\/span><\/li>\n<\/ul>\n<\/div>\n<\/div>\n<div class=\"xu06os2 x1ok221b\"><\/div>\n<div class=\"html-div xdj266r x14z9mp xat24cr x1lziwak xexx8yu xyri2b x18d9i69 x1c1uobl\" dir=\"auto\">\n<div class=\"html-div xdj266r x14z9mp xat24cr x1lziwak xexx8yu xyri2b x18d9i69 x1c1uobl\" data-ad-rendering-role=\"story_message\">\n<div id=\"_r_bv_\" class=\"x1l90r2v x1iorvi4 x1g0dm76 xpdmqnj\" data-ad-comet-preview=\"message\" data-ad-preview=\"message\">\n<div class=\"x78zum5 xdt5ytf xz62fqu x16ldp7u\">\n<div class=\"xu06os2 x1ok221b\">\n<div class=\"html-div xdj266r x14z9mp xat24cr x1lziwak xexx8yu xyri2b x18d9i69 x1c1uobl\">\n<div class=\"x14z9mp xat24cr x1lziwak x1vvkbs xtlvy1s x126k92a\">\n<div dir=\"auto\" style=\"text-align: center\"><strong><em><span style=\"font-size: 20px\">\u00abTorna&#8217;l Nuberu\u00bb<\/span><\/em><\/strong><\/div>\n<div dir=\"auto\" style=\"text-align: center\">\n<!-- iframe plugin v.6.0 wordpress.org\/plugins\/iframe\/ -->\n<iframe loading=\"lazy\" src=\"https:\/\/www.facebook.com\/plugins\/post.php?href=https%3A%2F%2Fwww.facebook.com%2Feltiempuenasturies%2Fposts%2Fpfbid02t7QyCNB9qhfcCThteQEowEuGDxuuhzL5vFYcjUx5QkgexHLEeNwQDF8uVUgXADgtl&#038;show_text=false&#038;width=500\" width=\"500\" height=\"303\" style=\"border:none;overflow:hidden\" scrolling=\"no\" frameborder=\"0\" allowfullscreen=\"true\" allow=\"autoplay; clipboard-write; encrypted-media; picture-in-picture; web-share\" 0=\"\/iframe\" class=\"iframe-class\"><\/iframe>\n<\/div>\n<\/div>\n<div class=\"x14z9mp xat24cr x1lziwak x1vvkbs xtlvy1s x126k92a\">\n<div dir=\"auto\"><\/div>\n<\/div>\n<div class=\"x14z9mp xat24cr x1lziwak x1vvkbs xtlvy1s x126k92a\">\n<ul>\n<li dir=\"auto\"><strong><span style=\"color: #008080\">Alborecemos<\/span><\/strong> col cielu nuboso y dalguna gotera ya con unes temperatures que tan alrodiu de los 14\u00baC, rexistr\u00e1ndose nel puirtu Payares 4\u00baC.<\/li>\n<\/ul>\n<\/div>\n<div class=\"x14z9mp xat24cr x1lziwak x1vvkbs xtlvy1s x126k92a\">\n<ul>\n<li dir=\"auto\"><strong><span style=\"color: #008080\">G\u00fcei<\/span> <\/strong>la llegada d&#8217;un frente fr\u00edu va dexanos precipitaciones de calter moder\u00e1u a partir del mediud\u00eda, am\u00e1s d&#8217;un descensu de les temperatures. La cota de nieve va tar alta, solo nes cumes m\u00e1s altes de la cordelera perriba de los 2000m, pa dir baxando pali que pali hasta los 1300-1400m al finar el d\u00eda. L&#8217;aire rolar\u00e1 a componente noroeste y sedr\u00e1 sele en xeneral, sicas\u00ed en puntos del llitoral y zones altes pue soplar con dalguna racha moderada.<\/li>\n<\/ul>\n<p><!--more--><\/p>\n<\/div>\n<div class=\"x14z9mp xat24cr x1lziwak x1vvkbs xtlvy1s x126k92a\">\n<ul>\n<li dir=\"auto\"><strong><span style=\"color: #008080\">Ma\u00f1ana martes<\/span> <\/strong>vamos tener xarabatos intermitentes ente febles y moderaos y les temperatures van seguir baxando con una cota de nieve que rondar\u00e1 los 1300m. L&#8217;aire seguir\u00e1 siendo de componente noroeste con dalguna racha moderada nel llitoral y zones altes.<\/li>\n<\/ul>\n<\/div>\n<div class=\"x14z9mp xat24cr x1lziwak x1vvkbs xtlvy1s x126k92a\">\n<ul>\n<li dir=\"auto\"><strong><span style=\"color: #008080\">El mi\u00e9rcoles<\/span> <\/strong>va a caltenese&#8217;l cielu nuboso pero con mui poques posibilidaes de lluvia con unes temperatures que van camudar poco o subir\u00e1n llixeramente les m\u00e1simes col aire que sedr\u00e1 sele ya variable.<\/li>\n<\/ul>\n<\/div>\n<div class=\"x14z9mp xat24cr x1lziwak x1vvkbs xtlvy1s x126k92a\">\n<ul>\n<li dir=\"auto\"><strong><span style=\"color: #008080\">El xueves<\/span><\/strong> va seguir el cielu con intervalos nubosos y l&#8217;ambiente fresco y paez que la fin de selmana pue afeutanos otra vaguada que mos dexar\u00e1 precipitaciones y nevaes pela cordelera pero esto y\u00e1 lu diremos viendo.<\/li>\n<\/ul>\n<\/div>\n<\/div>\n<\/div>\n<\/div>\n<\/div>\n<\/div>\n<\/div>\n<p>&nbsp;<\/p>\n","protected":false},"excerpt":{"rendered":"<p>El Tiempu n&#8217;Asturies. \u00abTorna&#8217;l Nuberu\u00bb Alborecemos col cielu nuboso y dalguna gotera ya con unes temperatures que tan alrodiu de los 14\u00baC, rexistr\u00e1ndose nel puirtu Payares 4\u00baC. G\u00fcei la llegada d&#8217;un frente fr\u00edu va dexanos precipitaciones de calter moder\u00e1u a partir del mediud\u00eda, am\u00e1s d&#8217;un descensu de les temperatures. La cota de nieve va tar [&hellip;]<\/p>\n","protected":false},"author":117,"featured_media":0,"comment_status":"closed","ping_status":"closed","sticky":false,"template":"","format":"standard","meta":{"footnotes":""},"categories":[5],"tags":[],"class_list":["post-62278","post","type-post","status-publish","format-standard","hentry","category-tiempu"],"_links":{"self":[{"href":"https:\/\/edublog.educastur.es\/ixuxu\/wp-json\/wp\/v2\/posts\/62278","targetHints":{"allow":["GET"]}}],"collection":[{"href":"https:\/\/edublog.educastur.es\/ixuxu\/wp-json\/wp\/v2\/posts"}],"about":[{"href":"https:\/\/edublog.educastur.es\/ixuxu\/wp-json\/wp\/v2\/types\/post"}],"author":[{"embeddable":true,"href":"https:\/\/edublog.educastur.es\/ixuxu\/wp-json\/wp\/v2\/users\/117"}],"replies":[{"embeddable":true,"href":"https:\/\/edublog.educastur.es\/ixuxu\/wp-json\/wp\/v2\/comments?post=62278"}],"version-history":[{"count":1,"href":"https:\/\/edublog.educastur.es\/ixuxu\/wp-json\/wp\/v2\/posts\/62278\/revisions"}],"predecessor-version":[{"id":62279,"href":"https:\/\/edublog.educastur.es\/ixuxu\/wp-json\/wp\/v2\/posts\/62278\/revisions\/62279"}],"wp:attachment":[{"href":"https:\/\/edublog.educastur.es\/ixuxu\/wp-json\/wp\/v2\/media?parent=62278"}],"wp:term":[{"taxonomy":"category","embeddable":true,"href":"https:\/\/edublog.educastur.es\/ixuxu\/wp-json\/wp\/v2\/categories?post=62278"},{"taxonomy":"post_tag","embeddable":true,"href":"https:\/\/edublog.educastur.es\/ixuxu\/wp-json\/wp\/v2\/tags?post=62278"}],"curies":[{"name":"wp","href":"https:\/\/api.w.org\/{rel}","templated":true}]}}