{"id":62299,"date":"2025-11-25T08:30:13","date_gmt":"2025-11-25T06:30:13","guid":{"rendered":"https:\/\/edublog.educastur.es\/ixuxu\/?p=62299"},"modified":"2025-11-25T10:11:43","modified_gmt":"2025-11-25T08:11:43","slug":"el-tiempu-el-comercio-193","status":"publish","type":"post","link":"https:\/\/edublog.educastur.es\/ixuxu\/2025\/11\/el-tiempu-el-comercio-193\/","title":{"rendered":"El tiempu (El Comercio)"},"content":{"rendered":"<p style=\"text-align: center\"><a href=\"https:\/\/s1.ppllstatics.com\/elcomercio\/www\/multimedia\/2025\/11\/24\/prevision-tiempo-asturias-kypH-U2302588077118HVD-1200x870@El%20Comercio.jpg\"><img loading=\"lazy\" decoding=\"async\" class=\"aligncenter size-large\" src=\"https:\/\/s1.ppllstatics.com\/elcomercio\/www\/multimedia\/2025\/11\/24\/prevision-tiempo-asturias-kypH-U2302588077118HVD-1200x870@El%20Comercio.jpg\" width=\"1200\" height=\"870\" \/><\/a><\/p>\n<p>Esperamos una xornada nubosa mientres tol d\u00eda. Estes nubes van dexar precipitaciones que van poder ser localmente moderaes y que van tar presentes tantu pela ma\u00f1ana como pela tarde. La cota de nieve va rondar los 1200\/1300 metros a lo llargo de too el martes. Les <strong>temperatures m\u00e1ximes<\/strong> van baxar hasta 4 o 5 \u00baC nel terciu sur asturianu, hasta 2 o 3 \u00baC nel restu del interior, y bien llixeramente na mari\u00f1a. <strong>Les m\u00ednimes<\/strong> van ser bien similares a les del llunes o, s\u00eda que non, un pocu m\u00e1s baxes en zones del centru del Princip\u00e1u. Los vientos van soplar de noroeste con raches moderaes.<\/p>\n<p><!--more--><\/p>\n<p>El mi\u00e9rcoles preve un tiempu m\u00e1s estable anque ent\u00e1 van predominar les nubes, anque podr\u00eden acabar abrise claros a la fin. Les precipitaciones van ser menos probables pero nun se refuga que puedan escapase sele, sobremanera nel oriente y pela ma\u00f1ana.<\/p>\n<p>Les temperatures m\u00e1ximes van xubir llixeramente nel interior y van caltenese na mari\u00f1a. Les m\u00ednimes nun van esperimentar cambeos importantes. Los vientos van ser fluexos y variables.<\/p>\n<p>El xueves va ser una xornada estable na que van predominar los grandes claros y les m\u00e1ximes van empezar a xubir.<\/p>\n","protected":false},"excerpt":{"rendered":"<p>Esperamos una xornada nubosa mientres tol d\u00eda. Estes nubes van dexar precipitaciones que van poder ser localmente moderaes y que van tar presentes tantu pela ma\u00f1ana como pela tarde. La cota de nieve va rondar los 1200\/1300 metros a lo llargo de too el martes. Les temperatures m\u00e1ximes van baxar hasta 4 o 5 \u00baC [&hellip;]<\/p>\n","protected":false},"author":117,"featured_media":0,"comment_status":"closed","ping_status":"closed","sticky":false,"template":"","format":"standard","meta":{"footnotes":""},"categories":[5],"tags":[],"class_list":["post-62299","post","type-post","status-publish","format-standard","hentry","category-tiempu"],"_links":{"self":[{"href":"https:\/\/edublog.educastur.es\/ixuxu\/wp-json\/wp\/v2\/posts\/62299","targetHints":{"allow":["GET"]}}],"collection":[{"href":"https:\/\/edublog.educastur.es\/ixuxu\/wp-json\/wp\/v2\/posts"}],"about":[{"href":"https:\/\/edublog.educastur.es\/ixuxu\/wp-json\/wp\/v2\/types\/post"}],"author":[{"embeddable":true,"href":"https:\/\/edublog.educastur.es\/ixuxu\/wp-json\/wp\/v2\/users\/117"}],"replies":[{"embeddable":true,"href":"https:\/\/edublog.educastur.es\/ixuxu\/wp-json\/wp\/v2\/comments?post=62299"}],"version-history":[{"count":1,"href":"https:\/\/edublog.educastur.es\/ixuxu\/wp-json\/wp\/v2\/posts\/62299\/revisions"}],"predecessor-version":[{"id":62300,"href":"https:\/\/edublog.educastur.es\/ixuxu\/wp-json\/wp\/v2\/posts\/62299\/revisions\/62300"}],"wp:attachment":[{"href":"https:\/\/edublog.educastur.es\/ixuxu\/wp-json\/wp\/v2\/media?parent=62299"}],"wp:term":[{"taxonomy":"category","embeddable":true,"href":"https:\/\/edublog.educastur.es\/ixuxu\/wp-json\/wp\/v2\/categories?post=62299"},{"taxonomy":"post_tag","embeddable":true,"href":"https:\/\/edublog.educastur.es\/ixuxu\/wp-json\/wp\/v2\/tags?post=62299"}],"curies":[{"name":"wp","href":"https:\/\/api.w.org\/{rel}","templated":true}]}}